{"id":647188,"date":"2026-01-07T13:44:28","date_gmt":"2026-01-07T13:44:28","guid":{"rendered":"https:\/\/www.europesays.com\/fr\/647188\/"},"modified":"2026-01-07T13:44:28","modified_gmt":"2026-01-07T13:44:28","slug":"venezuela-un-petrolier-poursuivi-par-les-usa-va-etre-escorte-par-les-russes","status":"publish","type":"post","link":"https:\/\/www.europesays.com\/fr\/647188\/","title":{"rendered":"Venezuela: Un p\u00e9trolier poursuivi par les USA va \u00eatre escort\u00e9 par les Russes"},"content":{"rendered":"<p>Actualis\u00e97. janvier 2026, 14:22<\/p>\n<p>Venezuela: Un p\u00e9trolier poursuivi par les USA va \u00eatre escort\u00e9 par les Russes<\/p>\n<p>Un sous-marin a notamment \u00e9t\u00e9 envoy\u00e9 pour prot\u00e9ger le navire dont les \u00c9tats-Unis veulent prendre le contr\u00f4le.<\/p>\n<p><img loading=\"lazy\" decoding=\"async\" src=\"https:\/\/www.europesays.com\/fr\/wp-content\/uploads\/2026\/01\/adec236d-430f-4523-9264-340fce970653.png\" alt=\"Le Bella 1 a \u00e9t\u00e9 rebaptis\u00e9 Marinera et bat d\u00e9sormais pavillon russe.\" title=\"Le Bella 1 a \u00e9t\u00e9 rebaptis\u00e9 Marinera et bat d\u00e9sormais pavillon russe.\"  width=\"578\" height=\"373\"\/><\/p>\n<p>Le Bella 1 a \u00e9t\u00e9 rebaptis\u00e9 Marinera et bat d\u00e9sormais pavillon russe.<\/p>\n<p>Department of Homeland Security<\/p>\n<p>La Russie a envoy\u00e9 au moins un b\u00e2timent de sa marine pour escorter un p\u00e9trolier poursuivi dans l\u2019Atlantique par les \u00c9tats-Unis dans le cadre de leur blocus contre des p\u00e9troliers li\u00e9s au Venezuela, ont rapport\u00e9 mercredi plusieurs m\u00e9dias am\u00e9ricains dont le \u00abWall Street Journal\u00bb.<\/p>\n<p>Moscou a d\u00e9p\u00each\u00e9 \u00abun sous-marin et d\u2019autres moyens navals\u00bb, \u00e9crit le quotidien, citant un responsable am\u00e9ricain non identifi\u00e9 \u2013 une information \u00e9galement rapport\u00e9e par CBS et le \u00abNew York Times\u00bb. Les m\u00e9dias ont ensuite annonc\u00e9 qu&rsquo;une op\u00e9ration des forces am\u00e9ricaines pour prendre le contr\u00f4le du p\u00e9trolier \u00e9tait en cours.<\/p>\n<p>Les \u00c9tats-Unis avaient annonc\u00e9 fin d\u00e9cembre, avant de capturer le pr\u00e9sident Nicol\u00e1s Maduro, la mise en place d\u2019un blocus naval autour du pays contre des p\u00e9troliers pr\u00e9tendument sous sanctions. Ils en ont d\u00e9j\u00e0 saisi deux, soup\u00e7onn\u00e9s par Washington de transporter du p\u00e9trole v\u00e9n\u00e9zu\u00e9lien soumis \u00e0 des sanctions.<\/p>\n<p>Le navire, Bella 1 de son nom d\u2019origine, est sous sanctions am\u00e9ricaines depuis 2024 pour ses liens pr\u00e9sum\u00e9s avec l\u2019Iran et le groupe chiite libanais Hezbollah. Rebaptis\u00e9 depuis peu Marinera et battant d\u00e9sormais pavillon russe, il se trouvait mercredi matin dans la zone \u00e9conomique exclusive de l\u2019Islande, apr\u00e8s une travers\u00e9e de l\u2019oc\u00e9an Atlantique dans les eaux internationales, selon les donn\u00e9es de suivi maritime de Bloomberg.<\/p>\n<p>Le p\u00e9trolier est poursuivi depuis le 21 d\u00e9cembre par les gardes-c\u00f4tes am\u00e9ricains, alors qu\u2019il \u00e9tait en route pour le Venezuela et ne transportait pas de cargaison, selon le site sp\u00e9cialis\u00e9 TankerTrackers. Le p\u00e9trolier poursuivi fait partie d\u2019une flotte clandestine qui a transport\u00e9 du p\u00e9trole pour la Russie, l\u2019Iran et le Venezuela en violation des sanctions impos\u00e9es par les \u00c9tats-Unis et d\u2019autres pays, selon Washington.<\/p>\n<p>Une attention \u00abmanifestement disproportionn\u00e9e\u00bb<\/p>\n<p>Dans une d\u00e9claration ant\u00e9rieure aux informations publi\u00e9es par les m\u00e9dias am\u00e9ricains, le minist\u00e8re russe des Affaires \u00e9trang\u00e8res a d\u00e9clar\u00e9 mardi qu\u2019il suivait \u00abavec inqui\u00e9tude\u00bb la situation. \u00abPour des raisons qui nous \u00e9chappent, le navire russe suscite une attention accrue de la part des arm\u00e9es am\u00e9ricaine et de l\u2019OTAN \u2013 une attention manifestement disproportionn\u00e9e au regard de son statut pacifique\u00bb, a dit le minist\u00e8re.<\/p>\n<p>Deux autres p\u00e9troliers, l\u2019Hyperion et le Premier, sous sanctions am\u00e9ricaines et qui ont \u00e9mis un signal en mer des Cara\u00efbes proche du Venezuela dans la semaine \u00e9coul\u00e9e, sont \u00e9galement pass\u00e9s sous drapeau russe en d\u00e9cembre.<\/p>\n<p>L\u2019Hyperion faisait route mercredi matin dans l\u2019Atlantique avec pour destination le port d\u2019Oust-Louga (Russie), selon ses informations de navigation, tandis que le Premier partageait une position dans la mer des Cara\u00efbes.<\/p>\n<p>Trois autres p\u00e9troliers sanctionn\u00e9s identifi\u00e9s par l\u2019AFP mi-d\u00e9cembre pr\u00e8s du Venezuela apparaissaient mercredi sous pavillon russe dans le registre en ligne du minist\u00e8re russe des Transports, alors qu\u2019ils figurent sous d\u2019autres pavillons dans la base officielle de l\u2019Organisation maritime internationale.<\/p>\n<p>(afp)<\/p>\n","protected":false},"excerpt":{"rendered":"Actualis\u00e97. janvier 2026, 14:22 Venezuela: Un p\u00e9trolier poursuivi par les USA va \u00eatre escort\u00e9 par les Russes Un&hellip;\n","protected":false},"author":2,"featured_media":647189,"comment_status":"","ping_status":"","sticky":false,"template":"","format":"standard","meta":{"footnotes":""},"categories":[1589],"tags":[11,73,1866,12,1864,1865,1863,308],"class_list":{"0":"post-647188","1":"post","2":"type-post","3":"status-publish","4":"format-standard","5":"has-post-thumbnail","7":"category-etats-unis","8":"tag-actualites","9":"tag-etats-unis","10":"tag-etats-unis-damerique","11":"tag-news","12":"tag-united-states","13":"tag-united-states-of-america","14":"tag-us","15":"tag-usa"},"share_on_mastodon":{"url":"https:\/\/pubeurope.com\/@fr\/115854119088036205","error":""},"_links":{"self":[{"href":"https:\/\/www.europesays.com\/fr\/wp-json\/wp\/v2\/posts\/647188","targetHints":{"allow":["GET"]}}],"collection":[{"href":"https:\/\/www.europesays.com\/fr\/wp-json\/wp\/v2\/posts"}],"about":[{"href":"https:\/\/www.europesays.com\/fr\/wp-json\/wp\/v2\/types\/post"}],"author":[{"embeddable":true,"href":"https:\/\/www.europesays.com\/fr\/wp-json\/wp\/v2\/users\/2"}],"replies":[{"embeddable":true,"href":"https:\/\/www.europesays.com\/fr\/wp-json\/wp\/v2\/comments?post=647188"}],"version-history":[{"count":0,"href":"https:\/\/www.europesays.com\/fr\/wp-json\/wp\/v2\/posts\/647188\/revisions"}],"wp:featuredmedia":[{"embeddable":true,"href":"https:\/\/www.europesays.com\/fr\/wp-json\/wp\/v2\/media\/647189"}],"wp:attachment":[{"href":"https:\/\/www.europesays.com\/fr\/wp-json\/wp\/v2\/media?parent=647188"}],"wp:term":[{"taxonomy":"category","embeddable":true,"href":"https:\/\/www.europesays.com\/fr\/wp-json\/wp\/v2\/categories?post=647188"},{"taxonomy":"post_tag","embeddable":true,"href":"https:\/\/www.europesays.com\/fr\/wp-json\/wp\/v2\/tags?post=647188"}],"curies":[{"name":"wp","href":"https:\/\/api.w.org\/{rel}","templated":true}]}}