{"id":647190,"date":"2026-01-07T13:45:12","date_gmt":"2026-01-07T13:45:12","guid":{"rendered":"https:\/\/www.europesays.com\/fr\/647190\/"},"modified":"2026-01-07T13:45:12","modified_gmt":"2026-01-07T13:45:12","slug":"harry-et-meghan-bientot-de-retour-au-royaume-uni-archie-et-lilibet-vont-pouvoir-revoir-leur-grand-pere-charles","status":"publish","type":"post","link":"https:\/\/www.europesays.com\/fr\/647190\/","title":{"rendered":"Harry et Meghan bient\u00f4t de retour au Royaume-Uni, Archie et Lilibet vont pouvoir revoir leur grand-p\u00e8re Charles"},"content":{"rendered":"<p>Cela fait quelques semaines maintenant que la presse britannique<br \/>\naffirme que le <strong>prince Harry<\/strong> pourrait de nouveau<br \/>\nb\u00e9n\u00e9ficier d\u00a0\u00bbune s\u00e9curit\u00e9 digne de ce nom s&rsquo;il doit se rendre au<br \/>\nRoyaume-Uni. En mai dernier, le duc de Sussex avait pourtant essuy\u00e9<br \/>\nun <a href=\"https:\/\/www.grazia.fr\/people\/meghan-markle-campe-sur-ses-positions-harry-impuissant-face-a-son-refus-de-revenir-au-royaume-uni-1155019.html\" target=\"_blank\" rel=\"noopener\">cinglant revers<\/a> devant la<br \/>\njustice apr\u00e8s que la Haute Cour de Londres a confirm\u00e9 la d\u00e9cision<br \/>\ndu Home Office (l&rsquo;\u00e9quivalent de notre minist\u00e8re de l&rsquo;Int\u00e9rieur) de<br \/>\nne plus lui accorder une protection syst\u00e9matique &#8211; aux frais du<br \/>\ncontribuable britannique &#8211; lors de ses d\u00e9placements dans son pays<br \/>\nnatal.<\/p>\n<p>Prince Harry : sa s\u00e9curit\u00e9 au Royaume-Uni \u00e0 nouveau remise en<br \/>\nquestion<\/p>\n<p>Hors de question, dans ces conditions, de<br \/>\n<strong>voyager<\/strong> avec ses deux enfants, Archie et Lilibet,<br \/>\net de leur faire prendre le moindre risque : \u00ab\u00a0J&rsquo;aime mon pays.<br \/>\nJe l&rsquo;ai toujours aim\u00e9. Malgr\u00e9 les agissements de certains dans ce<br \/>\npays, avait-il d\u00e9clar\u00e9 dans une interview \u00e0 la BBC. Le<br \/>\nRoyaume-Uni me manque, bien s\u00fbr. Je trouve vraiment triste de ne<br \/>\npas pouvoir montrer mon pays natal \u00e0 mes enfants.\u00a0\u00bb<\/p>\n<p>Mais le vent semble avoir tourn\u00e9 et d&rsquo;apr\u00e8s le <a href=\"https:\/\/www.dailymail.co.uk\/news\/royals\/article-15431987\/Prince-Harry-stalker-scare-means-hes-nailed-given-armed-police-guards-UK-visits-insiders-claim.html\" target=\"_blank\" rel=\"nofollow noopener\">Daily Mail<\/a>, apr\u00e8s<br \/>\nsix ann\u00e9es \u00e0 se battre, l&rsquo;\u00e9poux de Meghan Markle aurait r\u00e9ussi \u00e0<br \/>\nfaire plier le Home Office. Son <a href=\"https:\/\/www.grazia.fr\/people\/le-prince-harry-heureux-de-son-sejour-au-royaume-uni-il-a-fait-une-promesse-qui-en-dit-long-a-son-pere-charles-1186180.html\" target=\"_blank\" rel=\"noopener\">t\u00eate-\u00e0-t\u00eate avec son p\u00e8re<\/a> en<br \/>\nseptembre dernier aurait donc port\u00e9 ses fruits. Mais pas seulement.<br \/>\nCar, rappelez-vous, lors de son <a href=\"https:\/\/www.grazia.fr\/people\/il-a-fallu-la-bloquer-physiquement-le-prince-harry-menace-une-harceleuse-retrouvee-cachee-dans-les-toilettes-de-lhotel-ou-il-se-rendait-1192001.html\" target=\"_blank\" rel=\"noopener\">court s\u00e9jour anglais<\/a> (effectu\u00e9<br \/>\ndans le cadre de sa participation aux WellChild Awards), Harry<br \/>\navait connu une <strong>belle frayeur<\/strong>. Une \u00ab\u00a0fan\u00a0\u00bb, ou<br \/>\nplut\u00f4t une harceleuse, avait tent\u00e9, par deux fois, de s&rsquo;approcher<br \/>\ndu prince. \u00a0\u00ab\u00a0Il a fallu la\u00a0<strong>bloquer<br \/>\nphysiquement<\/strong>, avait affirm\u00e9 l&rsquo;entourage de Harry.<br \/>\nIl n&rsquo;y avait ni pr\u00e9sence polici\u00e8re ni protection rapproch\u00e9e.<br \/>\nCette fois, ils ont eu de la chance.\u00a0\u00bb Une faille de s\u00e9curit\u00e9<br \/>\nqui a tout chang\u00e9.<\/p>\n<p>Le roi Charles va-t-il revoir Archie et<br \/>\nLilibet ?<\/p>\n<p>La d\u00e9cision n&rsquo;est pas encore officielle, mais elle pourrait<br \/>\nl&rsquo;\u00eatre dans les prochaines semaines. \u00ab\u00a0Le <strong>r\u00e9tablissement<br \/>\nde la s\u00e9curit\u00e9<\/strong> arm\u00e9e est d\u00e9sormais acquis suite \u00e0 une<br \/>\nnouvelle \u00e9valuation des risques effectu\u00e9e pour le comit\u00e9 ex\u00e9cutif<br \/>\nroyal et VIP (Royal and VIP Executive Committee &#8211; Ravec). Ce n&rsquo;est<br \/>\nplus qu&rsquo;une formalit\u00e9, a assur\u00e9 un informateur au Daily<br \/>\nMail. Des sources au minist\u00e8re de l&rsquo;Int\u00e9rieur ont indiqu\u00e9<br \/>\nque la s\u00e9curit\u00e9 du prince Harry \u00e9tait d\u00e9sormais assur\u00e9e.\u00a0\u00bb<\/p>\n<p>Et si elle est confirm\u00e9e, cela pourrait permettre au roi Charles<br \/>\nde revoir, enfin, ses petits-enfants am\u00e9ricains. <a href=\"https:\/\/www.grazia.fr\/people\/meghan-et-harry-devoilent-leur-carte-de-voeux-attendrissante-avec-leurs-enfants-archie-et-lilibet-1209710.html\" target=\"_blank\" rel=\"noopener\">Archie et Lilibet<\/a> ne se sont<br \/>\nrendus qu&rsquo;une seule fois dans le pays natal de leur p\u00e8re depuis que<br \/>\nle duc et la duchesse de Sussex se sont install\u00e9s aux \u00c9tats-Unis en<br \/>\n2020. C&rsquo;\u00e9tait en juin 2022, quand Harry et Meghan ont particip\u00e9 aux<br \/>\nc\u00e9l\u00e9brations du jubil\u00e9 de platine de la reine Elizabeth II. Archie<br \/>\nvenait d&rsquo;avoir 3 ans et Lilibet venait de souffler sa premi\u00e8re<br \/>\nbougie.\u00a0<\/p>\n","protected":false},"excerpt":{"rendered":"Cela fait quelques semaines maintenant que la presse britannique affirme que le prince Harry pourrait de nouveau b\u00e9n\u00e9ficier&hellip;\n","protected":false},"author":2,"featured_media":647191,"comment_status":"","ping_status":"","sticky":false,"template":"","format":"standard","meta":{"footnotes":""},"categories":[1588],"tags":[11,13304,3031,10334,12179,1805,12219,1777,674,2515,4844,3289,13418,75251,12,6552,27573,8133,26913,11279,473,1853,1851,21315,1850,1852,3974],"class_list":{"0":"post-647190","1":"post","2":"type-post","3":"status-publish","4":"format-standard","5":"has-post-thumbnail","7":"category-royaume-uni","8":"tag-actualites","9":"tag-archie","10":"tag-au","11":"tag-bientot","12":"tag-charles","13":"tag-de","14":"tag-et","15":"tag-eu","16":"tag-europe","17":"tag-grand","18":"tag-harry","19":"tag-leur","20":"tag-lilibet","21":"tag-meghan","22":"tag-news","23":"tag-pere","24":"tag-pouvoir","25":"tag-retour","26":"tag-revoir","27":"tag-royaume","28":"tag-royaume-uni","29":"tag-royaume-uni-de-grande-bretagne-et-dirlande-du-nord","30":"tag-uk","31":"tag-uni","32":"tag-united-kingdom","33":"tag-united-kingdom-of-great-britain-and-northern-ireland","34":"tag-vont"},"share_on_mastodon":{"url":"https:\/\/pubeurope.com\/@fr\/115854123030674341","error":""},"_links":{"self":[{"href":"https:\/\/www.europesays.com\/fr\/wp-json\/wp\/v2\/posts\/647190","targetHints":{"allow":["GET"]}}],"collection":[{"href":"https:\/\/www.europesays.com\/fr\/wp-json\/wp\/v2\/posts"}],"about":[{"href":"https:\/\/www.europesays.com\/fr\/wp-json\/wp\/v2\/types\/post"}],"author":[{"embeddable":true,"href":"https:\/\/www.europesays.com\/fr\/wp-json\/wp\/v2\/users\/2"}],"replies":[{"embeddable":true,"href":"https:\/\/www.europesays.com\/fr\/wp-json\/wp\/v2\/comments?post=647190"}],"version-history":[{"count":0,"href":"https:\/\/www.europesays.com\/fr\/wp-json\/wp\/v2\/posts\/647190\/revisions"}],"wp:featuredmedia":[{"embeddable":true,"href":"https:\/\/www.europesays.com\/fr\/wp-json\/wp\/v2\/media\/647191"}],"wp:attachment":[{"href":"https:\/\/www.europesays.com\/fr\/wp-json\/wp\/v2\/media?parent=647190"}],"wp:term":[{"taxonomy":"category","embeddable":true,"href":"https:\/\/www.europesays.com\/fr\/wp-json\/wp\/v2\/categories?post=647190"},{"taxonomy":"post_tag","embeddable":true,"href":"https:\/\/www.europesays.com\/fr\/wp-json\/wp\/v2\/tags?post=647190"}],"curies":[{"name":"wp","href":"https:\/\/api.w.org\/{rel}","templated":true}]}}