{"id":647192,"date":"2026-01-07T13:46:10","date_gmt":"2026-01-07T13:46:10","guid":{"rendered":"https:\/\/www.europesays.com\/fr\/647192\/"},"modified":"2026-01-07T13:46:10","modified_gmt":"2026-01-07T13:46:10","slug":"merci-lallemagne-goldman-sachs-pense-que-la-croissance-francaise-sera-meilleure-que-prevu-en-2026-12-grace-a-lexplosion-des-depenses-publiques-allemandes","status":"publish","type":"post","link":"https:\/\/www.europesays.com\/fr\/647192\/","title":{"rendered":"Merci l&rsquo;Allemagne? Goldman Sachs pense que la croissance fran\u00e7aise sera meilleure que pr\u00e9vu en 2026 (1,2%) gr\u00e2ce \u00e0 l&rsquo;explosion des d\u00e9penses publiques allemandes"},"content":{"rendered":"<p>Goldman Sachs anticipe pour 2026 une croissance fran\u00e7aise plus \u00e9lev\u00e9e que le consensus (1,2% contre environ 0,9%), port\u00e9e par la relance budg\u00e9taire allemande et un contexte europ\u00e9en plus favorable, malgr\u00e9 des freins internes li\u00e9s \u00e0 la rigueur budg\u00e9taire et aux incertitudes politiques.<\/p>\n<p>La croissance \u00e9conomique de la France devrait rester mod\u00e9r\u00e9e en 2026 mais Goldman Sachs est cependant plut\u00f4t optimiste. Dans une note publi\u00e9e ce mercredi, les \u00e9conomistes de la plus grande banque d&rsquo;affaires am\u00e9ricaine visent <a href=\"https:\/\/www.bfmtv.com\/economie\/economie-social\/france\/malgre-un-niveau-de-pessimisme-rarement-vu-chez-les-consommateurs-la-croissance-francaise-fait-mieux-que-resister-elle-devrait-atteindre-0-9-en-2025-et-continuer-sur-sa-lancee-l-annee-prochaine_AN-202512170684.html\" title=\"Malgr\u00e9 un niveau de pessimisme rarement vu chez les consommateurs, la croissance fran\u00e7aise fait mieux que r\u00e9sister: elle devrait atteindre 0,9% en 2025 et continuer sur sa lanc\u00e9e l&#039;ann\u00e9e prochaine\" class=\"internal_link\" target=\"_blank\" rel=\"noopener\">une progression du produit int\u00e9rieur brut (PIB) de 1,2%<\/a> cette ann\u00e9e, apr\u00e8s +0,9% attendu pour 2025.<\/p>\n<p>C&rsquo;est plus que la totalit\u00e9 des pr\u00e9visions publi\u00e9es \u00e0 ce jour. La Banque de France pr\u00e9voit que le PIB de la France cro\u00eetra d\u2019environ 1% en 2026, dans ses projections macro\u00e9conomiques les plus r\u00e9centes.\u00a0Idem pour l&rsquo;OCDE, le FMI et la Commission europ\u00e9enne. L&rsquo;Observatoire fran\u00e7ais des conjonctures \u00e9conomiques (OFCE) n&rsquo;anticipait m\u00eame qu&rsquo;un modeste 0,7% pour cette ann\u00e9e. Globalement, le consensus tourne autour de 0,9% pour la France.<\/p>\n<p>Mais pour Goldman Sachs, l&rsquo;\u00e9conomie fran\u00e7aise devrait profiter de la politique budg\u00e9taire expansionniste de l&rsquo;Allemagne et d&rsquo;un impact moindre des droits de douane impos\u00e9s par l&rsquo;administration de Donald Trump.<\/p>\n<blockquote class=\"embed embed_quote\"><p>\u00ab\u00a0Malgr\u00e9 les incertitudes, l&rsquo;\u00e9conomie fran\u00e7aise est bel et bien mont\u00e9e \u00e0 bord de la reprise europ\u00e9enne\u00a0\u00bb, <a href=\"https:\/\/www.bfmtv.com\/economie\/economie-social\/france\/malgre-un-niveau-de-pessimisme-rarement-vu-chez-les-consommateurs-la-croissance-francaise-fait-mieux-que-resister-elle-devrait-atteindre-0-9-en-2025-et-continuer-sur-sa-lancee-l-annee-prochaine_AN-202512170684.html\" title=\"Malgr\u00e9 un niveau de pessimisme rarement vu chez les consommateurs, la croissance fran\u00e7aise fait mieux que r\u00e9sister: elle devrait atteindre 0,9% en 2025 et continuer sur sa lanc\u00e9e l&#039;ann\u00e9e prochaine\" class=\"internal_link\" target=\"_blank\" rel=\"noopener\">r\u00e9sumait en d\u00e9cembre Dorian Roucher<\/a>, chef du d\u00e9partement de la conjoncture de l&rsquo;Insee.<\/p><\/blockquote>\n<p>La politique budg\u00e9taire expansionniste allemande pourrait donner un petit coup de pouce \u00e0 la France en 2026. Pour rappel, <a href=\"https:\/\/www.bfmtv.com\/economie\/economie-social\/union-europeenne\/512-milliards-d-euros-en-2026-l-allemagne-va-emettre-une-dette-record-l-annee-prochaine-pour-se-relancer-bien-plus-que-les-310-milliards-de-la-france_AV-202512180468.html\" title=\"512 milliards d&#039;euros en 2026: l&#039;Allemagne va \u00e9mettre une dette record l&#039;ann\u00e9e prochaine pour se relancer (bien plus que les 310 milliards de la France)\" class=\"internal_link\" target=\"_blank\" rel=\"noopener\">le gouvernement allemand a l&rsquo;intention d&rsquo;\u00e9mettre environ 512 milliards d&rsquo;euros de dette<\/a> en 2026 pour relancer l&rsquo;\u00e9conomie du pays, moderniser les infrastructures et financer des d\u00e9penses militaires. Or, en augmentant ses d\u00e9penses publiques et en soutenant la consommation, l\u2019Allemagne stimule sa demande int\u00e9rieure, ce qui profite directement aux exportations fran\u00e7aises.<\/p>\n<p>Avec pr\u00e8s de 11% du PIB fran\u00e7ais constitu\u00e9 par les exportations vers l\u2019Allemagne, chaque point de croissance suppl\u00e9mentaire outre-Rhin pourrait g\u00e9n\u00e9rer 0,1 \u00e0 0,2 point de PIB suppl\u00e9mentaire pour la France, selon les estimations de la Banque de France et de l\u2019OCDE. Autrement dit, une impulsion budg\u00e9taire notable \u00e0 Berlin pourrait contribuer \u00e0 maintenir la croissance fran\u00e7aise autour de 1%, dans un contexte o\u00f9 l\u2019\u00e9conomie hexagonale reste mod\u00e9r\u00e9e. Voire davantage selon les pr\u00e9visions de Goldman Sachs.<\/p>\n<p>Une demande interne encore limit\u00e9e<\/p>\n<p>Cependant, l\u2019effet reste limit\u00e9 et d\u00e9pend de plusieurs facteurs. Si la demande allemande se concentre sur des biens produits localement ou hors France, ou si l\u2019inflation import\u00e9e augmente, l\u2019impact sur l\u2019Hexagone pourrait \u00eatre partiellement neutralis\u00e9. De plus, la politique budg\u00e9taire fran\u00e7aise jouera un r\u00f4le cl\u00e9: une discipline budg\u00e9taire stricte pourrait r\u00e9duire l\u2019effet positif venu d\u2019Allemagne. Concr\u00e8tement, m\u00eame dans le meilleur sc\u00e9nario, le \u00ab\u00a0bonus allemand\u00a0\u00bb ne d\u00e9passerait pas quelques dixi\u00e8mes de point de croissance, mais il pourrait suffire \u00e0 soutenir l\u00e9g\u00e8rement le march\u00e9 de l\u2019emploi et la consommation en France.<\/p>\n<p>La demande interne sera toutefois frein\u00e9e par la r\u00e9duction suppl\u00e9mentaire du d\u00e9ficit public et les incertitudes politiques persistantes alors que <a href=\"https:\/\/www.bfmtv.com\/economie\/economie-social\/il-est-temps-de-passer-a-autre-chose-la-porte-parole-du-gouvernement-assure-qu-il-y-aura-un-budget-en-janvier_AN-202601050278.html\" title=\"&quot;Il est temps de passer \u00e0 autre chose&quot;: la porte-parole du gouvernement assure qu&#039;&quot;il y aura un budget en janvier&quot;\" class=\"internal_link\" target=\"_blank\" rel=\"noopener\">la France ne dispose toujours pas d&rsquo;un budget pour 2026<\/a>. Apr\u00e8s l&rsquo;\u00e9chec des travaux de la Commission paritaire compos\u00e9e de d\u00e9put\u00e9s et de s\u00e9nateurs sur le projet de loi de finances (PLF) 2026, une loi sp\u00e9ciale a \u00e9t\u00e9 adopt\u00e9e fin d\u00e9cembre pour permettre la continuit\u00e9 du fonctionnement de l&rsquo;Etat, le pr\u00e9l\u00e8vement des imp\u00f4ts en particulier. Le PLF, dans sa version amend\u00e9e par le S\u00e9nat, doit \u00eatre examin\u00e9 jeudi et vendredi par la Commission des Finances de l&rsquo;Assembl\u00e9e nationale, avant un retour dans l&rsquo;h\u00e9micycle le 13 janvier.<\/p>\n<p>Plus d&rsquo;\u00e9lections l\u00e9gislatives<\/p>\n<blockquote class=\"embed embed_quote\"><p>\u00ab\u00a0Nous pr\u00e9voyons que le Parlement finalisera les n\u00e9gociations budg\u00e9taires dans les prochains mois et ouvrira la voie \u00e0 <a href=\"https:\/\/www.bfmtv.com\/economie\/economie-social\/finances-publiques\/au-dela-de-5-de-deficit-on-se-mettrait-en-danger-la-france-va-demarrer-2026-sans-budget-et-si-la-loi-speciale-s-eternisait-le-deficit-public-grimperait-a-5-5-du-pib-quand-le-gouvernement-esperait-4-7_AD-202512190696.html\" title=\"&quot;Au-del\u00e0 de 5% de d\u00e9ficit, [on] se mettrait en danger&quot;: la France va d\u00e9marrer 2026 sans Budget et si la loi sp\u00e9ciale s&#039;\u00e9ternisait le d\u00e9ficit public grimperait \u00e0 5,5% du PIB (quand le gouvernement esp\u00e9rait 4,7%)\" class=\"internal_link\" target=\"_blank\" rel=\"noopener\">une nouvelle l\u00e9g\u00e8re r\u00e9duction du d\u00e9ficit public, qui le ram\u00e8nerait de 5,4% du PIB \u00e0 5,1% en 2026<\/a>\u00ab\u00a0, estiment les \u00e9conomistes de Goldman Sachs.<\/p><\/blockquote>\n<p>Selon eux, les incertitudes politiques devraient rester contenues au cours du premier semestre, avec le maintien probable du Premier ministre S\u00e9bastien Lecornu \u00e0 Matignon.<\/p>\n<blockquote class=\"embed embed_quote\"><p>\u00ab\u00a0De plus, la possibilit\u00e9 pour le pr\u00e9sident Macron de convoquer des \u00e9lections l\u00e9gislatives anticip\u00e9es devrait se refermer en avril, laissant ainsi au futur pr\u00e9sident la possibilit\u00e9 de constituer une majorit\u00e9 parlementaire, notent-ils. Par la suite, l&rsquo;incertitude politique pourrait ressurgir \u00e0 l&rsquo;automne, lors des n\u00e9gociations budg\u00e9taires.\u00a0\u00bb<\/p><\/blockquote>\n<p>Dans ce contexte, les \u00e9conomistes de Goldman Sachs estiment que les actifs fran\u00e7ais pr\u00e9sentent des opportunit\u00e9s en raison de leur faible valorisation. Sur le march\u00e9 obligataire, le rendement de l&rsquo;OAT fran\u00e7aise \u00e0 dix ans devrait rester 70 points de base au-del\u00e0 du taux allemand de m\u00eame \u00e9ch\u00e9ance. La croissance continue de l&rsquo;\u00e9conomie fran\u00e7aise devrait profiter aux valeurs expos\u00e9es \u00e0 l&rsquo;activit\u00e9 domestique.<\/p>\n","protected":false},"excerpt":{"rendered":"Goldman Sachs anticipe pour 2026 une croissance fran\u00e7aise plus \u00e9lev\u00e9e que le consensus (1,2% contre environ 0,9%), port\u00e9e&hellip;\n","protected":false},"author":2,"featured_media":647193,"comment_status":"","ping_status":"","sticky":false,"template":"","format":"standard","meta":{"footnotes":""},"categories":[1587],"tags":[11,672,1804,1805,1803,1777,674,1801,12,1802],"class_list":{"0":"post-647192","1":"post","2":"type-post","3":"status-publish","4":"format-standard","5":"has-post-thumbnail","7":"category-allemagne","8":"tag-actualites","9":"tag-allemagne","10":"tag-bundesrepublik-deutschland","11":"tag-de","12":"tag-deutschland","13":"tag-eu","14":"tag-europe","15":"tag-germany","16":"tag-news","17":"tag-republique-federale-dallemagne"},"share_on_mastodon":{"url":"https:\/\/pubeurope.com\/@fr\/115854126970605747","error":""},"_links":{"self":[{"href":"https:\/\/www.europesays.com\/fr\/wp-json\/wp\/v2\/posts\/647192","targetHints":{"allow":["GET"]}}],"collection":[{"href":"https:\/\/www.europesays.com\/fr\/wp-json\/wp\/v2\/posts"}],"about":[{"href":"https:\/\/www.europesays.com\/fr\/wp-json\/wp\/v2\/types\/post"}],"author":[{"embeddable":true,"href":"https:\/\/www.europesays.com\/fr\/wp-json\/wp\/v2\/users\/2"}],"replies":[{"embeddable":true,"href":"https:\/\/www.europesays.com\/fr\/wp-json\/wp\/v2\/comments?post=647192"}],"version-history":[{"count":0,"href":"https:\/\/www.europesays.com\/fr\/wp-json\/wp\/v2\/posts\/647192\/revisions"}],"wp:featuredmedia":[{"embeddable":true,"href":"https:\/\/www.europesays.com\/fr\/wp-json\/wp\/v2\/media\/647193"}],"wp:attachment":[{"href":"https:\/\/www.europesays.com\/fr\/wp-json\/wp\/v2\/media?parent=647192"}],"wp:term":[{"taxonomy":"category","embeddable":true,"href":"https:\/\/www.europesays.com\/fr\/wp-json\/wp\/v2\/categories?post=647192"},{"taxonomy":"post_tag","embeddable":true,"href":"https:\/\/www.europesays.com\/fr\/wp-json\/wp\/v2\/tags?post=647192"}],"curies":[{"name":"wp","href":"https:\/\/api.w.org\/{rel}","templated":true}]}}