{"id":647196,"date":"2026-01-07T13:48:21","date_gmt":"2026-01-07T13:48:21","guid":{"rendered":"https:\/\/www.europesays.com\/fr\/647196\/"},"modified":"2026-01-07T13:48:21","modified_gmt":"2026-01-07T13:48:21","slug":"quelle-serait-la-playlist-ideale-pour-se-prendre-pour-le-roi-ou-la-reine-juste-parce-quon-a-eu-la-feve-a-lepiphanie","status":"publish","type":"post","link":"https:\/\/www.europesays.com\/fr\/647196\/","title":{"rendered":"Quelle serait la playlist id\u00e9ale pour se prendre pour le roi ou la reine juste parce qu&rsquo;on a eu la f\u00e8ve \u00e0 l&rsquo;\u00e9piphanie ?"},"content":{"rendered":"<p>\ud83c\udfa7 <b>Radio Monaco \u2013 Actus musicales &amp; tendances<\/b><\/p>\n<p>\u2022 \ud83c\udfb6 <b>Singles &amp; d\u00e9couvertes<\/b> : nouveaut\u00e9s et coups de c\u0153ur<br \/>\u2022 \ud83c\udf99 <b>Interviews d\u2019artistes<\/b> : plongez dans leurs univers<br \/>\u2022 \ud83c\udf1f <b>Rubriques exclusives<\/b> : La cover, la question du jour, la saga musicale<\/p>\n<p>\u2022 \ud83c\udf0d <b>Abonnez-vous<\/b> pour ne rien manquer et rester \u00e0 la pointe de la musique<\/p>\n<p>H\u00e9berg\u00e9 par Ausha. Visitez <a href=\"https:\/\/ausha.co\/politique-de-confidentialite\" target=\"_blank\" rel=\"noopener\">ausha.co\/politique-de-confidentialite<\/a> pour plus d\u2019informations.<\/p>\n<p class=\"proradio-tags\">\n\t\t\t\t\t\t\t\t\t\t<a href=\"https:\/\/radio-monaco.com\/podcastfilter\/generation-charly\/\" class=\"proradio-catid-9\" target=\"_blank\" rel=\"noopener\">G\u00c9N\u00c9RATION CHARLY<\/a>\t\t\t\t\t\t\t\t\t\t<\/p>\n","protected":false},"excerpt":{"rendered":"\ud83c\udfa7 Radio Monaco \u2013 Actus musicales &amp; tendances \u2022 \ud83c\udfb6 Singles &amp; d\u00e9couvertes : nouveaut\u00e9s et coups de&hellip;\n","protected":false},"author":2,"featured_media":364139,"comment_status":"","ping_status":"","sticky":false,"template":"","format":"standard","meta":{"footnotes":""},"categories":[1586],"tags":[11,1777,674,1779,1011,27,12,25,1778,364],"class_list":{"0":"post-647196","1":"post","2":"type-post","3":"status-publish","4":"format-standard","5":"has-post-thumbnail","7":"category-europe","8":"tag-actualites","9":"tag-eu","10":"tag-europe","11":"tag-european-union","12":"tag-fr","13":"tag-france","14":"tag-news","15":"tag-republique-francaise","16":"tag-ue","17":"tag-union-europeenne"},"share_on_mastodon":{"url":"https:\/\/pubeurope.com\/@fr\/115854134762036647","error":""},"_links":{"self":[{"href":"https:\/\/www.europesays.com\/fr\/wp-json\/wp\/v2\/posts\/647196","targetHints":{"allow":["GET"]}}],"collection":[{"href":"https:\/\/www.europesays.com\/fr\/wp-json\/wp\/v2\/posts"}],"about":[{"href":"https:\/\/www.europesays.com\/fr\/wp-json\/wp\/v2\/types\/post"}],"author":[{"embeddable":true,"href":"https:\/\/www.europesays.com\/fr\/wp-json\/wp\/v2\/users\/2"}],"replies":[{"embeddable":true,"href":"https:\/\/www.europesays.com\/fr\/wp-json\/wp\/v2\/comments?post=647196"}],"version-history":[{"count":0,"href":"https:\/\/www.europesays.com\/fr\/wp-json\/wp\/v2\/posts\/647196\/revisions"}],"wp:featuredmedia":[{"embeddable":true,"href":"https:\/\/www.europesays.com\/fr\/wp-json\/wp\/v2\/media\/364139"}],"wp:attachment":[{"href":"https:\/\/www.europesays.com\/fr\/wp-json\/wp\/v2\/media?parent=647196"}],"wp:term":[{"taxonomy":"category","embeddable":true,"href":"https:\/\/www.europesays.com\/fr\/wp-json\/wp\/v2\/categories?post=647196"},{"taxonomy":"post_tag","embeddable":true,"href":"https:\/\/www.europesays.com\/fr\/wp-json\/wp\/v2\/tags?post=647196"}],"curies":[{"name":"wp","href":"https:\/\/api.w.org\/{rel}","templated":true}]}}