{"id":647203,"date":"2026-01-07T13:52:10","date_gmt":"2026-01-07T13:52:10","guid":{"rendered":"https:\/\/www.europesays.com\/fr\/647203\/"},"modified":"2026-01-07T13:52:10","modified_gmt":"2026-01-07T13:52:10","slug":"thomas-detry-et-elvis-smylie-sur-le-liv-akshay-bhatia-refuse-lequipe","status":"publish","type":"post","link":"https:\/\/www.europesays.com\/fr\/647203\/","title":{"rendered":"Thomas Detry et Elvis Smylie sur le LIV, Akshay Bhatia refuse &#8211; L&#039;\u00c9quipe"},"content":{"rendered":"<ol>\n<li><a href=\"https:\/\/news.google.com\/rss\/articles\/CBMiqwFBVV95cUxOekxjYV9NMnFHYVI1RGZsMm1RQUllZmNtV2xjT1BZZ1MyWHkwVnBmU1UwQU5xeUloWk5xdXZVLWlOSEdiNEVGSGxNMkktMGVfQ3JPRGI1REFTZmlmNXgtYUtBbW13ZWZ4a0R4VG52VG8xNU5wOWJrRjVWYmJmZHphV2FRUFBpbmR3OTFkd2Z2Tkhoa21JYmk0NmJRTU82QVVqNDVkclNrNW50aDg?oc=5\" target=\"_blank\" rel=\"noopener\">Thomas Detry et Elvis Smylie sur le LIV, Akshay Bhatia refuse<\/a>&nbsp;&nbsp;L&rsquo;\u00c9quipe<\/li>\n<li><a href=\"https:\/\/news.google.com\/rss\/articles\/CBMipwFBVV95cUxNNURYdW1uekZnWVNYaHhrZXM1SW1qSEZEV1JQcFNxaXFYS3NKdUxMQVE3dmFZektPYlBLZElpYjlBVHBrZnoxeUNfU180a1VpazdYaHR5T0NKc0pvLU5BeE5kWFhGeUViSUhMdjFBMThyR185clJWVlhYeUxMQzB3WFdZTnZpczlpYnNVS1BJaGg2NmNXaTBDbXI5LXpVU2NNNFk1eGc1Yw?oc=5\" target=\"_blank\" rel=\"noopener\">Julien Brun rejoint Levy, Sordet et Pineau aux Cartes du LIV Golf<\/a>&nbsp;&nbsp;Golf Plan\u00e8te<\/li>\n<li><a href=\"https:\/\/news.google.com\/rss\/articles\/CBMigwJBVV95cUxNX2xsWmFkX1IyVGEwaE5CMVZPbW9nM1VsaEctLVktaWlaV2pPdjNIT3NfR2RJNDlyRHZTeU1kRjhMZTJwQ01VQjZLaGt6WlZmMVBSWnNNd2FwM2xta1RXRkhrc0Z3R0l3UmxZZmV0TEZuZW0wUU1XdC1Ud3duZGNxN2tGSGh1aGV1ZjNsOVUzcnZzMUI5Vmt3a1JWLW1haS1rTXMza2VZYmtnbnpXQVdXeGFseGlibWtacFhGTkF6akRDMk9DcXR5UnJKbVB0SXprXzZQbEJzOHNJZXk2djlMTDlzampEWFdudFFsb3ZSZDJ2MHZZN0g4Z2NoQkdaQl9ZNTJ3?oc=5\" target=\"_blank\" rel=\"noopener\">Golf. Levy, Sordet, Pineau, Barjon et Gandon, cinq Fran\u00e7ais sous les projecteurs cette semaine<\/a>&nbsp;&nbsp;Ouest-France<\/li>\n<li><a href=\"https:\/\/news.google.com\/rss\/articles\/CBMif0FVX3lxTE1GVU1pYk53V2twV3pBSEI5Q1NDRGl4WXNpeWxKNW9iYUdhb2RUVXNyVDJRS3VhNHIydkstbWpJQVQ2QXJMLTB2NTJSb29aY3FjTFNaUXoyb0MxLTMwRWNNTkFfVUNrMWEyTERWb1NRSmtKeVBpTDFBbXhkRk92bDQ?oc=5\" target=\"_blank\" rel=\"noopener\">LIV Golf accueille deux nouveaux golfeurs<\/a>&nbsp;&nbsp;RDS<\/li>\n<li><a href=\"https:\/\/news.google.com\/rss\/articles\/CBMinwFBVV95cUxPekRxclV6R213UGt4dDd4ZmpRalhSWWhsdTZNQ1N5aGdteWh1NmFxUk15Z1JWOVFPdVEwOFJOcTlaY0hnb0ZUN0F6RVJteXBfSnUtSHhjNkd4eS1jV2k3R2NZWk1hZ0kwOExXRGI4YmJMdTA4SmQ1ZGVrQjdYOEkwVGhzUXVxVEQ5dkRtMktLYUxRODBQRXZfR09TdUVYLTQ?oc=5\" target=\"_blank\" rel=\"noopener\">Quatre Fran\u00e7ais au d\u00e9part des Cartes du LIV Golf<\/a>&nbsp;&nbsp;F\u00e9d\u00e9ration fran\u00e7aise de golf (ffgolf)<\/li>\n<\/ol>\n","protected":false},"excerpt":{"rendered":"Thomas Detry et Elvis Smylie sur le LIV, Akshay Bhatia refuse&nbsp;&nbsp;L&rsquo;\u00c9quipe Julien Brun rejoint Levy, Sordet et Pineau&hellip;\n","protected":false},"author":2,"featured_media":647204,"comment_status":"","ping_status":"","sticky":false,"template":"","format":"standard","meta":{"footnotes":""},"categories":[1418],"tags":[1011,27,1472,60],"class_list":{"0":"post-647203","1":"post","2":"type-post","3":"status-publish","4":"format-standard","5":"has-post-thumbnail","7":"category-golf","8":"tag-fr","9":"tag-france","10":"tag-golf","11":"tag-sports"},"share_on_mastodon":{"url":"https:\/\/pubeurope.com\/@fr\/115854150481310935","error":""},"_links":{"self":[{"href":"https:\/\/www.europesays.com\/fr\/wp-json\/wp\/v2\/posts\/647203","targetHints":{"allow":["GET"]}}],"collection":[{"href":"https:\/\/www.europesays.com\/fr\/wp-json\/wp\/v2\/posts"}],"about":[{"href":"https:\/\/www.europesays.com\/fr\/wp-json\/wp\/v2\/types\/post"}],"author":[{"embeddable":true,"href":"https:\/\/www.europesays.com\/fr\/wp-json\/wp\/v2\/users\/2"}],"replies":[{"embeddable":true,"href":"https:\/\/www.europesays.com\/fr\/wp-json\/wp\/v2\/comments?post=647203"}],"version-history":[{"count":0,"href":"https:\/\/www.europesays.com\/fr\/wp-json\/wp\/v2\/posts\/647203\/revisions"}],"wp:featuredmedia":[{"embeddable":true,"href":"https:\/\/www.europesays.com\/fr\/wp-json\/wp\/v2\/media\/647204"}],"wp:attachment":[{"href":"https:\/\/www.europesays.com\/fr\/wp-json\/wp\/v2\/media?parent=647203"}],"wp:term":[{"taxonomy":"category","embeddable":true,"href":"https:\/\/www.europesays.com\/fr\/wp-json\/wp\/v2\/categories?post=647203"},{"taxonomy":"post_tag","embeddable":true,"href":"https:\/\/www.europesays.com\/fr\/wp-json\/wp\/v2\/tags?post=647203"}],"curies":[{"name":"wp","href":"https:\/\/api.w.org\/{rel}","templated":true}]}}