{"id":647213,"date":"2026-01-07T14:00:10","date_gmt":"2026-01-07T14:00:10","guid":{"rendered":"https:\/\/www.europesays.com\/fr\/647213\/"},"modified":"2026-01-07T14:00:10","modified_gmt":"2026-01-07T14:00:10","slug":"psg-20me-signature-imminente-sur-le-mercato","status":"publish","type":"post","link":"https:\/\/www.europesays.com\/fr\/647213\/","title":{"rendered":"PSG &#8211; 20M\u20ac : Signature imminente sur le mercato !"},"content":{"rendered":"<p>                    Benjamin Labrousse<br \/>\n                        &#8211;<\/p>\n<p>R\u00e9dacteur<\/p>\n<p>Malgr\u00e9 un double cursus Espagnol\/Communication, j\u2019ai d\u00e9cid\u00e9 de prendre en main mes r\u00eaves en me dirigeant vers le journalisme. Dipl\u00f4m\u00e9 d\u2019un master en journalisme de sport, je couvre l\u2019actualit\u00e9 sportive et footballistique avec toujours autant d\u2019admiration pour les p\u00e9riode de mercato, o\u00f9 un club se doit de faire des choix cruciaux pour la saison prochaine.<\/p>\n<p class=\"heading\">Au cours du mois de d\u00e9cembre, le10sport.com vous r\u00e9v\u00e9lait en exclusivit\u00e9 que Dayot Upamecano ne devrait pas rejoindre le PSG. L\u2019international Fran\u00e7ais est tout proche de prolonger l\u2019aventure au Bayern Munich, qui pr\u00e9pare l\u2019officialisation. En Bavi\u00e8re, le d\u00e9fenseur central \u00e2g\u00e9 de 27 ans devrait percevoir un nouveau salaire XXL. Explications.<\/p>\n<p>Champion d\u2019Europe en titre, le <strong>PSG <\/strong>cherche toujours \u00e0 renforcer son effectif de mani\u00e8re coh\u00e9rente. Malgr\u00e9 l\u2019arriv\u00e9e cet \u00e9t\u00e9 d\u2019<strong>Illya Zabarnyi<\/strong> contre 63M\u20ac, les dirigeants parisiens ne seraient pas contre la signature d\u2019un nouveau d\u00e9fenseur central. En juin prochain, <strong>Dayot Upamecano<\/strong> arrivera en fin de contrat avec le <strong>Bayern Munich<\/strong>.<\/p>\n<p>                                            C\u2019est termin\u00e9 pour Upamecano<\/p>\n<p>S\u2019il a un temps int\u00e9ress\u00e9 le <strong>PSG<\/strong>, le d\u00e9fenseur central de 27 ans, v\u00e9ritable pilier du <strong>Bayern<\/strong>, devrait prolonger en <strong>Bavi\u00e8re <\/strong><a href=\"https:\/\/le10sport.com\/football\/mercato\/exclu-mercato-upamecano-prolongation-en-vue-767792\" target=\"_blank\" rel=\"noopener\">comme nous vous l\u2019avions r\u00e9v\u00e9l\u00e9 en d\u00e9cembre dernier<\/a>. Devenu l\u2019un des meilleurs d\u00e9fenseurs au monde, <strong>Upamecano <\/strong>ne devrait pas bouger l\u2019\u00e9t\u00e9 prochain. D\u2019apr\u00e8s les derni\u00e8res r\u00e9v\u00e9lations de BILD, l\u2019annonce de sa prolongation est d\u00e9sormais imminente.<\/p>\n<p>                                            20M\u20ac de salaire au Bayern Munich<\/p>\n<p>Les dirigeants du <strong>Bayern Munich<\/strong> pr\u00e9parent les d\u00e9tails finaux de l\u2019op\u00e9ration concernant le Fran\u00e7ais. La direction bavaroise a fourni de gros efforts dans ce dossier, et n\u2019a pas h\u00e9sit\u00e9 \u00e0 sortir le ch\u00e9quier. D\u2019apr\u00e8s le m\u00e9dia allemand, <strong>Dayot Upamecano<\/strong> devrait percevoir un salaire annuel de 20M\u20ac, une somme cons\u00e9quente pour un d\u00e9fenseur.<\/p>\n","protected":false},"excerpt":{"rendered":"Benjamin Labrousse &#8211; R\u00e9dacteur Malgr\u00e9 un double cursus Espagnol\/Communication, j\u2019ai d\u00e9cid\u00e9 de prendre en main mes r\u00eaves en&hellip;\n","protected":false},"author":2,"featured_media":647214,"comment_status":"","ping_status":"","sticky":false,"template":"","format":"standard","meta":{"footnotes":""},"categories":[1410],"tags":[63,1011,27,60],"class_list":{"0":"post-647213","1":"post","2":"type-post","3":"status-publish","4":"format-standard","5":"has-post-thumbnail","7":"category-football","8":"tag-football","9":"tag-fr","10":"tag-france","11":"tag-sports"},"share_on_mastodon":{"url":"https:\/\/pubeurope.com\/@fr\/115854181935665310","error":""},"_links":{"self":[{"href":"https:\/\/www.europesays.com\/fr\/wp-json\/wp\/v2\/posts\/647213","targetHints":{"allow":["GET"]}}],"collection":[{"href":"https:\/\/www.europesays.com\/fr\/wp-json\/wp\/v2\/posts"}],"about":[{"href":"https:\/\/www.europesays.com\/fr\/wp-json\/wp\/v2\/types\/post"}],"author":[{"embeddable":true,"href":"https:\/\/www.europesays.com\/fr\/wp-json\/wp\/v2\/users\/2"}],"replies":[{"embeddable":true,"href":"https:\/\/www.europesays.com\/fr\/wp-json\/wp\/v2\/comments?post=647213"}],"version-history":[{"count":0,"href":"https:\/\/www.europesays.com\/fr\/wp-json\/wp\/v2\/posts\/647213\/revisions"}],"wp:featuredmedia":[{"embeddable":true,"href":"https:\/\/www.europesays.com\/fr\/wp-json\/wp\/v2\/media\/647214"}],"wp:attachment":[{"href":"https:\/\/www.europesays.com\/fr\/wp-json\/wp\/v2\/media?parent=647213"}],"wp:term":[{"taxonomy":"category","embeddable":true,"href":"https:\/\/www.europesays.com\/fr\/wp-json\/wp\/v2\/categories?post=647213"},{"taxonomy":"post_tag","embeddable":true,"href":"https:\/\/www.europesays.com\/fr\/wp-json\/wp\/v2\/tags?post=647213"}],"curies":[{"name":"wp","href":"https:\/\/api.w.org\/{rel}","templated":true}]}}