{"id":647217,"date":"2026-01-07T14:02:12","date_gmt":"2026-01-07T14:02:12","guid":{"rendered":"https:\/\/www.europesays.com\/fr\/647217\/"},"modified":"2026-01-07T14:02:12","modified_gmt":"2026-01-07T14:02:12","slug":"le-musee-ouvre-integralement-ses-portes-apres-la-non-reconduction-de-la-greve","status":"publish","type":"post","link":"https:\/\/www.europesays.com\/fr\/647217\/","title":{"rendered":"le mus\u00e9e ouvre int\u00e9gralement ses portes apr\u00e8s la non-reconduction de la gr\u00e8ve"},"content":{"rendered":"<p>                      <img loading=\"lazy\" decoding=\"async\" src=\"https:\/\/www.europesays.com\/fr\/wp-content\/uploads\/2026\/01\/1a64585_ftp-1-izafiegzorod-2026-01-06t124408z-405180040-rc2nvia4zc24-rtrmadp-3-europe-weather-france.jpeg\" alt=\"La Pyramide du Mus\u00e9e du Louvre, \u00e0 Paris, le 6\u00a0janvier 2026.\"   width=\"664\" height=\"443\"\/>    La Pyramide du Mus\u00e9e du Louvre, \u00e0 Paris, le 6\u00a0janvier 2026.  ABDUL SABOOR\/REUTERS                          <\/p>\n<p class=\"article__paragraph  \">Le Louvre a pu ouvrir enti\u00e8rement ses portes mercredi 7\u00a0janvier apr\u00e8s la d\u00e9cision des agents du mus\u00e9e de ne pas reconduire leur mouvement de gr\u00e8ve pour de meilleures conditions de travail, a appris l\u2019Agence France-Presse (AFP) de sources concordantes.<\/p>\n<p>                                            Lire aussi |  Article r\u00e9serv\u00e9 \u00e0 nos abonn\u00e9s  <a href=\"https:\/\/www.lemonde.fr\/idees\/article\/2025\/12\/19\/il-y-a-eu-vol-au-louvre-parce-que-dans-un-musee-la-securite-passe-apres-l-art-et-l-accueil-du-public_6658616_3232.html\" class=\"js-article-read-also catcher--favoris__link\" data-premium=\"1\" id=\"article-title-3451789\" target=\"_blank\" rel=\"noopener\">\u00ab\u00a0Il y a eu vol au Louvre parce que, dans un mus\u00e9e, la s\u00e9curit\u00e9 passe apr\u00e8s l\u2019art et l\u2019accueil du public\u00a0\u00bb<\/a>    <\/p>\n<p>   Lire plus tard  <\/p>\n<p class=\"article__paragraph  \">R\u00e9unis dans la matin\u00e9e en assembl\u00e9e g\u00e9n\u00e9rale, 200 \u00e0 300 salari\u00e9s ont d\u00e9cid\u00e9 de ne pas voter la poursuite de leur gr\u00e8ve, qui avait \u00e9t\u00e9 lanc\u00e9e mi-d\u00e9cembre, suspendue pendant les f\u00eates et reconduite lundi, a pr\u00e9cis\u00e9 \u00e0 l\u2019AFP Val\u00e9rie Baud, repr\u00e9sentante de la CFDT. \u00ab\u00a0La gr\u00e8ve n\u2019est pas vot\u00e9e aujourd\u2019hui parce qu\u2019il faut se donner du souffle, mais le mouvement n\u2019est pas arr\u00eat\u00e9\u00a0\u00bb, a-t-elle pr\u00e9cis\u00e9.<\/p>\n<p class=\"article__paragraph  \">Faute d\u2019avanc\u00e9es suffisantes dans les discussions avec le minist\u00e8re de la culture, le pr\u00e9avis d\u00e9pos\u00e9 d\u00e9but d\u00e9cembre par l\u2019intersyndicale n\u2019a ainsi pas \u00e9t\u00e9 lev\u00e9, et une nouvelle assembl\u00e9e g\u00e9n\u00e9rale est pr\u00e9vue jeudi matin. Le pr\u00e9avis a \u00e9t\u00e9 \u00ab\u00a0reconduit \u00e0 l\u2019unanimit\u00e9\u00a0\u00bb, a affirm\u00e9 Christian Galani, d\u00e9l\u00e9gu\u00e9 CGT. \u00ab\u00a0On ne l\u00e8ve pas le pr\u00e9avis parce qu\u2019on n\u2019est pas encore dans le concret\u00a0\u00bb, a compl\u00e9t\u00e9 son homologue de la CFDT.<\/p>\n<p>                    Sous-effectifs                    <\/p>\n<p class=\"article__paragraph  \">Mercredi, l\u2019assembl\u00e9e g\u00e9n\u00e9rale du personnel a retard\u00e9 l\u2019heure d\u2019ouverture du mus\u00e9e le plus visit\u00e9 au monde, mais le Louvre a ensuite pu ouvrir int\u00e9gralement ses espaces au public, a dit \u00e0 l\u2019AFP la direction de l\u2019\u00e9tablissement. <a href=\"https:\/\/www.lemonde.fr\/culture\/article\/2026\/01\/05\/au-louvre-les-agents-reconduisent-la-greve-commencee-avant-les-fetes-le-musee-reste-ouvert-partiellement_6660614_3246.html\" target=\"_blank\" rel=\"noopener\">Lundi, apr\u00e8s le vote de la gr\u00e8ve<\/a>, le Louvre n\u2019avait pu ouvrir au public que son \u00ab\u00a0parcours chefs-d\u2019\u0153uvre\u00a0\u00bb, qui inclut La Joconde, la V\u00e9nus de Milo ou la Victoire de Samothrace.<\/p>\n<p class=\"article__paragraph  \">Les agents sont mobilis\u00e9s pour protester contre les sous-effectifs, notamment pour la surveillance des salles, contre la hausse des tarifs pour les touristes non-Europ\u00e9ens \u2013 une mesure entrant en vigueur le 14\u00a0janvier \u2013 ou encore contre la d\u00e9gradation du b\u00e2timent, mise en lumi\u00e8re par le vol spectaculaire de huit joyaux de la Couronne fran\u00e7aise le 19\u00a0octobre.<\/p>\n<p>                                       Lire aussi |  Article r\u00e9serv\u00e9 \u00e0 nos abonn\u00e9s  <a href=\"https:\/\/www.lemonde.fr\/culture\/article\/2025\/12\/18\/au-senat-une-partie-de-ping-pong-entre-la-presidente-du-louvre-et-son-predecesseur-par-audition-interposee_6658479_3246.html\" class=\"js-article-read-also catcher--favoris__link\" data-premium=\"1\" id=\"article-title-3451307\" target=\"_blank\" rel=\"noopener\">Au S\u00e9nat, une partie de ping-pong entre la pr\u00e9sidente du Louvre et son pr\u00e9d\u00e9cesseur, par audition interpos\u00e9e<\/a>    <\/p>\n<p>   Lire plus tard  <\/p>\n<p class=\"article__paragraph  \">Selon Val\u00e9rie Baud, le minist\u00e8re a ferm\u00e9 la porte \u00e0 tout recrutement, mais des discussions sont envisag\u00e9es sur les r\u00e9mun\u00e9rations. \u00ab\u00a0On doit prendre le temps de l\u2019analyse\u00a0\u00bb, a-t-elle d\u00e9clar\u00e9. Avant les f\u00eates, le minist\u00e8re avait notamment promis l\u2019annulation d\u2019une baisse de 5,7\u00a0millions d\u2019euros des dotations publiques au Louvre et des revalorisations indemnitaires, jug\u00e9es encore insuffisantes par les syndicats.<\/p>\n<p class=\"author__detail\">  Le Monde avec AFP  <\/p>\n<p>                <a href=\"https:\/\/www.lemonde.fr\/syndication\/\" class=\"reuse__content\" title=\"R\u00e9utiliser ce contenu\" target=\"_blank\" rel=\"noopener\">R\u00e9utiliser ce contenu<\/a>      <\/p>\n","protected":false},"excerpt":{"rendered":"La Pyramide du Mus\u00e9e du Louvre, \u00e0 Paris, le 6\u00a0janvier 2026. ABDUL SABOOR\/REUTERS Le Louvre a pu ouvrir&hellip;\n","protected":false},"author":2,"featured_media":647218,"comment_status":"","ping_status":"","sticky":false,"template":"","format":"standard","meta":{"footnotes":""},"categories":[1358],"tags":[1348,1384,1385,1386,58,59,1011,27],"class_list":{"0":"post-647217","1":"post","2":"type-post","3":"status-publish","4":"format-standard","5":"has-post-thumbnail","7":"category-arts-et-design","8":"tag-arts","9":"tag-arts-and-design","10":"tag-arts-et-design","11":"tag-design","12":"tag-divertissement","13":"tag-entertainment","14":"tag-fr","15":"tag-france"},"share_on_mastodon":{"url":"https:\/\/pubeurope.com\/@fr\/115854189783285812","error":""},"_links":{"self":[{"href":"https:\/\/www.europesays.com\/fr\/wp-json\/wp\/v2\/posts\/647217","targetHints":{"allow":["GET"]}}],"collection":[{"href":"https:\/\/www.europesays.com\/fr\/wp-json\/wp\/v2\/posts"}],"about":[{"href":"https:\/\/www.europesays.com\/fr\/wp-json\/wp\/v2\/types\/post"}],"author":[{"embeddable":true,"href":"https:\/\/www.europesays.com\/fr\/wp-json\/wp\/v2\/users\/2"}],"replies":[{"embeddable":true,"href":"https:\/\/www.europesays.com\/fr\/wp-json\/wp\/v2\/comments?post=647217"}],"version-history":[{"count":0,"href":"https:\/\/www.europesays.com\/fr\/wp-json\/wp\/v2\/posts\/647217\/revisions"}],"wp:featuredmedia":[{"embeddable":true,"href":"https:\/\/www.europesays.com\/fr\/wp-json\/wp\/v2\/media\/647218"}],"wp:attachment":[{"href":"https:\/\/www.europesays.com\/fr\/wp-json\/wp\/v2\/media?parent=647217"}],"wp:term":[{"taxonomy":"category","embeddable":true,"href":"https:\/\/www.europesays.com\/fr\/wp-json\/wp\/v2\/categories?post=647217"},{"taxonomy":"post_tag","embeddable":true,"href":"https:\/\/www.europesays.com\/fr\/wp-json\/wp\/v2\/tags?post=647217"}],"curies":[{"name":"wp","href":"https:\/\/api.w.org\/{rel}","templated":true}]}}