{"id":647219,"date":"2026-01-07T14:04:14","date_gmt":"2026-01-07T14:04:14","guid":{"rendered":"https:\/\/www.europesays.com\/fr\/647219\/"},"modified":"2026-01-07T14:04:14","modified_gmt":"2026-01-07T14:04:14","slug":"les-12-coups-de-midi-a-22-ans-cyprien-vient-de-franchir-ce-cap-secret-du-jeu-que-vous-navez-sans-doute-pas-vu-passer","status":"publish","type":"post","link":"https:\/\/www.europesays.com\/fr\/647219\/","title":{"rendered":"Les 12 Coups de midi : \u00e0 22 ans, Cyprien vient de franchir ce cap secret du jeu que vous n\u2019avez sans doute pas vu passer"},"content":{"rendered":"<p>\u00c0 la mi-journ\u00e9e sur TF1, les t\u00e9l\u00e9spectateurs de <strong>Les<br \/>\n12 Coups de midi<\/strong> suivent depuis des semaines le<br \/>\nparcours de Cyprien Fohr, ce jeune chef d&rsquo;orchestre qui encha\u00eene<br \/>\nles victoires. \u00c0 chaque \u00e9mission, sa cagnotte grimpe, les \u00c9toiles<br \/>\nmyst\u00e9rieuses tombent, et son nom revient de plus en plus souvent<br \/>\nquand on parle des grands Ma\u00eetres de midi. D\u00e9but novembre, une<br \/>\nbarre tr\u00e8s attendue a pourtant tout chang\u00e9.<\/p>\n<p>Le dimanche 1er novembre 2025, lors de sa 44e participation, le<br \/>\nchampion atteint les <strong>200 045 \u20ac<\/strong> de gains et de<br \/>\ncadeaux, soit un peu plus de 200 000 \u20ac, et fait son entr\u00e9e dans le<br \/>\n<strong>Top 25<\/strong> des plus grands Ma\u00eetres de midi. Ce passage<br \/>\naux 200 000 \u20ac est d\u00e9crit comme un palier symbolique par plusieurs<br \/>\nm\u00e9dias t\u00e9l\u00e9. Pour Cyprien Fohr, ce jour marque un changement<br \/>\nd&rsquo;\u00e9chelle.<\/p>\n<p>Cyprien, le jeune maestro de l&rsquo;\u00e9mission Les 12 Coups de<br \/>\nmidi<\/p>\n<p>\u00c0 22 ans, <strong>Cyprien Fohr<\/strong> vient de<br \/>\nFontenay-sous-Bois, dans le Val-de-Marne. \u00c9tudiant en musicologie,<br \/>\nil se forme au m\u00e9tier de chef d&rsquo;orchestre tandis que ses parents<br \/>\nsont com\u00e9diens et sa s\u0153ur danseuse. Il devient Ma\u00eetre de midi le 19<br \/>\nseptembre 2025, puis trouve tr\u00e8s vite ses marques dans le jeu anim\u00e9<br \/>\npar Jean-Luc Reichmann sur TF1.<\/p>\n<p>D\u00e8s le 8 octobre 2025, moins de trois semaines apr\u00e8s son<br \/>\narriv\u00e9e, il franchit la barre des 100 000 \u20ac, avec environ 105 000 \u20ac<br \/>\ncumul\u00e9s apr\u00e8s une vingtaine de participations. On note d\u00e9j\u00e0 qu&rsquo;il<br \/>\natteint 100 000 \u20ac, puis 200 000 \u20ac, en moins de parties qu&rsquo;\u00c9milien,<br \/>\nd\u00e9tenteur du record avec 647 \u00e9missions et plus de 2,5 millions<br \/>\nd&rsquo;euros de gains. Deux \u00c9toiles myst\u00e9rieuses sont d\u00e9j\u00e0 tomb\u00e9es avant<br \/>\nm\u00eame le mois de novembre.<\/p>\n<p>1er novembre : le cap des 200 000 euros pour Cyprien<\/p>\n<p>Lors de l&rsquo;\u00e9mission du 1er novembre, sa 44e apparition, Cyprien<br \/>\nremporte un nouveau Coup de ma\u00eetre et fait grimper sa cagnotte \u00e0<br \/>\n200 045 \u20ac de gains et de cadeaux. Ce total, confirm\u00e9 deux jours<br \/>\nplus tard \u00e0 200 595 \u20ac apr\u00e8s une nouvelle victoire, installe le<br \/>\njeune \u00e9tudiant parmi les grands noms du jeu. \u00c0 ce moment-l\u00e0, il<br \/>\nfigure d\u00e9j\u00e0 dans le Top 25 des Ma\u00eetres de midi, avec deux \u00c9toiles<br \/>\nmyst\u00e9rieuses d\u00e9croch\u00e9es.<\/p>\n<p>Sur le plateau, Jean-Luc Reichmann prend le temps de souligner<br \/>\nce moment. \u00ab\u00a0Vous passez le cap&#8230;\u00a0\u00bb, lance l&rsquo;animateur \u00e0 son<br \/>\nchampion en rappelant le montant de 200 045 \u20ac et la date du 1er<br \/>\nnovembre, cit\u00e9 par Pleine Vie. Pour les fid\u00e8les du jeu, cette barre<br \/>\ndes 200 000 \u20ac symbolise l&rsquo;entr\u00e9e dans la cour des grands. Les<br \/>\narticles sp\u00e9cialis\u00e9s d\u00e9crivent un pr\u00e9sentateur fier de ce jeune<br \/>\ncandidat de 22 ans, qui encha\u00eene les Coups de ma\u00eetre.<\/p>\n<p>Apr\u00e8s les 200 000 euros, une ascension<br \/>\nexpress vers le Top 10<\/p>\n<p>Le cap des 200 000 \u20ac ne sera pas un aboutissement mais un<br \/>\ntremplin. Le 10 d\u00e9cembre 2025, Cyprien signe sa 83e victoire et<br \/>\nd\u00e9passe l&rsquo;ancien Ma\u00eetre de midi Timoth\u00e9e pour entrer dans le<br \/>\n<strong>Top 10<\/strong> du classement historique. Le 14 d\u00e9cembre,<br \/>\nlors de sa 87e participation, il d\u00e9couvre sa quatri\u00e8me \u00c9toile<br \/>\nmyst\u00e9rieuse en r\u00e9v\u00e9lant Grace Kelly et grimpe \u00e0 398 309 \u20ac. Puis, le<br \/>\n28 d\u00e9cembre, il f\u00eate sa 100e \u00e9mission, d\u00e9passe L\u00e9o et approche les<br \/>\n473 000 \u20ac de gains.<\/p>\n<p>Face \u00e0 ces chiffres, les fans comparent son rythme \u00e0 celui<br \/>\nd&rsquo;\u00c9milien, recordman avec 647 participations et plus de 2,5<br \/>\nmillions d&rsquo;euros. Plusieurs articles notent que Cyprien a atteint<br \/>\n100 000 \u20ac, puis 200 000 \u20ac, en moins de parties, m\u00eame si l&rsquo;\u00e9cart<br \/>\nreste immense sur le total. Le jeune chef d&rsquo;orchestre veut aussi<br \/>\nutiliser cette cagnotte pour financer un grand tour musical en<br \/>\nEurope.<\/p>\n","protected":false},"excerpt":{"rendered":"\u00c0 la mi-journ\u00e9e sur TF1, les t\u00e9l\u00e9spectateurs de Les 12 Coups de midi suivent depuis des semaines le&hellip;\n","protected":false},"author":2,"featured_media":647220,"comment_status":"","ping_status":"","sticky":false,"template":"","format":"standard","meta":{"footnotes":""},"categories":[1356],"tags":[58,59,1011,27,466,252,1364],"class_list":{"0":"post-647219","1":"post","2":"type-post","3":"status-publish","4":"format-standard","5":"has-post-thumbnail","7":"category-television","8":"tag-divertissement","9":"tag-entertainment","10":"tag-fr","11":"tag-france","12":"tag-les-12-coups-de-midi","13":"tag-television","14":"tag-tv"},"share_on_mastodon":{"url":"https:\/\/pubeurope.com\/@fr\/115854197941333026","error":""},"_links":{"self":[{"href":"https:\/\/www.europesays.com\/fr\/wp-json\/wp\/v2\/posts\/647219","targetHints":{"allow":["GET"]}}],"collection":[{"href":"https:\/\/www.europesays.com\/fr\/wp-json\/wp\/v2\/posts"}],"about":[{"href":"https:\/\/www.europesays.com\/fr\/wp-json\/wp\/v2\/types\/post"}],"author":[{"embeddable":true,"href":"https:\/\/www.europesays.com\/fr\/wp-json\/wp\/v2\/users\/2"}],"replies":[{"embeddable":true,"href":"https:\/\/www.europesays.com\/fr\/wp-json\/wp\/v2\/comments?post=647219"}],"version-history":[{"count":0,"href":"https:\/\/www.europesays.com\/fr\/wp-json\/wp\/v2\/posts\/647219\/revisions"}],"wp:featuredmedia":[{"embeddable":true,"href":"https:\/\/www.europesays.com\/fr\/wp-json\/wp\/v2\/media\/647220"}],"wp:attachment":[{"href":"https:\/\/www.europesays.com\/fr\/wp-json\/wp\/v2\/media?parent=647219"}],"wp:term":[{"taxonomy":"category","embeddable":true,"href":"https:\/\/www.europesays.com\/fr\/wp-json\/wp\/v2\/categories?post=647219"},{"taxonomy":"post_tag","embeddable":true,"href":"https:\/\/www.europesays.com\/fr\/wp-json\/wp\/v2\/tags?post=647219"}],"curies":[{"name":"wp","href":"https:\/\/api.w.org\/{rel}","templated":true}]}}