{"id":647221,"date":"2026-01-07T14:05:11","date_gmt":"2026-01-07T14:05:11","guid":{"rendered":"https:\/\/www.europesays.com\/fr\/647221\/"},"modified":"2026-01-07T14:05:11","modified_gmt":"2026-01-07T14:05:11","slug":"apres-un-hommage-truffe-derreurs-au-rappeur-calbo-le-ministere-de-la-culture-dement-avoir-eu-recours-a-lia","status":"publish","type":"post","link":"https:\/\/www.europesays.com\/fr\/647221\/","title":{"rendered":"Apr\u00e8s un hommage truff\u00e9 d\u2019erreurs au rappeur Calbo, le minist\u00e8re de la Culture d\u00e9ment avoir eu recours \u00e0 l\u2019IA"},"content":{"rendered":"<p>Le rappeur Calbo, cofondateur du groupe \u00c4rsenik, <a href=\"https:\/\/www.20minutes.fr\/arts-stars\/culture\/musique\/4194220-20260104-calbo-membre-mythique-groupe-rap-arsenik-decede\" class=\"c-link c-link--is-underlined\" target=\"_blank\" rel=\"noopener\">est d\u00e9c\u00e9d\u00e9 ce\u00a0dimanche\u00a0\u00e0 l\u2019\u00e2ge de 52 ans<\/a>. <a href=\"https:\/\/www.20minutes.fr\/politique\/rachida_dati\" class=\"c-link c-link--is-underlined\" target=\"_blank\" rel=\"noopener\">Rachida Dati<\/a>, ministre de la Culture, a souhait\u00e9 lui rendre hommage via un communiqu\u00e9 de presse diffus\u00e9 le lendemain. Mais comme l\u2019ont signal\u00e9 plusieurs internautes, le document comporte de nombreuses fautes d\u2019orthographe et\u00a0des erreurs factuelles. La piste d\u2019un texte r\u00e9dig\u00e9 \u00e0 l\u2019aide d\u2019une <a href=\"https:\/\/www.20minutes.fr\/dossier\/intelligence_artificielle\" class=\"c-link c-link--is-underlined\" target=\"_blank\" rel=\"noopener\">intelligence artificielle<\/a> (IA) a m\u00eame \u00e9t\u00e9 \u00e9voqu\u00e9e, ce qu\u2019a d\u00e9menti le minist\u00e8re aupr\u00e8s du\u00a0<a href=\"https:\/\/www.huffingtonpost.fr\/culture\/article\/rachida-dati-epinglee-apres-ce-communique-en-hommage-au-rappeur-calbo-truffe-d-erreurs_258951.html\" rel=\"nofollow noopener\" target=\"_blank\" class=\"c-link c-link--is-underlined\">HuffPost<\/a>.<\/p>\n<p>Trois fautes et un titre invent\u00e9<\/p>\n<p>Ce serait d\u2019abord l\u2019internaute Nizzague sur\u00a0le r\u00e9seau social <a href=\"https:\/\/www.20minutes.fr\/high-tech\/twitter\/\" class=\"c-link c-link--is-underlined\" target=\"_blank\" rel=\"noopener\">X<\/a> (ex-Twitter) qui aurait rep\u00e9r\u00e9 en premier les nombreuses erreurs du communiqu\u00e9, d\u2019apr\u00e8s le HuffPost. Ce qui a frapp\u00e9 cet internaute, ce sont d\u2019abord les fautes d\u2019orthographe et de conjugaison. <a href=\"https:\/\/www.leparisien.fr\/culture-loisirs\/musique\/rachida-dati-rend-un-hommage-truffe-derreurs-au-rappeur-calbo-cofondateur-du-groupe-arsenik-decede-dimanche-06-01-2026-YZISHMDQC5BVLOWR7MNHBQGXVE.php\" rel=\"nofollow noopener\" target=\"_blank\" class=\"c-link c-link--is-underlined\">Le Parisien<\/a> en a not\u00e9 au moins trois dans ce document de moins d\u2019une page. \u00c0 la place de \u00ab\u00a0il \u00e9tait d\u00e9finitivement entr\u00e9\u00a0\u00bb, on pouvait notamment y lire \u00ab\u00a0il \u00e9tait d\u00e9finitivement entr\u00e9e\u00a0\u00bb.<\/p>\n<p>\u00c0 ce sujet, le minist\u00e8re de la <a href=\"https:\/\/www.20minutes.fr\/arts-stars\/culture\/\" class=\"c-link c-link--is-underlined\" target=\"_blank\" rel=\"noopener\">Culture<\/a> a effectivement reconnu quelques coquilles, qui ont \u00e9t\u00e9 corrig\u00e9es dans une version mise \u00e0 jour. Mais reste un autre probl\u00e8me, jug\u00e9 potentiellement plus grave. Le communiqu\u00e9 \u00e9voque en effet le titre Shalom\u00a0d\u2019\u00c4rsenik, affirmant que celui-ci aurait r\u00e9v\u00e9l\u00e9 la \u00ab\u00a0virtuosit\u00e9 du groupe et leur amour de la langue fran\u00e7aise maniant rimes multisyllabiques et m\u00e9taphores\u00a0\u00bb. Sauf que Shalom\u00a0d\u2019\u00c4rsenik n\u2019existe pas. Il s\u2019agit de toute \u00e9vidence d\u2019une confusion avec Shaolin, 6e chaudron\u00a0de l\u2019album Quelque chose a surv\u00e9cu\u2026, sorti en\u00a02002.<\/p>\n<blockquote class=\"twitter-tweet\">\n<p lang=\"fr\" dir=\"ltr\">J&rsquo;ai fait une petite recherche. <\/p>\n<p>Quasiment tout a \u00e9t\u00e9 pomp\u00e9 et retravaill\u00e9 \u00e0 partir d&rsquo;un site qui dressait la biographie de Calbo, juste avant son d\u00e9c\u00e8s.<\/p>\n<p>Avec la m\u00eame erreur sur \u00ab Shalom \u00bb au lieu de \u00ab Shaolin \u00bb et le m\u00eame plan de pr\u00e9sentation avec des termes similaires.<\/p>\n<p>Bravo\u2026 <a href=\"https:\/\/t.co\/PbhBjZDsOf\">pic.twitter.com\/PbhBjZDsOf<\/a><\/p>\n<p>\u2014 Nizzague (@Nizzague) <a href=\"https:\/\/twitter.com\/Nizzague\/status\/2008508557637882278?ref_src=twsrc%5Etfw\" target=\"_blank\" rel=\"noopener\">January 6, 2026<\/a><\/p><\/blockquote>\n<p> Repompe ou IA\u00a0?<\/p>\n<p>Reste que l\u2019erreur interroge. Notamment parce que la m\u00eame b\u00e9vue a \u00e9t\u00e9 commise sur \u00ab\u00a0un site qui dressait la <a href=\"https:\/\/www.20minutes.fr\/dossier\/biographie\" class=\"c-link c-link--is-underlined\" target=\"_blank\" rel=\"noopener\">biographie<\/a> de Calbo, juste avant son d\u00e9c\u00e8s\u00a0\u00bb, selon Nizzague, avec, en plus, \u00ab\u00a0le m\u00eame plan de pr\u00e9sentation avec des termes similaires\u00a0\u00bb. Assez de similitudes en tout cas pour que l\u2019internaute estime que \u00ab\u00a0quasiment tout a \u00e9t\u00e9 pomp\u00e9 et retravaill\u00e9\u00a0\u00bb \u00e0 partir du site. Voire d\u2019envisager que le minist\u00e8re ait utilis\u00e9 l\u2019intelligence artificielle pour r\u00e9aliser le communiqu\u00e9.<\/p>\n<\/p>\n<p>Le minist\u00e8re a ni\u00e9 toute utilisation de l\u2019intelligence artificielle. \u00ab\u00a0Nous ne recourons pas \u00e0 l\u2019IA pour r\u00e9diger ces communications\u00a0\u00bb, a d\u00e9clar\u00e9 un porte-parole, ajoutant qu&rsquo;\u00ab\u00a0un conseiller de la ministre est d\u2019ailleurs charg\u00e9 de leur r\u00e9daction\u00a0\u00bb. Sur la nouvelle version du communiqu\u00e9, c\u2019est en tout cas bien Shaolin\/6\u00e8me Chaudron\u00a0qui appara\u00eet d\u00e9sormais \u00e0 la place de Shalom.<\/p>\n<p><script async src=\"https:\/\/platform.twitter.com\/widgets.js\" charset=\"utf-8\"><\/script><\/p>\n","protected":false},"excerpt":{"rendered":"Le rappeur Calbo, cofondateur du groupe \u00c4rsenik, est d\u00e9c\u00e9d\u00e9 ce\u00a0dimanche\u00a0\u00e0 l\u2019\u00e2ge de 52 ans. Rachida Dati, ministre de&hellip;\n","protected":false},"author":2,"featured_media":647222,"comment_status":"","ping_status":"","sticky":false,"template":"","format":"standard","meta":{"footnotes":""},"categories":[1355],"tags":[251,58,59,1011,27,3995,2616,1361,873,417,3616],"class_list":{"0":"post-647221","1":"post","2":"type-post","3":"status-publish","4":"format-standard","5":"has-post-thumbnail","7":"category-musique","8":"tag-culture","9":"tag-divertissement","10":"tag-entertainment","11":"tag-fr","12":"tag-france","13":"tag-intelligence-artificielle-ia","14":"tag-ministre-de-la-culture","15":"tag-music","16":"tag-musique","17":"tag-rachida-dati","18":"tag-rap"},"share_on_mastodon":{"url":"https:\/\/pubeurope.com\/@fr\/115854201588342671","error":""},"_links":{"self":[{"href":"https:\/\/www.europesays.com\/fr\/wp-json\/wp\/v2\/posts\/647221","targetHints":{"allow":["GET"]}}],"collection":[{"href":"https:\/\/www.europesays.com\/fr\/wp-json\/wp\/v2\/posts"}],"about":[{"href":"https:\/\/www.europesays.com\/fr\/wp-json\/wp\/v2\/types\/post"}],"author":[{"embeddable":true,"href":"https:\/\/www.europesays.com\/fr\/wp-json\/wp\/v2\/users\/2"}],"replies":[{"embeddable":true,"href":"https:\/\/www.europesays.com\/fr\/wp-json\/wp\/v2\/comments?post=647221"}],"version-history":[{"count":0,"href":"https:\/\/www.europesays.com\/fr\/wp-json\/wp\/v2\/posts\/647221\/revisions"}],"wp:featuredmedia":[{"embeddable":true,"href":"https:\/\/www.europesays.com\/fr\/wp-json\/wp\/v2\/media\/647222"}],"wp:attachment":[{"href":"https:\/\/www.europesays.com\/fr\/wp-json\/wp\/v2\/media?parent=647221"}],"wp:term":[{"taxonomy":"category","embeddable":true,"href":"https:\/\/www.europesays.com\/fr\/wp-json\/wp\/v2\/categories?post=647221"},{"taxonomy":"post_tag","embeddable":true,"href":"https:\/\/www.europesays.com\/fr\/wp-json\/wp\/v2\/tags?post=647221"}],"curies":[{"name":"wp","href":"https:\/\/api.w.org\/{rel}","templated":true}]}}