{"id":647233,"date":"2026-01-07T14:11:13","date_gmt":"2026-01-07T14:11:13","guid":{"rendered":"https:\/\/www.europesays.com\/fr\/647233\/"},"modified":"2026-01-07T14:11:13","modified_gmt":"2026-01-07T14:11:13","slug":"pour-conduire-sur-la-neige-certaines-voitures-disposent-dun-bouton-bien-pratique","status":"publish","type":"post","link":"https:\/\/www.europesays.com\/fr\/647233\/","title":{"rendered":"Pour conduire sur la neige, certaines voitures disposent d\u2019un bouton bien pratique"},"content":{"rendered":"<p>On ne parle plus que de \u00e7a depuis quelques jours\u00a0: la <a href=\"https:\/\/www.20minutes.fr\/dossier\/neige\" class=\"c-link c-link--is-underlined\" target=\"_blank\" rel=\"noopener\">neige<\/a> est arriv\u00e9e en <a href=\"https:\/\/www.20minutes.fr\/france\/\" class=\"c-link c-link--is-underlined\" target=\"_blank\" rel=\"noopener\">France<\/a> depuis ce lundi. Et alors que les routes sont <a href=\"https:\/\/www.20minutes.fr\/societe\/4194648-20260106-neige-verglas-ile-france-etat-recommande-eviter-tout-deplacement-mercredi\" class=\"c-link c-link--is-underlined\" target=\"_blank\" rel=\"noopener\">recouvertes d\u2019un manteau blanc<\/a>, les automobilistes s\u2019organisent comme ils peuvent pour \u00e9viter les gal\u00e8res.<\/p>\n<p>Conduire sur la neige n\u2019est en effet pas sans danger. Mais comme l\u2019indique\u00a0<a href=\"https:\/\/www.presse-citron.net\/neige-ce-bouton-que-des-milliers-dautomobilistes-ignorent-encore-peut-tout-changer\/\" rel=\"nofollow noopener\" target=\"_blank\" class=\"c-link c-link--is-underlined\">Presse-Citron<\/a>, les constructeurs automobiles ont pens\u00e9 \u00e0 tout. Ainsi, peu de gens le savent mais il existe une fonctionnalit\u00e9 sp\u00e9cifique \u00e0 la neige sur les voitures \u00e0 bo\u00eete automatique afin de faciliter le d\u00e9marrage et la <a href=\"https:\/\/www.20minutes.fr\/dossier\/circulation\" class=\"c-link c-link--is-underlined\" target=\"_blank\" rel=\"noopener\">circulation<\/a>.<\/p>\n<p>Un \u00ab\u00a0mode neige\u00a0\u00bb sur les voitures automatiques<\/p>\n<p>En cas de neige, il est en effet conseill\u00e9 de d\u00e9marrer directement en deuxi\u00e8me vitesse avec un r\u00e9gime moteur tr\u00e8s bas afin d\u2019\u00e9viter le patinage des roues et les d\u00e9rapages sur le <a href=\"https:\/\/www.20minutes.fr\/dossier\/verglas\" class=\"c-link c-link--is-underlined\" target=\"_blank\" rel=\"noopener\">verglas<\/a>. Or, sur une voiture \u00e0 bo\u00eete automatique, il n\u2019est pas possible de choisir la vitesse avec laquelle on fait d\u00e9marrer son v\u00e9hicule.<\/p>\n<p>Pour rem\u00e9dier \u00e0 cela, les fabricants ont imagin\u00e9 un mode neige sur les mod\u00e8les les plus r\u00e9cents. Celui-ci permet de faire d\u00e9marrer son v\u00e9hicule directement en seconde avec une puissance r\u00e9duite au niveau du <a href=\"https:\/\/www.20minutes.fr\/dossier\/moteur\" class=\"c-link c-link--is-underlined\" target=\"_blank\" rel=\"noopener\">moteur<\/a> afin de diminuer les risques. Cette fonctionnalit\u00e9 est disponible sous forme d\u2019un bouton ou d\u2019une molette au niveau du volant ou de l\u2019emplacement des pommeaux de vitesse.<\/p>\n<\/p>\n<p>Quel que soit son emplacement, cette option est facile \u00e0 retrouver car elle est toujours indiqu\u00e9e avec un petit flocon de neige \u2013 on fait difficilement plus \u00e9loquent. Quoi qu\u2019il en soit, en cas de chute de neige, ce genre de fonctionnalit\u00e9 ne vous \u00e9pargnera pas l\u2019utilisation de pneus neige ou de cha\u00eenes dans les r\u00e9gions o\u00f9 le manteau neigeux est le plus \u00e9pais.<\/p>\n","protected":false},"excerpt":{"rendered":"On ne parle plus que de \u00e7a depuis quelques jours\u00a0: la neige est arriv\u00e9e en France depuis ce&hellip;\n","protected":false},"author":2,"featured_media":647234,"comment_status":"","ping_status":"","sticky":false,"template":"","format":"standard","meta":{"footnotes":""},"categories":[6],"tags":[47,646,35,33,34,1011,27,3059,2487,2357,10584,4752],"class_list":{"0":"post-647233","1":"post","2":"type-post","3":"status-publish","4":"format-standard","5":"has-post-thumbnail","7":"category-economie","8":"tag-actualite","9":"tag-automobile","10":"tag-business","11":"tag-economie","12":"tag-economy","13":"tag-fr","14":"tag-france","15":"tag-intemperies","16":"tag-meteo","17":"tag-meteo-france","18":"tag-neige","19":"tag-voiture"},"share_on_mastodon":{"url":"https:\/\/pubeurope.com\/@fr\/115854225212972798","error":""},"_links":{"self":[{"href":"https:\/\/www.europesays.com\/fr\/wp-json\/wp\/v2\/posts\/647233","targetHints":{"allow":["GET"]}}],"collection":[{"href":"https:\/\/www.europesays.com\/fr\/wp-json\/wp\/v2\/posts"}],"about":[{"href":"https:\/\/www.europesays.com\/fr\/wp-json\/wp\/v2\/types\/post"}],"author":[{"embeddable":true,"href":"https:\/\/www.europesays.com\/fr\/wp-json\/wp\/v2\/users\/2"}],"replies":[{"embeddable":true,"href":"https:\/\/www.europesays.com\/fr\/wp-json\/wp\/v2\/comments?post=647233"}],"version-history":[{"count":0,"href":"https:\/\/www.europesays.com\/fr\/wp-json\/wp\/v2\/posts\/647233\/revisions"}],"wp:featuredmedia":[{"embeddable":true,"href":"https:\/\/www.europesays.com\/fr\/wp-json\/wp\/v2\/media\/647234"}],"wp:attachment":[{"href":"https:\/\/www.europesays.com\/fr\/wp-json\/wp\/v2\/media?parent=647233"}],"wp:term":[{"taxonomy":"category","embeddable":true,"href":"https:\/\/www.europesays.com\/fr\/wp-json\/wp\/v2\/categories?post=647233"},{"taxonomy":"post_tag","embeddable":true,"href":"https:\/\/www.europesays.com\/fr\/wp-json\/wp\/v2\/tags?post=647233"}],"curies":[{"name":"wp","href":"https:\/\/api.w.org\/{rel}","templated":true}]}}