{"id":647236,"date":"2026-01-07T14:13:16","date_gmt":"2026-01-07T14:13:16","guid":{"rendered":"https:\/\/www.europesays.com\/fr\/647236\/"},"modified":"2026-01-07T14:13:16","modified_gmt":"2026-01-07T14:13:16","slug":"point-de-situation-actualites-actualites","status":"publish","type":"post","link":"https:\/\/www.europesays.com\/fr\/647236\/","title":{"rendered":"Point de situation &#8211; Actualit\u00e9s &#8211; Actualit\u00e9s"},"content":{"rendered":"<p>\n            Mis \u00e0 jour le\u00a007\/01\/2026\n        <\/p>\n<p>                                                                                                    <img decoding=\"async\" class=\"fr-responsive-img\" src=\"https:\/\/www.europesays.com\/fr\/wp-content\/uploads\/2026\/01\/Point-de-situation_large.jpg\" alt=\"\" style=\"aspect-ratio: 1.772972972973;\"\/><\/p>\n<p>Les pr\u00e9cipitations neigeuses se sont calm\u00e9es sur l\u2019ensemble du Pas-de-Calais mais la vigilance orange \u00ab\u00a0neige-verglas\u00a0\u00bb devrait perdurer jusqu\u2019\u00e0 14h ce jour. Le centre op\u00e9rationnel d\u00e9partemental est actif depuis 6h ce matin, sous l\u2019autorit\u00e9 du pr\u00e9fet du Pas-de-Calais. <\/p>\n<p><b>Bilan \u00e0 12h <\/b><\/p>\n<ul>\n<li>8 accidents mat\u00e9riels sans gravit\u00e9 ont eu lieu, essentiellement sur le r\u00e9seau secondaire.<\/li>\n<li>5 bless\u00e9s l\u00e9gers ont \u00e9t\u00e9 pris en charge par les sapeurs-pompiers.<b> <\/b><\/li>\n<\/ul>\n<p><b>Rappel des consignes de prudence<\/b><b>\u00a0<\/b><b>: <\/b><\/p>\n<ul>\n<li>Limiter les d\u00e9placements, dans la mesure du possible\u00a0;<\/li>\n<li>Respecter les restrictions de circulation mises en place\u00a0;<\/li>\n<li>En cas de d\u00e9placement, pr\u00e9voir des v\u00eatements chauds, des vivres et un t\u00e9l\u00e9phone charg\u00e9.<b> <\/b><\/li>\n<\/ul>\n<p><b>Rappel des mesures mises en \u0153uvre <\/b><\/p>\n<p><b>\u00a0<\/b><\/p>\n<p><b>Mesures relatives \u00e0 la gestion du trafic<\/b> <\/p>\n<p>La pr\u00e9fecture de zone de d\u00e9fense et de s\u00e9curit\u00e9 Nord a mis en \u0153uvre des mesures de gestion du trafic routier applicables jusqu\u2019\u00e0 la fin de l\u2019\u00e9pisode neigeux : interdiction de circuler sur les autoroutes et routes nationales pour les v\u00e9hicules de plus de 3,5 tonnes, limitation de la vitesse et interdiction des man\u0153uvres de d\u00e9passement. <\/p>\n<p>En compl\u00e9ment, le pr\u00e9fet du Pas-de-Calais a interdit la circulation des v\u00e9hicules de plus de 7,5 tonnes sur l\u2019ensemble du r\u00e9seau secondaire, jusqu\u2019\u00e0 la fin de l\u2019\u00e9pisode neigeux. Des zones de stockage et de retournement ont \u00e9t\u00e9 activ\u00e9es, notamment sur les autoroutes A1, A16 et A26.<\/p>\n<p>\u00c0 12h, 1 722 poids lourds sont stock\u00e9s sur toutes les aires, les parkings du port et d\u2019Eurotunnel.<\/p>\n<p>Ces dispositifs sont \u00e9volutifs et pourront \u00eatre adapt\u00e9s en fonction de la situation.<\/p>\n<p>Les forces de s\u00e9curit\u00e9 et de secours sont pleinement mobilis\u00e9es avec un dispositif renforc\u00e9.<\/p>\n<p><b>Mesures relatives aux transports scolaires<\/b><\/p>\n<p>Les transports scolaires sont suspendus toute la journ\u00e9e ce mercredi 7 janvier dans le Pas-de-Calais. Un accueil est assur\u00e9 par les \u00e9coles, coll\u00e8ges et lyc\u00e9es qui accueillaient normalement les \u00e9l\u00e8ves aujourd\u2019hui. <\/p>\n<p><b>Mesures mises en \u0153uvre \u00e0 destination des personnes vuln\u00e9rables <\/b><\/p>\n<ul>\n<li>\u2022 <b>Extension des horaires de fonctionnement entre 20h et 22h<\/b> des accueils de jour situ\u00e9s dans le d\u00e9partement (1 par arrondissement)\u00a0; 7\u00a0jours sur 7 .<\/li>\n<li>\u2022 <b>Intensification des maraudes<\/b> (10 \u00e9quipes de rue\u00a0: 1 par arrondissement, 2 sur celui de Lens et 2 \u00e9quipes de rue mobiles en secteur rural) afin d\u2019inciter toutes les personnes \u00e0 accepter un h\u00e9bergement.<\/li>\n<li>\u2022 Mobilisation des <b>places d\u2019h\u00e9bergement d\u2019urgence suppl\u00e9mentaires<\/b> pour faire face aux demandes. Le parc d\u00e9partemental est maintenu \u00e0 un haut niveau de capacit\u00e9 de 1 426 places. Depuis 2022, <b>toutes les places ouvertes pour la p\u00e9riode hivernale ont \u00e9t\u00e9 p\u00e9rennis\u00e9es \u00e0 l\u2019ann\u00e9e<\/b> et confortent les r\u00e9ponses annuelles. 38 places suppl\u00e9mentaires ont \u00e9t\u00e9 ouvertes depuis le 1er novembre 2025 pour pallier les demandes d\u2019h\u00e9bergement en p\u00e9riode hivernale.<\/li>\n<li>\u2022 Des consignes ont \u00e9t\u00e9 donn\u00e9es pour <b>l\u2019activation facilit\u00e9e de nuit\u00e9es h\u00f4teli\u00e8res<\/b> dans tous les arrondissements du Pas-de-Calais actuellement 100 places sont mobilis\u00e9es pour accueillir les personnes les plus vuln\u00e9rables.<\/li>\n<li>\u2022 Les 7 antennes d\u00e9partementales du Service Int\u00e9gr\u00e9 d\u2019Accueil et d\u2019Orientation (SIAO) sont enti\u00e8rement mobilis\u00e9es pour apporter les r\u00e9ponses les plus adapt\u00e9es.<\/li>\n<li>\u2022 Le d\u00e9partement du Pas-de-Calais pr\u00e9sente un taux de d\u00e9croch\u00e9s au num\u00e9ro d\u2019appel 115, unique en France de 98\u00a0%. Plus de de 300 appels jour sont enregistr\u00e9s.<\/li>\n<li>\u2022 L\u2019ensemble du dispositif d\u2019accueil et d\u2019h\u00e9bergement du Pas-de-Calais mobilise 50M d\u2019\u20ac et s\u2019appuie sur 160 professionnels d\u00e9di\u00e9s.<\/li>\n<li>\u2022 Le dispositif de mise \u00e0 l\u2019abri d\u00e9di\u00e9 aux populations migrantes du Calaisis est d\u00e9clench\u00e9 depuis le 24 d\u00e9cembre. Il a accueilli en moyenne 370 personnes sur Calais chaque soir. Il se conjugue avec un d\u00e9part quotidien vers les centres de mise \u00e0 l\u2019abri qui est assur\u00e9 depuis Calais (plus de 4 500 personnes ont \u00e9t\u00e9 mises \u00e0 l\u2019abri par ce biais en 2025).<b> <\/b><\/li>\n<\/ul>\n<p><b>\u00a0<\/b><\/p>\n<p><b>La situation est suivie tr\u00e8s attentivement par les services de l\u2019\u00c9tat. Le pr\u00e9fet appelle les habitants du Pas-de-Calais \u00e0 la plus grande prudence et \u00e0 respecter les consignes d\u00e9taill\u00e9es ci-dessus.<\/b><\/p>\n","protected":false},"excerpt":{"rendered":"Mis \u00e0 jour le\u00a007\/01\/2026 Les pr\u00e9cipitations neigeuses se sont calm\u00e9es sur l\u2019ensemble du Pas-de-Calais mais la vigilance orange&hellip;\n","protected":false},"author":2,"featured_media":647237,"comment_status":"","ping_status":"","sticky":false,"template":"","format":"standard","meta":{"footnotes":""},"categories":[4],"tags":[11,1011,27,12,25],"class_list":{"0":"post-647236","1":"post","2":"type-post","3":"status-publish","4":"format-standard","5":"has-post-thumbnail","7":"category-france","8":"tag-actualites","9":"tag-fr","10":"tag-france","11":"tag-news","12":"tag-republique-francaise"},"share_on_mastodon":{"url":"https:\/\/pubeurope.com\/@fr\/115854233151996073","error":""},"_links":{"self":[{"href":"https:\/\/www.europesays.com\/fr\/wp-json\/wp\/v2\/posts\/647236","targetHints":{"allow":["GET"]}}],"collection":[{"href":"https:\/\/www.europesays.com\/fr\/wp-json\/wp\/v2\/posts"}],"about":[{"href":"https:\/\/www.europesays.com\/fr\/wp-json\/wp\/v2\/types\/post"}],"author":[{"embeddable":true,"href":"https:\/\/www.europesays.com\/fr\/wp-json\/wp\/v2\/users\/2"}],"replies":[{"embeddable":true,"href":"https:\/\/www.europesays.com\/fr\/wp-json\/wp\/v2\/comments?post=647236"}],"version-history":[{"count":0,"href":"https:\/\/www.europesays.com\/fr\/wp-json\/wp\/v2\/posts\/647236\/revisions"}],"wp:featuredmedia":[{"embeddable":true,"href":"https:\/\/www.europesays.com\/fr\/wp-json\/wp\/v2\/media\/647237"}],"wp:attachment":[{"href":"https:\/\/www.europesays.com\/fr\/wp-json\/wp\/v2\/media?parent=647236"}],"wp:term":[{"taxonomy":"category","embeddable":true,"href":"https:\/\/www.europesays.com\/fr\/wp-json\/wp\/v2\/categories?post=647236"},{"taxonomy":"post_tag","embeddable":true,"href":"https:\/\/www.europesays.com\/fr\/wp-json\/wp\/v2\/tags?post=647236"}],"curies":[{"name":"wp","href":"https:\/\/api.w.org\/{rel}","templated":true}]}}