{"id":647238,"date":"2026-01-07T14:14:11","date_gmt":"2026-01-07T14:14:11","guid":{"rendered":"https:\/\/www.europesays.com\/fr\/647238\/"},"modified":"2026-01-07T14:14:11","modified_gmt":"2026-01-07T14:14:11","slug":"les-cinq-mois-de-deploiements-militaires-qui-ont-permis-aux-etats-unis-dintervenir-au-venezuela","status":"publish","type":"post","link":"https:\/\/www.europesays.com\/fr\/647238\/","title":{"rendered":"les cinq mois de d\u00e9ploiements militaires qui ont permis aux Etats-Unis d\u2019intervenir au Venezuela"},"content":{"rendered":"\n<p class=\"article__paragraph article__paragraph--lf \">Le fait est sans pr\u00e9c\u00e9dent depuis 1989. A Caracas, le 3\u00a0janvier\u00a02026, un pr\u00e9sident en exercice est d\u00e9pos\u00e9 par une puissance \u00e9trang\u00e8re\u00a0: les Etats-Unis. Il y a trente ans, l\u2019op\u00e9ration \u00ab\u00a0Just Cause\u00a0\u00bb, qui mettait fin au r\u00e9gime de Noriega, au Panama, durait quelques semaines. Son h\u00e9riti\u00e8re, l\u2019op\u00e9ration \u00ab\u00a0Absolute Resolve\u00a0\u00bb, qui immobilise les d\u00e9fenses v\u00e9n\u00e9zu\u00e9liennes et permet la capture du pr\u00e9sident Nicolas Maduro, ne dure que quelques heures. Pour y parvenir, il a toutefois fallu des mois de man\u0153uvres \u00e0 l\u2019arm\u00e9e am\u00e9ricaine, afin de consolider sa pr\u00e9sence dans la r\u00e9gion carib\u00e9enne. Le Monde retrace les origines de cet \u00e9v\u00e9nement historique.<\/p>\n<p>                                     Lire aussi |  <a href=\"https:\/\/www.lemonde.fr\/international\/live\/2026\/01\/06\/en-direct-venezuela-les-europeens-apportent-leur-soutien-au-groenland-et-au-danemark-apres-les-revendications-de-trump-et-l-operation-militaire-a-caracas_6660411_3210.html\" class=\"js-article-read-also catcher--favoris__link\" data-premium=\"\" id=\"article-title-3453104\" target=\"_blank\" rel=\"noopener\">EN DIRECT, Venezuela\u00a0: la Chine r\u00e9p\u00e8te que le Venezuela est \u00ab\u00a0un pays souverain\u00a0\u00bb, le Qatar propose sa m\u00e9diation<\/a>    <\/p>\n<p>   Lire plus tard  <\/p>\n<p>                        D\u00e8s l\u2019\u00e9t\u00e9, les forces am\u00e9ricaines se mettent en\u00a0mouvement                  <\/p>\n<p class=\"article__paragraph article__paragraph--lf \"><strong>Juillet<\/strong>. Accus\u00e9 de \u00ab\u00a0narcoterrorisme\u00a0\u00bb par les Etats-Unis, le pr\u00e9sident v\u00e9n\u00e9zu\u00e9lien est <a href=\"https:\/\/www.lemonde.fr\/international\/article\/2020\/03\/27\/l-homme-fort-du-venezuela-nicolas-maduro-poursuivi-aux-etats-unis-pour-narcoterrorisme_6034601_3210.html\" target=\"_blank\" rel=\"noopener\" title=\"Nouvelle fen\u00eatre\">poursuivi par le d\u00e9partement de la justice<\/a> depuis mars\u00a02020. En juillet 2025, l\u2019\u00e9tau se resserre\u00a0: l\u2019administration am\u00e9ricaine qui accusait Nicolas Maduro de diriger le\u00a0cartel de los Soles\u00a0(<a href=\"https:\/\/www.lemonde.fr\/international\/article\/2026\/01\/06\/les-etats-unis-n-accusent-plus-nicolas-maduro-d-etre-a-la-tete-du-cartel-de-los-soles_6660787_3210.html\" target=\"_blank\" rel=\"noopener\" title=\"Nouvelle fen\u00eatre\">avant de changer de position tout r\u00e9cemment<\/a>), classe ce dernier parmi les organisations terroristes. Un pas d\u00e9cisif est alors franchi\u00a0: selon la presse am\u00e9ricaine, Donald Trump ordonne au Pentagone d\u2019<a href=\"https:\/\/www.nytimes.com\/2025\/08\/08\/us\/trump-military-drug-cartels.html\" target=\"_blank\" rel=\"noopener\" title=\"Nouvelle fen\u00eatre\">utiliser la force arm\u00e9e contre les cartels<\/a> de drogue d\u00e9sign\u00e9s comme organisations terroristes, ouvrant la voie \u00e0 une possible intervention militaire au Venezuela.<\/p>\n<p class=\"article__paragraph article__paragraph--lf \"><strong>Ao\u00fbt<\/strong>. A la fin du mois, Washington d\u00e9ploie au moins huit navires de guerre dans les Cara\u00efbes. Le 3\u00a0septembre, un satellite capte le passage du groupe d\u2019assaut amphibie Iwo Jima, compos\u00e9 de quatre vaisseaux et qui emporte 4\u00a0500\u00a0marins. Il se situe alors \u00e0 573\u00a0kilom\u00e8tres au nord de Caracas. Sur l\u2019image ci-dessous, rep\u00e9r\u00e9e par <a href=\"https:\/\/bsky.app\/profile\/mtanderson.bsky.social\" target=\"_blank\" rel=\"noopener\" title=\"Nouvelle fen\u00eatre\">l\u2019observateur @mtanderson<\/a>, on distingue le b\u00e2timent leader du groupe, l\u2019USS Iwo-Jima, o\u00f9 seront transport\u00e9s Nicolas Maduro et son \u00e9pouse, Cilia Flores, apr\u00e8s leur enl\u00e8vement le 3\u00a0janvier. L\u2019Iwo-Jima est un navire d\u2019assaut amphibie qui fonctionne essentiellement comme un petit porte-avions. Quatre autres navires, dont trois sont \u00e9quip\u00e9s de missiles guid\u00e9s, patrouillent aussi <strong>dans la r\u00e9gion.<\/strong><\/p>\n<p class=\"reading-mode-only \"><strong>Il vous reste 73.83% de cet article \u00e0 lire. La suite est r\u00e9serv\u00e9e aux abonn\u00e9s.<\/strong><\/p>\n","protected":false},"excerpt":{"rendered":"Le fait est sans pr\u00e9c\u00e9dent depuis 1989. A Caracas, le 3\u00a0janvier\u00a02026, un pr\u00e9sident en exercice est d\u00e9pos\u00e9 par&hellip;\n","protected":false},"author":2,"featured_media":647239,"comment_status":"","ping_status":"","sticky":false,"template":"","format":"standard","meta":{"footnotes":""},"categories":[2],"tags":[11,1011,27,12],"class_list":{"0":"post-647238","1":"post","2":"type-post","3":"status-publish","4":"format-standard","5":"has-post-thumbnail","7":"category-actualites","8":"tag-actualites","9":"tag-fr","10":"tag-france","11":"tag-news"},"share_on_mastodon":{"url":"https:\/\/pubeurope.com\/@fr\/115854236979473275","error":""},"_links":{"self":[{"href":"https:\/\/www.europesays.com\/fr\/wp-json\/wp\/v2\/posts\/647238","targetHints":{"allow":["GET"]}}],"collection":[{"href":"https:\/\/www.europesays.com\/fr\/wp-json\/wp\/v2\/posts"}],"about":[{"href":"https:\/\/www.europesays.com\/fr\/wp-json\/wp\/v2\/types\/post"}],"author":[{"embeddable":true,"href":"https:\/\/www.europesays.com\/fr\/wp-json\/wp\/v2\/users\/2"}],"replies":[{"embeddable":true,"href":"https:\/\/www.europesays.com\/fr\/wp-json\/wp\/v2\/comments?post=647238"}],"version-history":[{"count":0,"href":"https:\/\/www.europesays.com\/fr\/wp-json\/wp\/v2\/posts\/647238\/revisions"}],"wp:featuredmedia":[{"embeddable":true,"href":"https:\/\/www.europesays.com\/fr\/wp-json\/wp\/v2\/media\/647239"}],"wp:attachment":[{"href":"https:\/\/www.europesays.com\/fr\/wp-json\/wp\/v2\/media?parent=647238"}],"wp:term":[{"taxonomy":"category","embeddable":true,"href":"https:\/\/www.europesays.com\/fr\/wp-json\/wp\/v2\/categories?post=647238"},{"taxonomy":"post_tag","embeddable":true,"href":"https:\/\/www.europesays.com\/fr\/wp-json\/wp\/v2\/tags?post=647238"}],"curies":[{"name":"wp","href":"https:\/\/api.w.org\/{rel}","templated":true}]}}