{"id":647242,"date":"2026-01-07T14:16:28","date_gmt":"2026-01-07T14:16:28","guid":{"rendered":"https:\/\/www.europesays.com\/fr\/647242\/"},"modified":"2026-01-07T14:16:28","modified_gmt":"2026-01-07T14:16:28","slug":"lancien-maire-de-saint-etienne-gael-perdriau-incarcere-2","status":"publish","type":"post","link":"https:\/\/www.europesays.com\/fr\/647242\/","title":{"rendered":"l\u2019ancien maire de Saint-\u00c9tienne, Ga\u00ebl Perdriau, incarc\u00e9r\u00e9"},"content":{"rendered":"<p>\n    L\u2019ancien maire de Saint-\u00c9tienne, Ga\u00ebl Perdriau, a annonc\u00e9 mercredi son incarc\u00e9ration apr\u00e8s sa condamnation \u00e0 quatre ans de prison ferme dans l\u2019affaire de chantage \u00e0 la vid\u00e9o intime visant son premier adjoint, et ce bien qu\u2019il ait fait appel.<\/p>\n<p class=\"fig-paragraph\">L\u2019ancien maire de Saint-Etienne\u00a0<a href=\"http:\/\/www.lefigaro.fr\/lyon\/ca-clarifie-le-paysage-a-saint-etienne-la-campagne-s-ouvre-apres-la-condamnation-du-maire-gael-perdriau-20251202\" data-fig-type=\"NewsFlash\" data-gtm-custom-categorie=\"navigation\" data-gtm-custom-action=\"crossclick\" data-gtm-custom-label=\"Contextuel\" data-gtm-event=\"customEventSPE\" data-fig-domain=\"LEFIGARO\" target=\"_blank\" rel=\"noopener\">Ga\u00ebl Perdriau<\/a>, condamn\u00e9 \u00e0 quatre ans de prison ferme pour\u00a0<a href=\"http:\/\/www.lefigaro.fr\/lyon\/scandale-du-chantage-a-la-sextape-trahisons-entre-amis-au-premier-jour-du-proces-a-lyon-20250922\" data-fig-type=\"NewsFlash\" data-gtm-custom-categorie=\"navigation\" data-gtm-custom-action=\"crossclick\" data-gtm-custom-label=\"Contextuel\" data-gtm-event=\"customEventSPE\" data-fig-domain=\"LEFIGARO\" target=\"_blank\" rel=\"noopener\">chantage \u00e0 la sextape<\/a>, a \u00e9t\u00e9 incarc\u00e9r\u00e9 mercredi au centre p\u00e9nitentiaire de Bourg-en-Bresse, dans l\u2019Ain, a-t-on appris de sources concordantes.<\/p>\n<p class=\"fig-paragraph\">Maire de Saint-\u00c9tienne et pr\u00e9sident de sa m\u00e9tropole de 2014 \u00e0 2025, Ga\u00ebl Perdriau (ex-LR) indique sur son compte Facebook qu&rsquo;il va \u00abentrer en prison, conform\u00e9ment \u00e0 la d\u00e9cision de justice qui a \u00e9t\u00e9 rendue, dans le respect des institutions de notre pays\u00bb. L<a href=\"http:\/\/www.lefigaro.fr\/flash-actu\/saint-etienne-l-ex-maire-gael-perdriau-a-fait-appel-dans-l-affaire-du-chantage-a-la-sextape-20251212\" data-fig-type=\"NewsFlash\" data-gtm-custom-categorie=\"navigation\" data-gtm-custom-action=\"crossclick\" data-gtm-custom-label=\"Contextuel\" data-gtm-event=\"customEventSPE\" data-fig-domain=\"LEFIGARO\" target=\"_blank\" rel=\"noopener\">&lsquo;\u00e9lu a fait appel de son jugement\u00a0<\/a>du 1er d\u00e9cembre \u00e0 cinq ans de prison, dont un an avec sursis, et cinq ans d&rsquo;in\u00e9ligibilit\u00e9, avec ex\u00e9cution provisoire. \u00abCette d\u00e9cision, je la vis comme une terrible injustice. C&rsquo;est ainsi qu&rsquo;elle r\u00e9sonne douloureusement dans mon esprit et dans mon c\u0153ur. C&rsquo;est aussi pour cette raison que j&rsquo;ai fait appel, avec l&rsquo;espoir profond que la justice saura entendre ma voix\u00bb, \u00e9crit-il mercredi.<\/p>\n<p>                                            <a class=\"fig-a11y-skip\" href=\"#fig-a11y-skip-main-inarticle\" data-module=\"a11y-skip\" data-context=\"was @visible\"><br \/>\n    Passer la publicit\u00e9<br \/>\n<\/a>            <\/p>\n<p class=\"fig-paragraph\">Il \u00aba \u00e9t\u00e9 pris en charge \u00e0 10h30\u00bb au centre p\u00e9nitentiaire de Bourg-en-Bresse et a \u00ab\u00e9t\u00e9 plac\u00e9 directement \u00e0 l\u2019isolement, \u00e0 la demande de la justice qui souhaite que tous les mouvements soient bloqu\u00e9s chaque fois qu\u2019il effectuera un d\u00e9placement \u00e0 l\u2019int\u00e9rieur de l\u2019\u00e9tablissement, notamment lors des parloirs\u00bb, a pr\u00e9cis\u00e9 \u00e0 l\u2019AFP une source syndicale au sein de l\u2019administration p\u00e9nitentiaire. Son avocat, Me Jean-F\u00e9lix Luciani, a indiqu\u00e9 vouloir demander \u00abd\u00e8s aujourd\u2019hui\u00bb sa remise en libert\u00e9. Ga\u00ebl Perdriau \u00abremplit tous les crit\u00e8res\u00bb permettant de l\u2019obtenir, a-t-il assur\u00e9.<\/p>\n<p>                                            Une incarc\u00e9ration avec ex\u00e9cution provisoire<\/p>\n<p class=\"fig-paragraph\">Parmi les trois autres condamn\u00e9s dans cette affaire, l&rsquo;ancien adjoint \u00e0 l&rsquo;\u00c9ducation Samy Kefi-J\u00e9r\u00f4me et l&rsquo;ex-compagnon de ce dernier Gilles Rossary Langlet, condamn\u00e9s \u00e0 trois ans de prison ferme, ont eux aussi fait appel. Seul l&rsquo;ancien directeur de cabinet du maire, Pierre Gauttieri, qui a re\u00e7u une peine de deux ans ferme, n&rsquo;a pas interjet\u00e9 appel.<\/p>\n<p class=\"fig-paragraph\">Le tribunal correctionnel de Lyon a jug\u00e9 les quatre hommes coupables d&rsquo;avoir complot\u00e9 pour filmer un rival du maire \u00e0 son insu dans une chambre d&rsquo;h\u00f4tel en compagnie d&rsquo;un prostitu\u00e9, d&rsquo;avoir utilis\u00e9 cette vid\u00e9o intime pour le museler, et d&rsquo;avoir financ\u00e9 le pi\u00e8ge avec des fonds publics. Il a prononc\u00e9 \u00e0 l&rsquo;encontre de chacun une incarc\u00e9ration avec ex\u00e9cution provisoire, c\u2019est-\u00e0-dire applicable m\u00eame en cas d&rsquo;appel.<\/p>\n","protected":false},"excerpt":{"rendered":"L\u2019ancien maire de Saint-\u00c9tienne, Ga\u00ebl Perdriau, a annonc\u00e9 mercredi son incarc\u00e9ration apr\u00e8s sa condamnation \u00e0 quatre ans de&hellip;\n","protected":false},"author":2,"featured_media":647243,"comment_status":"","ping_status":"","sticky":false,"template":"","format":"standard","meta":{"footnotes":""},"categories":[9653],"tags":[1111,11,2430,1777,674,1011,27,6793,12,806,25,4001],"class_list":{"0":"post-647242","1":"post","2":"type-post","3":"status-publish","4":"format-standard","5":"has-post-thumbnail","7":"category-saint-etienne","8":"tag-actu","9":"tag-actualites","10":"tag-auvergne-rhone-alpes","11":"tag-eu","12":"tag-europe","13":"tag-fr","14":"tag-france","15":"tag-maires","16":"tag-news","17":"tag-prison","18":"tag-republique-francaise","19":"tag-saint-etienne"},"share_on_mastodon":{"url":"https:\/\/pubeurope.com\/@fr\/115854244964629186","error":""},"_links":{"self":[{"href":"https:\/\/www.europesays.com\/fr\/wp-json\/wp\/v2\/posts\/647242","targetHints":{"allow":["GET"]}}],"collection":[{"href":"https:\/\/www.europesays.com\/fr\/wp-json\/wp\/v2\/posts"}],"about":[{"href":"https:\/\/www.europesays.com\/fr\/wp-json\/wp\/v2\/types\/post"}],"author":[{"embeddable":true,"href":"https:\/\/www.europesays.com\/fr\/wp-json\/wp\/v2\/users\/2"}],"replies":[{"embeddable":true,"href":"https:\/\/www.europesays.com\/fr\/wp-json\/wp\/v2\/comments?post=647242"}],"version-history":[{"count":0,"href":"https:\/\/www.europesays.com\/fr\/wp-json\/wp\/v2\/posts\/647242\/revisions"}],"wp:featuredmedia":[{"embeddable":true,"href":"https:\/\/www.europesays.com\/fr\/wp-json\/wp\/v2\/media\/647243"}],"wp:attachment":[{"href":"https:\/\/www.europesays.com\/fr\/wp-json\/wp\/v2\/media?parent=647242"}],"wp:term":[{"taxonomy":"category","embeddable":true,"href":"https:\/\/www.europesays.com\/fr\/wp-json\/wp\/v2\/categories?post=647242"},{"taxonomy":"post_tag","embeddable":true,"href":"https:\/\/www.europesays.com\/fr\/wp-json\/wp\/v2\/tags?post=647242"}],"curies":[{"name":"wp","href":"https:\/\/api.w.org\/{rel}","templated":true}]}}