{"id":64725,"date":"2025-04-30T15:56:09","date_gmt":"2025-04-30T15:56:09","guid":{"rendered":"https:\/\/www.europesays.com\/fr\/64725\/"},"modified":"2025-04-30T15:56:09","modified_gmt":"2025-04-30T15:56:09","slug":"nicolas-poincare-debarque-sur-bfmtv-pour-incarner-ligne-rouge","status":"publish","type":"post","link":"https:\/\/www.europesays.com\/fr\/64725\/","title":{"rendered":"Nicolas Poincar\u00e9 d\u00e9barque sur BFMTV pour incarner \u00ab\u00a0Ligne rouge\u00a0\u00bb"},"content":{"rendered":"<p class=\"paragraph text_align_left\">Retour au bercail pour <a href=\"https:\/\/www.leparisien.fr\/culture-loisirs\/tv\/nicolas-poincare-complement-d-enquete-c-est-un-clan-30-07-2015-4979301.php\" target=\"_blank\" rel=\"nofollow noopener\">Nicolas Poincar\u00e9<\/a>. Selon nos informations, le journaliste de 63 ans va devenir l\u2019un des visages de BFMTV \u00e0 partir de la rentr\u00e9e prochaine. Il sera ainsi le r\u00e9dacteur en chef et le pr\u00e9sentateur de \u00ab Ligne rouge \u00bb, la marque de reportages longs formats et de s\u00e9ries documentaires de la cha\u00eene d\u2019information en continu.<\/p>\n<p class=\"paragraph text_align_left\">Cr\u00e9\u00e9e en 2019, cette offre de fin de semaine traitant de tous les sujets est toutefois historiquement tourn\u00e9e vers l\u2019international. Et devrait le rester la saison prochaine, la cha\u00eene se r\u00e9servant la possibilit\u00e9 de d\u00e9localiser certains de ses lancements sur les terrains qu\u2019elle traite. Nicolas Poincar\u00e9 pourrait aussi intervenir ponctuellement en plateau sur BFM en cas d\u2019\u00e9v\u00e9nements d\u2019actualit\u00e9 majeurs sur lesquels il dispose d\u2019une expertise.<\/p>\n<p class=\"paragraph text_align_left\">Cette arriv\u00e9e au sein de la cha\u00eene <a href=\"https:\/\/www.leparisien.fr\/economie\/medias-larmateur-cma-cgm-rachete-bfmtv-et-rmc-02-07-2024-TJWOEEIIZNF5RGUYPKWXVEFY7Y.php\" target=\"_blank\" rel=\"nofollow noopener\">d\u00e9tenue depuis juillet 2024 par Rodolphe Saad\u00e9<\/a> sonne un peu comme un retour pour ce reporter tr\u00e8s exp\u00e9riment\u00e9. Homme de radio pass\u00e9 par Radio France, RTL ou Europe 1, Nicolas Poincar\u00e9 a aussi pr\u00e9sent\u00e9 sur France 2 le magazine d\u2019investigation, <a href=\"https:\/\/www.leparisien.fr\/culture-loisirs\/tv\/nicolas-poincare-complement-d-enquete-c-est-un-clan-30-07-2015-4979301.php\" target=\"_blank\" rel=\"nofollow noopener\">\u00ab Compl\u00e9ment d\u2019enqu\u00eate \u00bb, succ\u00e9dant de 2014 \u00e0 2017 \u00e0 son fondateur, Beno\u00eet Duquesne<\/a>.<\/p>\n<p class=\"paragraph text_align_left\">En 2019, le journaliste avait rejoint RMC, intervenant quotidiennement dans la matinale d\u2019Apolline de Malherbe, <a href=\"https:\/\/www.leparisien.fr\/culture-loisirs\/tv\/rmc-matthieu-belliard-de-retour-pour-remplacer-nicolas-poincare-a-la-rentree-18-06-2024-H4RYMJVOJVAVJFRGEQLMKFY6NM.php\" target=\"_blank\" rel=\"nofollow noopener\">avant de quitter son poste en 2024 <\/a>pour se lancer dans la production. Il avait alors rejoint la soci\u00e9t\u00e9 de David Pujadas, Particules, \u0153uvrant notamment au d\u00e9veloppement de son offre de documentaires. Dans la structure du pr\u00e9sentateur de LCI, qu\u2019il quitte en bons termes, Nicolas Poincar\u00e9 sera remplac\u00e9 par Myriam Alma, qui pilotait justement \u00ab Ligne rouge \u00bb sur BFM. <\/p>\n<p>Mercato offensif<\/p>\n<p class=\"paragraph text_align_left\">C\u00f4t\u00e9 BFMTV, le recrutement de Nicolas Poincar\u00e9 s\u2019ajoute \u00e0<a href=\"https:\/\/www.leparisien.fr\/culture-loisirs\/tv\/marc-fauvelle-quitte-france-inter-et-rejoint-bfmtv-24-03-2025-DOJWGUWIJZFVJPV4DZOBYJJCOA.php\" target=\"_blank\" rel=\"nofollow noopener\"> celui de Marc Fauvelle<\/a>, ex-directeur de l\u2019information de France Inter, d\u00e9bauch\u00e9 en mars, et qui devrait h\u00e9riter de la tranche du matin. Depuis plusieurs mois, Fabien Namias, le directeur g\u00e9n\u00e9ral de BFMTV, a pr\u00e9venu de son intention de mener <a href=\"https:\/\/www.leparisien.fr\/culture-loisirs\/tv\/bfmtv-departs-en-serie-concurrence-plus-rude-que-se-passe-t-il-a-la-chaine-info-06-10-2023-L23KK2727VFSJKF5PZILCAXCLE.php\" target=\"_blank\" rel=\"nofollow noopener\">un mercato offensif<\/a>, son groupe <a href=\"https:\/\/www.leparisien.fr\/culture-loisirs\/tv\/television-lea-salame-anne-sophie-lapix-marc-fauvelle-guillaume-durand-le-mercato-sera-chaud-22-03-2025-PPXOI3SGBFBFVH6Q7BGYI6ATAA.php\" target=\"_blank\" rel=\"nofollow noopener\">courtisant notamment L\u00e9a Salam\u00e9<\/a>, l\u2019animatrice vedette de France 2 et France Inter. Objectif : refaire <a href=\"https:\/\/www.leparisien.fr\/culture-loisirs\/tv\/audiences-cnews-creuse-encore-un-peu-plus-lecart-avec-bfmtv-en-mars-31-03-2025-JRV5UQ2MKFBYVHITRFPD6DEZNE.php\" target=\"_blank\" rel=\"nofollow noopener\">son retard sur CNews<\/a>, l\u2019\u00e9cart d\u2019audience entre les deux canaux ayant atteint 0,6 point en avril (2,7 % pour BFM contre 3,3 % pour la cha\u00eene de Pascal Praud).<\/p>\n<p class=\"paragraph text_align_left\">Outre ces recrutements ext\u00e9rieurs, les dirigeants du groupe RMC\/BFM s\u2019emploient aussi \u00e0 s\u00e9curiser leurs pr\u00e9sentateurs. Comme nous l\u2019annoncions le 10 avril dernier, ils sont ainsi parvenus \u00e0 <a href=\"https:\/\/www.google.com\/search?q=truchot+marschall+le+parisien&amp;rlz=1C1GCEA_enFR1015FR1015&amp;oq=truchot+marschall+le+parisien&amp;gs_lcrp=EgZjaHJvbWUyBggAEEUYOTIKCAEQABiABBiiBDIKCAIQABiiBBiJBTIKCAMQABiABBiiBDIKCAQQABiABBiiBNIBCDM3ODRqMGo3qAIAsAIA&amp;sourceid=chrome&amp;ie=UTF-8\" target=\"_blank\" rel=\"nofollow noopener\">garder dans leurs rangs pour la saison prochaine Olivier Truchot et Alain Marschall<\/a>, les \u00ab Grandes gueules \u00bb officiant sur la radio RMC comme sur le canal 15.<\/p>\n<p class=\"paragraph text_align_left\">Apolline de Malherbe va elle aussi rester \u00e0 son poste comme le groupe l\u2019a confirm\u00e9 mardi \u00e0 <a href=\"https:\/\/tvmag.lefigaro.fr\/programme-tv\/actu-tele\/apolline-de-malherbe-reste-sur-rmc-et-bfmtv-a-la-rentree-prochaine-20250429\" target=\"_blank\" rel=\"nofollow noopener\">TV Mag<\/a>. La journaliste continuera ainsi de pr\u00e9senter sa matinale sur RMC et RMC Story, son interview politique \u00ab Face \u00e0 face \u00bb sur BFMTV et RMC, sans oublier son \u00e9mission \u00ab Apolline de 9 \u00e0 10 \u00bb sur BFMTV.<\/p>\n","protected":false},"excerpt":{"rendered":"Retour au bercail pour Nicolas Poincar\u00e9. Selon nos informations, le journaliste de 63 ans va devenir l\u2019un des&hellip;\n","protected":false},"author":2,"featured_media":64726,"comment_status":"","ping_status":"","sticky":false,"template":"","format":"standard","meta":{"footnotes":""},"categories":[8],"tags":[872,58,59,1011,27,2205],"class_list":{"0":"post-64725","1":"post","2":"type-post","3":"status-publish","4":"format-standard","5":"has-post-thumbnail","7":"category-divertissement","8":"tag-culture-et-loisirs","9":"tag-divertissement","10":"tag-entertainment","11":"tag-fr","12":"tag-france","13":"tag-television-medias"},"share_on_mastodon":{"url":"https:\/\/pubeurope.com\/@fr\/114427735986480102","error":""},"_links":{"self":[{"href":"https:\/\/www.europesays.com\/fr\/wp-json\/wp\/v2\/posts\/64725","targetHints":{"allow":["GET"]}}],"collection":[{"href":"https:\/\/www.europesays.com\/fr\/wp-json\/wp\/v2\/posts"}],"about":[{"href":"https:\/\/www.europesays.com\/fr\/wp-json\/wp\/v2\/types\/post"}],"author":[{"embeddable":true,"href":"https:\/\/www.europesays.com\/fr\/wp-json\/wp\/v2\/users\/2"}],"replies":[{"embeddable":true,"href":"https:\/\/www.europesays.com\/fr\/wp-json\/wp\/v2\/comments?post=64725"}],"version-history":[{"count":0,"href":"https:\/\/www.europesays.com\/fr\/wp-json\/wp\/v2\/posts\/64725\/revisions"}],"wp:featuredmedia":[{"embeddable":true,"href":"https:\/\/www.europesays.com\/fr\/wp-json\/wp\/v2\/media\/64726"}],"wp:attachment":[{"href":"https:\/\/www.europesays.com\/fr\/wp-json\/wp\/v2\/media?parent=64725"}],"wp:term":[{"taxonomy":"category","embeddable":true,"href":"https:\/\/www.europesays.com\/fr\/wp-json\/wp\/v2\/categories?post=64725"},{"taxonomy":"post_tag","embeddable":true,"href":"https:\/\/www.europesays.com\/fr\/wp-json\/wp\/v2\/tags?post=64725"}],"curies":[{"name":"wp","href":"https:\/\/api.w.org\/{rel}","templated":true}]}}