{"id":647259,"date":"2026-01-07T14:27:17","date_gmt":"2026-01-07T14:27:17","guid":{"rendered":"https:\/\/www.europesays.com\/fr\/647259\/"},"modified":"2026-01-07T14:27:17","modified_gmt":"2026-01-07T14:27:17","slug":"lautomobiliste-enceinte-perd-son-enfant","status":"publish","type":"post","link":"https:\/\/www.europesays.com\/fr\/647259\/","title":{"rendered":"l&rsquo;automobiliste enceinte perd son enfant"},"content":{"rendered":"<p itemprop=\"description\"><strong>C&rsquo;est une affaire qui n&rsquo;est pas sans en rappeler une autre, plus m\u00e9diatis\u00e9e.<\/strong><\/p>\n<p>Le 7 d\u00e9cembre 2022, un chauffard sous l&#8217;empire de l&rsquo;alcool et du cannabis avait un accident de la route au Sappey-en-Chartreuse. Sur la D512, il perdait le contr\u00f4le de sa voiture et percutait le v\u00e9hicule d&rsquo;une femme de plein fouet.<\/p>\n<p>A l&rsquo;int\u00e9rieur, la trentenaire, enceinte de 8 mois, conduisait avec ses enfants de 5 et 7 ans \u00e0 l&rsquo;arri\u00e8re. Hospitalis\u00e9e, elle avait fait l&rsquo;objet d&rsquo;une c\u00e9sarienne et son b\u00e9b\u00e9 \u00e9tait d\u00e9c\u00e9d\u00e9 trois jours plus tard.<\/p>\n<p>Selon le Dauphin\u00e9 Lib\u00e9r\u00e9, le chauffard \u00e9tait jug\u00e9 ce mardi \u00e0 Grenoble. Ag\u00e9 de 43 ans, il devait r\u00e9pondre de faits d&rsquo;homicide involontaire et de blessures involontaires.<\/p>\n<p>Une peine de 3 ans dont 2 avec sursis a \u00e9t\u00e9 requise.<\/p>\n<p>Le tribunal grenoblois rendra son jugement le 13 janvier.<\/p>\n","protected":false},"excerpt":{"rendered":"C&rsquo;est une affaire qui n&rsquo;est pas sans en rappeler une autre, plus m\u00e9diatis\u00e9e. Le 7 d\u00e9cembre 2022, un&hellip;\n","protected":false},"author":2,"featured_media":647260,"comment_status":"","ping_status":"","sticky":false,"template":"","format":"standard","meta":{"footnotes":""},"categories":[9566],"tags":[1111,11,2813,2430,1109,251,1112,2811,1777,674,118,1011,27,21780,2731,14004,1922,1110,1114,108,12,316,25,2812,517,800],"class_list":{"0":"post-647259","1":"post","2":"type-post","3":"status-publish","4":"format-standard","5":"has-post-thumbnail","7":"category-grenoble","8":"tag-actu","9":"tag-actualites","10":"tag-article","11":"tag-auvergne-rhone-alpes","12":"tag-breves","13":"tag-culture","14":"tag-depeches","15":"tag-economique","16":"tag-eu","17":"tag-europe","18":"tag-faits-divers","19":"tag-fr","20":"tag-france","21":"tag-gf38","22":"tag-grenoble","23":"tag-grenoblemag","24":"tag-info","25":"tag-informations","26":"tag-infos","27":"tag-isere","28":"tag-news","29":"tag-politique","30":"tag-republique-francaise","31":"tag-sociale","32":"tag-sport","33":"tag-transports"},"share_on_mastodon":{"url":"https:\/\/pubeurope.com\/@fr\/115854288152092119","error":""},"_links":{"self":[{"href":"https:\/\/www.europesays.com\/fr\/wp-json\/wp\/v2\/posts\/647259","targetHints":{"allow":["GET"]}}],"collection":[{"href":"https:\/\/www.europesays.com\/fr\/wp-json\/wp\/v2\/posts"}],"about":[{"href":"https:\/\/www.europesays.com\/fr\/wp-json\/wp\/v2\/types\/post"}],"author":[{"embeddable":true,"href":"https:\/\/www.europesays.com\/fr\/wp-json\/wp\/v2\/users\/2"}],"replies":[{"embeddable":true,"href":"https:\/\/www.europesays.com\/fr\/wp-json\/wp\/v2\/comments?post=647259"}],"version-history":[{"count":0,"href":"https:\/\/www.europesays.com\/fr\/wp-json\/wp\/v2\/posts\/647259\/revisions"}],"wp:featuredmedia":[{"embeddable":true,"href":"https:\/\/www.europesays.com\/fr\/wp-json\/wp\/v2\/media\/647260"}],"wp:attachment":[{"href":"https:\/\/www.europesays.com\/fr\/wp-json\/wp\/v2\/media?parent=647259"}],"wp:term":[{"taxonomy":"category","embeddable":true,"href":"https:\/\/www.europesays.com\/fr\/wp-json\/wp\/v2\/categories?post=647259"},{"taxonomy":"post_tag","embeddable":true,"href":"https:\/\/www.europesays.com\/fr\/wp-json\/wp\/v2\/tags?post=647259"}],"curies":[{"name":"wp","href":"https:\/\/api.w.org\/{rel}","templated":true}]}}