{"id":64727,"date":"2025-04-30T15:57:13","date_gmt":"2025-04-30T15:57:13","guid":{"rendered":"https:\/\/www.europesays.com\/fr\/64727\/"},"modified":"2025-04-30T15:57:13","modified_gmt":"2025-04-30T15:57:13","slug":"un-vieux-vaisseau-russe-revient-secraser-sur-terre-53-ans-plus-tard-faut-il-sinquieter","status":"publish","type":"post","link":"https:\/\/www.europesays.com\/fr\/64727\/","title":{"rendered":"Un vieux vaisseau russe revient s&rsquo;\u00e9craser sur Terre, 53 ans plus tard : faut-il s&rsquo;inqui\u00e9ter ?"},"content":{"rendered":"<p>Une rentr\u00e9e atmosph\u00e9rique incontr\u00f4l\u00e9e risque de se produire en mai 2025. Une vieille mission sovi\u00e9tique dirig\u00e9e vers V\u00e9nus, mais qui n\u2019a jamais \u00e9t\u00e9 plus loin que l\u2019orbite terrestre, pourrait revenir s\u2019\u00e9craser sur Terre.<\/p>\n<p>Elle devait atteindre <a href=\"https:\/\/www.numerama.com\/sciences\/1443144-pourquoi-appelle-t-on-venus-letoile-du-berger.html\" rel=\"nofollow noopener\" target=\"_blank\">V\u00e9nus<\/a>, elle s\u2019\u00e9crasera probablement sur Terre. Cosmos 482, une sonde lanc\u00e9e dans l\u2019espace par l\u2019URSS en 1972, risque d\u2019effectuer une rentr\u00e9e atmosph\u00e9rique incontr\u00f4l\u00e9e au mois de mai 2025, a rep\u00e9r\u00e9 <a href=\"https:\/\/gizmodo.com\/after-53-years-a-failed-soviet-venus-spacecraft-is-crashing-back-to-earth-2000595234\" target=\"_blank\" rel=\"nofollow noopener\">Gizmodo<\/a> le 28 avril. Les pr\u00e9visions au sujet du retour de l\u2019engin ont \u00e9t\u00e9 obtenues par le scientifique n\u00e9erlandais Marco Langbroek, qui est sp\u00e9cialis\u00e9 dans la surveillance de satellites.<\/p>\n<p>\u00ab Dans environ deux semaines, une rentr\u00e9e [atmosph\u00e9rique] inhabituelle se produira : celle d\u2019une sonde de 53 ans provenant d\u2019une mission sovi\u00e9tique Venera rat\u00e9e, coinc\u00e9e en orbite terrestre. Elle survivra probablement \u00e0 la rentr\u00e9e \u00bb, <a target=\"_blank\" href=\"https:\/\/x.com\/Marco_Langbroek\/status\/1915777496483500236\" rel=\"nofollow\">commentait<\/a> Marco Langbroek le 25 avril sur X. Selon ses estimations actuelles (mises \u00e0 jour le matin du 30 avril), Cosmos 482 devrait revenir sur Terre le 10 mai, vers 8h du matin (heure de Paris). La rentr\u00e9e atmosph\u00e9rique pourrait se produire dans une zone situ\u00e9e entre le nord du Royaume-Uni et le sud de la Nouvelle-Z\u00e9lande \u2014 donc, <a target=\"_blank\" href=\"https:\/\/www.popsci.com\/science\/dead-soviet-probe-falling-earth\/\" rel=\"nofollow noopener\">presque n\u2019importe o\u00f9<\/a>. La probabilit\u00e9 que Cosmos 482 tombe dans l\u2019oc\u00e9an <a target=\"_blank\" href=\"https:\/\/earthsky.org\/space\/kosmos-482-soviet-spacecraft-to-fall-to-earth-may-2025\/\" rel=\"nofollow noopener\">est \u00e9lev\u00e9e<\/a>.<\/p>\n<p>Le retour du vaisseau sovi\u00e9tique sur Terre sera-t-il dangereux ?<\/p>\n<p>Existe-t-il un risque que le satellite tombe sur Terre, ou va-t-il se d\u00e9sagr\u00e9ger totalement avant ? \u00ab Comme il s\u2019agit d\u2019un atterrisseur con\u00e7u pour traverser l\u2019atmosph\u00e8re de V\u00e9nus, il est possible qu\u2019il survive intact \u00e0 la rentr\u00e9e atmosph\u00e9rique terrestre et \u00e0 l\u2019impact \u00bb, \u00e9crit Marco Langbroek dans <a target=\"_blank\" href=\"https:\/\/sattrackcam.blogspot.com\/2025\/04\/kosmos-842-descent-craft-reentry.html\" rel=\"nofollow noopener\">une publication de blog<\/a> consacr\u00e9e \u00e0 Cosmos 482. N\u00e9anmoins, le scientifique pr\u00e9cise qu\u2019il subsiste des incertitudes pour parfaitement anticiper le retour du vaisseau sur Terre.<\/p>\n<p><a href=\"https:\/\/www.numerama.com\/wp-content\/uploads\/2025\/04\/cosmos-482.jpg\" rel=\"nofollow noopener\" target=\"_blank\"><img decoding=\"async\" width=\"1024\" height=\"576\" loading=\"lazy\" alt=\"Maquette de Venera 4 dans un mus\u00e9e. \/\/ Source : Wikimedia\/CC\/Rave (modification Numerama)\" title=\"Maquette de Venera 4 dans un mus\u00e9e. \/\/ Source : Wikimedia\/CC\/Rave (modification Numerama)\" class=\"wp-image-1962339 placeholder-default wp-image\" src=\"https:\/\/www.europesays.com\/fr\/wp-content\/uploads\/2025\/04\/cosmos-482-1024x576.jpg\" \/><\/a>Maquette de l\u2019atterrisseur Venera 4, une autre sonde du m\u00eame programme sovi\u00e9tique, dans un mus\u00e9e. \/\/ Source : <a href=\"https:\/\/commons.wikimedia.org\/wiki\/File:Venera-4_capsule_in_museum.JPG\" target=\"_blank\" rel=\"nofollow noopener\">Wikimedia\/CC\/Rave (modification Numerama)<\/a><\/p>\n<p>\u00ab Les risques ne sont pas particuli\u00e8rement \u00e9lev\u00e9s, mais ils ne sont pas nuls : avec une masse d\u2019un peu moins de 500 kg et une taille d\u2019un m\u00e8tre, les risques sont similaires \u00e0 ceux d\u2019<a href=\"https:\/\/www.numerama.com\/sciences\/1568532-quels-sont-les-risques-de-mourir-a-cause-dune-meteorite.html\" rel=\"nofollow noopener\" target=\"_blank\">un impact de m\u00e9t\u00e9orite<\/a> \u00bb, indique le scientifique. Selon les pr\u00e9visions, si l\u2019engin impacte effectivement la Terre, il pourrait le faire \u00e0 la vitesse d\u2019environ 242 km\/h \u2014 \u00e0 supposer que Cosmos 482 ne se soit pas bris\u00e9 durant la rentr\u00e9e atmosph\u00e9rique.<\/p>\n<p>\u00ab Il s\u2019agit d\u2019une rentr\u00e9e incontr\u00f4l\u00e9e. \u00c0 l\u2019heure actuelle, nous ne pouvons pas dire avec certitude quand et o\u00f9 il rentrera exactement dans l\u2019atmosph\u00e8re \u00bb, insiste Marco Langbroek. Le scientifique pr\u00e9voit de continuer les observations ces prochains jours, pour mieux cerner le moment et le lieu de la rentr\u00e9e du satellite.<\/p>\n<p>Une mission spatiale vers V\u00e9nus, loup\u00e9e<\/p>\n<p>Cosmos 482 \u00e9tait \u00e0 l\u2019origine une tentative d\u2019atteindre V\u00e9nus, pour mettre en orbite la sonde autour de la plan\u00e8te. Cependant, la mission n\u2019est pas parvenue \u00e0 destination, car le vaisseau n\u2019a jamais pu quitter l\u2019orbite terrestre. Alors que le Cosmos 482 avait tent\u00e9 de se lancer sur la trajectoire vers V\u00e9nus, l\u2019engin s\u2019est s\u00e9par\u00e9 en plusieurs morceaux, <a target=\"_blank\" href=\"https:\/\/nssdc.gsfc.nasa.gov\/nmc\/spacecraft\/display.action?id=1972-023A\" rel=\"nofollow noopener\">selon la Nasa<\/a>. Une partie, rest\u00e9e en orbite terrestre basse, s\u2019\u00e9tait rapidement d\u00e9sint\u00e9gr\u00e9e (en 2 jours), tandis que la charge utile de Cosmos 482 s\u2019\u00e9tait plac\u00e9e sur une orbite plus \u00e9lev\u00e9e.<\/p>\n<\/p>\n<p>            Ce contenu est bloqu\u00e9 car vous n\u2019avez pas accept\u00e9 les cookies et autres traceurs. Ce contenu est fourni par YouTube.<br \/>Pour pouvoir le visualiser, vous devez accepter l\u2019usage \u00e9tant op\u00e9r\u00e9 par YouTube avec vos donn\u00e9es qui pourront \u00eatre utilis\u00e9es pour les finalit\u00e9s suivantes : vous permettre de visualiser et de partager des contenus avec des m\u00e9dias sociaux, favoriser le d\u00e9veloppement et l\u2019am\u00e9lioration des produits d\u2019Humanoid et de ses partenaires, vous afficher des publicit\u00e9s personnalis\u00e9es par rapport \u00e0 votre profil et activit\u00e9, vous d\u00e9finir un profil publicitaire personnalis\u00e9, mesurer la performance des publicit\u00e9s et du contenu de ce site et mesurer l\u2019audience de ce site <a href=\"#\" class=\"js-privacy\" target=\"_blank\">(en savoir plus)<\/a>        <\/p>\n<p>            En cliquant sur \u00ab J\u2019accepte tout \u00bb, vous consentez aux finalit\u00e9s susmentionn\u00e9es pour l\u2019ensemble des cookies et autres traceurs d\u00e9pos\u00e9s par Humanoid et <a class=\"embed-consent-overlay-vendors-link\" href=\"#preferences-vendeurs\">ses partenaires<\/a>.        <\/p>\n<p>            Vous gardez la possibilit\u00e9 de retirer votre consentement \u00e0 tout moment. Pour plus d\u2019informations, nous vous invitons \u00e0 prendre connaissance de notre <a href=\"https:\/\/www.numerama.com\/politique-cookies\" rel=\"nofollow noopener\" target=\"_blank\">Politique cookies<\/a>.        <\/p>\n<p>        J\u2019accepte tout    <\/p>\n<p class=\"embed-consent-overlay-manage-choices\">        <a href=\"#preferences-publicitaires\">G\u00e9rer mes choix<\/a>    <\/p>\n<p>            <img decoding=\"async\" src=\"https:\/\/www.europesays.com\/fr\/wp-content\/uploads\/2025\/04\/iPhone-16-pro.png\" alt=\"Toute l'actu tech en un clien d'oeil\"\/><\/p>\n<p class=\"card-install-pwa__title\">Toute l&rsquo;actu tech en un clin d&rsquo;\u0153il<\/p>\n<p class=\"card-install-pwa__description\">Ajoutez Numerama \u00e0 votre \u00e9cran d&rsquo;accueil et restez connect\u00e9s au futur !<\/p>\n<p>            <img decoding=\"async\" src=\"https:\/\/www.europesays.com\/fr\/wp-content\/uploads\/2025\/04\/logo-card-pwa-coupe.svg.svg+xml\" alt=\"Logo PWA\"\/><\/p>\n<p>       Installer Numerama<\/p>\n","protected":false},"excerpt":{"rendered":"Une rentr\u00e9e atmosph\u00e9rique incontr\u00f4l\u00e9e risque de se produire en mai 2025. Une vieille mission sovi\u00e9tique dirig\u00e9e vers V\u00e9nus,&hellip;\n","protected":false},"author":2,"featured_media":64728,"comment_status":"","ping_status":"","sticky":false,"template":"","format":"standard","meta":{"footnotes":""},"categories":[7],"tags":[1011,27,16414,132,4313,43,40,41,39,42,44,4505,16415],"class_list":{"0":"post-64727","1":"post","2":"type-post","3":"status-publish","4":"format-standard","5":"has-post-thumbnail","7":"category-sciences-et-technologies","8":"tag-fr","9":"tag-france","10":"tag-meteorites","11":"tag-russie","12":"tag-satellite","13":"tag-science","14":"tag-science-and-technology","15":"tag-sciences","16":"tag-sciences-et-technologies","17":"tag-technologies","18":"tag-technology","19":"tag-terre","20":"tag-venus"},"share_on_mastodon":{"url":"https:\/\/pubeurope.com\/@fr\/114427739774261962","error":""},"_links":{"self":[{"href":"https:\/\/www.europesays.com\/fr\/wp-json\/wp\/v2\/posts\/64727","targetHints":{"allow":["GET"]}}],"collection":[{"href":"https:\/\/www.europesays.com\/fr\/wp-json\/wp\/v2\/posts"}],"about":[{"href":"https:\/\/www.europesays.com\/fr\/wp-json\/wp\/v2\/types\/post"}],"author":[{"embeddable":true,"href":"https:\/\/www.europesays.com\/fr\/wp-json\/wp\/v2\/users\/2"}],"replies":[{"embeddable":true,"href":"https:\/\/www.europesays.com\/fr\/wp-json\/wp\/v2\/comments?post=64727"}],"version-history":[{"count":0,"href":"https:\/\/www.europesays.com\/fr\/wp-json\/wp\/v2\/posts\/64727\/revisions"}],"wp:featuredmedia":[{"embeddable":true,"href":"https:\/\/www.europesays.com\/fr\/wp-json\/wp\/v2\/media\/64728"}],"wp:attachment":[{"href":"https:\/\/www.europesays.com\/fr\/wp-json\/wp\/v2\/media?parent=64727"}],"wp:term":[{"taxonomy":"category","embeddable":true,"href":"https:\/\/www.europesays.com\/fr\/wp-json\/wp\/v2\/categories?post=64727"},{"taxonomy":"post_tag","embeddable":true,"href":"https:\/\/www.europesays.com\/fr\/wp-json\/wp\/v2\/tags?post=64727"}],"curies":[{"name":"wp","href":"https:\/\/api.w.org\/{rel}","templated":true}]}}