{"id":647282,"date":"2026-01-07T14:41:29","date_gmt":"2026-01-07T14:41:29","guid":{"rendered":"https:\/\/www.europesays.com\/fr\/647282\/"},"modified":"2026-01-07T14:41:29","modified_gmt":"2026-01-07T14:41:29","slug":"accidents-sur-les-routes-coupures-delectricite-le-point-ce-mercredi-midi","status":"publish","type":"post","link":"https:\/\/www.europesays.com\/fr\/647282\/","title":{"rendered":"accidents sur les routes, coupures d&rsquo;\u00e9lectricit\u00e9&#8230; Le point ce mercredi midi"},"content":{"rendered":"<p>                    Par<br \/>\n        <strong><br \/>\n            <a href=\"https:\/\/actu.fr\/auteur\/redaction-actu\" title=\"Consulter tous les articles de R\u00e9daction Actu\" target=\"_blank\" rel=\"noopener\">R\u00e9daction Actu<\/a><br \/>\n                    <\/strong><\/p>\n<p>        Publi\u00e9 le<\/p>\n<p>            7 janv. 2026 \u00e0 7h02<br \/>\n        ; mis \u00e0 jour le 7 janv. 2026 \u00e0 14h44    <\/p>\n<p>M\u00e9t\u00e9o France annonce de <strong>nouvelles chutes de neige ce mercredi 7 janvier 2026<\/strong> sur une bonne partie de la France. C\u2019est un retour en force de la <a href=\"https:\/\/actu.fr\/tag\/neige\" target=\"_blank\" rel=\"noopener\">neige<\/a> et du verglas qui est m\u00eame attendu sur le pays, <strong>octroyant d\u2019importantes perturbations <\/strong>dans les transports routiers et a\u00e9riens, ainsi que sur certaines lignes ferroviaires.<\/p>\n<p class=\" wall-content\">La veille, les autorit\u00e9s ont recens\u00e9 <strong>cinq d\u00e9c\u00e8s<\/strong> dans des <a href=\"https:\/\/actu.fr\/tag\/accident\" target=\"_blank\" rel=\"noopener\">accidents<\/a> de la route en lien avec les perturbations. Laurent Nu\u00f1ez, <a href=\"https:\/\/actu.fr\/ile-de-france\/paris_75056\/de-maitre-d-oeuvre-de-la-securisation-a-paris-a-premier-flic-de-france-qui-est-laurent-nunez_63290249.html\" target=\"_blank\" rel=\"noopener\">le ministre de l\u2019Int\u00e9rieur<\/a>, a appel\u00e9 \u00e0 \u00ab\u00a0la plus grande prudence\u00a0\u00bb ce mercredi pour les Fran\u00e7ais amen\u00e9s \u00e0 se d\u00e9placer tandis que M\u00e9t\u00e9o France a <strong>r\u00e9activ\u00e9 le matin la vigilance orange<\/strong> dans 38 d\u00e9partements.<\/p>\n<p class=\" wall-content\">Toutes les r\u00e9dactions locales et la r\u00e9daction nationale d\u2019actu.fr sont mobilis\u00e9es pour vous faire \u00e0 nouveau suivre <a href=\"https:\/\/actu.fr\/meteo\/encore-de-la-neige-et-du-verglas-attendus-en-france-les-nombreux-departements-en-vigilance-orange-mercredi_63658042.html\" target=\"_blank\" rel=\"noopener\">cette journ\u00e9e plac\u00e9e sous le signe de la neige et du froid<\/a>. La situation en temps r\u00e9el, \u00e0 suivre ci-dessous.<\/p>\n<p>15h \u2013 Le point sur les transports\u00a0<\/p>\n<p class=\" wall-content\">En Ille de France, les bouchons \u00e9taient quasiment tous r\u00e9sorb\u00e9s en d\u00e9but d\u2019apr\u00e8s-midi, avec un peu moins de 40 km au total sur les routes d\u2019Ile-de-France vers 14H00, selon le site Sytadin, et la RN 118, au sud de Paris, \u00e9tait partiellement ferm\u00e9e \u00e0 la circulation depuis 08H45 dans les deux sens.<\/p>\n<p class=\" wall-content\">Plusieurs tron\u00e7ons de l\u2019A8, en Provence, <strong>ont \u00e9t\u00e9 ferm\u00e9s plus t\u00f4t mercredi<\/strong>, mais elle devait rouvrir \u00e0 15H00 locales, a indiqu\u00e9 Philippe Tabarot sur BFMTV.<\/p>\n<p class=\" wall-content\">Dans les Hauts-de-France, \u00ab\u00a0les poids lourds retenus sur les aires de stockage (peuvent) \u00eatre lib\u00e9r\u00e9s exclusivement dans le sens Sud-Nord et de fa\u00e7on progressive\u00a0\u00bb, \u00e0 partir de 15H00, selon la pr\u00e9fecture.<\/p>\n<p class=\" wall-content\">C\u00f4t\u00e9 r\u00e9seau ferroviaire, il enregistre \u00ab\u00a0des d\u00e9rangements d\u2019aiguilles\/appareils de voie\u00a0\u00bb, qui sont \u00ab\u00a0bloqu\u00e9s par la neige notamment en Ile-de-France\u00a0\u00bb, indique la SNCF dans un point de la mi-journ\u00e9e. <strong>La r\u00e9duction de vitesse<\/strong> sur les lignes \u00e0 grande vitesse est toujours en place.<\/p>\n<p class=\" wall-content\">Quant au trafic a\u00e9rien, il est <strong>tr\u00e8s perturb\u00e9<\/strong>, avec des retards de plus d\u2019une heure \u00e0 l\u2019arriv\u00e9e en moyenne dans les a\u00e9roports parisiens, indique le tableau de bord de la Direction g\u00e9n\u00e9rale de l\u2019aviation civile.\u00a0<\/p>\n<p>Votre r\u00e9gion, votre actu !<\/p>\n<p>Recevez chaque jour les infos qui comptent pour vous.<\/p>\n<p>\t<a href=\"https:\/\/actu.fr\/newsletter\" class=\"ac-btn ac-btn--corner ac-btn--medium ac-btn--blue800\" target=\"_blank\" rel=\"noopener\">S&rsquo;incrire<\/a><br \/>\n14h15 \u2013 Plus que 12 d\u00e9partements en vigilance orange<\/p>\n<p class=\" wall-content\">La vigilance orange continue d\u2019\u00eatre lev\u00e9e au fil de la journ\u00e9e. Alors que plus d\u2019une trentaine de d\u00e9partements \u00e9taient concern\u00e9s par une vigilance appuy\u00e9e pour \u00ab\u00a0neige-verglas\u00a0\u00bb \u00e0 6h ce mercredi, le dernier bulletin de M\u00e9t\u00e9o France, actualis\u00e9 \u00e0 14h, ne fait \u00e9tat plus que de <strong>12 d\u00e9partements en orange.<\/strong><\/p>\n<blockquote class=\"ac-article-quote wall-content\">\n<p>En raison d&rsquo;un risque de pr\u00e9cipitations vergla\u00e7antes dans la nuit de mercredi \u00e0 jeudi succ\u00e9dant aux chutes de neige sur le Massif central, un passage en vigilance orange est possible lors des prochaines actualisations de la carte de vigilance.<\/p>\n<p>    <strong>M\u00e9t\u00e9o France<\/strong>\n            <\/p><\/blockquote>\n<p class=\" wall-content\">Les pr\u00e9visions d\u00e9taill\u00e9es sont disponibles <a href=\"https:\/\/actu.fr\/meteo\/15-cm-neige-et-verglas-attendus-en-france-les-nombreux-departements-en-vigilance-orange-mercredi_63658042.html\" target=\"_blank\" rel=\"noopener\">dans cet article<\/a>.<\/p>\n<p class=\" wall-content\">\n<p>14h10 \u2013 Quand la neige s\u2019invite dans les refuges et zoos<\/p>\n<p class=\" wall-content\">\u00ab\u00a0Nous n\u2019avons pas vu autant de neige en si peu de temps sur le parc depuis mon arriv\u00e9e\u00a0\u00bb : au Zoo de <a href=\"https:\/\/actu.fr\/pays-de-la-loire\/la-fleche_72154\" target=\"_blank\" rel=\"noopener\">La Fl\u00e8che (Sarthe)<\/a>, la neige a recouvert le paysage d\u2019un beau manteau blanc, <strong>pour le plus grand plaisir des soigneurs comme des animaux<\/strong>.<\/p>\n<p class=\" wall-content\">Si le zoo est rest\u00e9 ferm\u00e9 au public mardi, les animaux ont pu explorer un nouveau terrain de jeu, comme le raconte <a href=\"https:\/\/actu.fr\/pays-de-la-loire\/la-fleche_72154\/photos-quand-les-animaux-du-zoo-de-la-fleche-decouvrent-la-neige_63663039.html\" target=\"_blank\" rel=\"noopener\">notre r\u00e9daction locale\u00a0<\/a><a href=\"https:\/\/actu.fr\/pays-de-la-loire\/la-fleche_72154\/photos-quand-les-animaux-du-zoo-de-la-fleche-decouvrent-la-neige_63663039.html\" target=\"_blank\" rel=\"noopener\">Les Nouvelles L\u2019\u00c9cho Fl\u00e9chois<\/a>.<\/p>\n<p>    <img   decoding=\"async\" loading=\"lazy\" src=\"https:\/\/www.europesays.com\/fr\/wp-content\/uploads\/2026\/01\/c38c4c97ec596a78c4c97ec596b8c4v-960x640.jpg\" alt=\"La neige a eu raison de l\u2019ouverture du Zoo de La Fl\u00e8che (Sarthe) ce mardi 6\u00a0janvier 2026. Le parc restera ferm\u00e9 toute la journ\u00e9e.\" width=\"960\" height=\"640\"\/><br \/>\n    La neige a eu raison de l\u2019ouverture du Zoo de La Fl\u00e8che (Sarthe) mardi 6 janvier 2026. (\u00a9Zoo de La Fl\u00e8che)13h45 \u2013 Neige, verglas\u2026 Qui doit vraiment d\u00e9neiger le trottoir devant votre logement\u00a0?<\/p>\n<p class=\" wall-content\">Apr\u00e8s les chutes de neige des derniers jours et le verglas qui tarde \u00e0 fondre, <strong>nombre de trottoirs restent impraticables<\/strong>. Mais qui incriminer ? Et bien.. \u00e7a d\u00e9pend.<\/p>\n<p>    <img   decoding=\"async\" loading=\"lazy\" src=\"https:\/\/www.europesays.com\/fr\/wp-content\/uploads\/2026\/01\/image-20260107-100916-157-960x640.jpg\" alt=\"xxx\" width=\"960\" height=\"640\"\/><br \/>\n    Les trottoirs de Rennes (Ille-et-Vilaine) sont encore verglac\u00e9s ce mercredi matin. (\u00a9Laur\u00e8ne Fertin \/ actu Rennes)<\/p>\n<p class=\" wall-content\">Dans certains cas, ce sont aux <strong>occupants du logement<\/strong> \u2013 qu\u2019ils soient locataires ou propri\u00e9taires \u2013 de s\u2019occuper du d\u00e9neigement, ainsi que du salage ou du sablage s\u2019il y a du verglas. Dans d\u2019autres en revanche, c\u2019est \u00e0 la charge du syndic de copropri\u00e9t\u00e9.<\/p>\n<p class=\" wall-content\">On vous explique tout \u00e7a <a href=\"https:\/\/actu.fr\/meteo\/neige-et-verglas-qui-doit-vraiment-deneiger-le-trottoir-devant-votre-logement_63662830.html\" target=\"_blank\" rel=\"noopener\">dans cet article<\/a>.<\/p>\n<p>13h \u2013 Des centaines de foyers priv\u00e9s d\u2019\u00e9lectricit\u00e9<\/p>\n<p class=\" wall-content\">L\u2019\u00e9pisode neigeux a perturb\u00e9 aussi l\u2019alimentation \u00e9lectrique dans l\u2019Ouest. Selon Enedis, \u00ab\u00a0ce matin, <strong>600 foyers sont priv\u00e9s d\u2019\u00e9lectricit\u00e9<\/strong> en Pays-de-la-Loire et <a href=\"https:\/\/actu.fr\/meteo\/charente-maritime-la-tempete-de-neige-a-fait-des-degats-1-200-foyers-toujours-prives-d-electricite_63663729.html\" target=\"_blank\" rel=\"noopener\">1200 en Charente-Maritime<\/a>, essentiellement sur le littoral\u00a0\u00bb.<\/p>\n<p>12h50 \u2013 Les commer\u00e7ants et march\u00e9s en r\u00e9gions affrontent le froid<\/p>\n<p class=\" wall-content\">Outre des difficult\u00e9s de circulation voire des accidents sur les routes, la neige et le verglas affectent aussi les <a href=\"https:\/\/actu.fr\/tag\/commerce\" target=\"_blank\" rel=\"noopener\">commer\u00e7ants<\/a> en r\u00e9gions. Nombre de <strong>march\u00e9s<\/strong> <strong>locaux<\/strong> ont \u00e9t\u00e9 r\u00e9duits drastiquement face aux mauvaises conditions m\u00e9t\u00e9o du jour.<\/p>\n<p class=\" wall-content\">C\u2019est le cas par exemple de Flers (Orne), o\u00f9 il n\u2019y avait pas foule ce matin au <a href=\"https:\/\/actu.fr\/tag\/marche\" target=\"_blank\" rel=\"noopener\">march\u00e9<\/a>. Juste une petite poign\u00e9e de courageux ont brav\u00e9 le froid et la neige. \u00ab\u00a0\u00c7a va venir gentiment, c\u2019est rare d\u2019avoir un temps comme \u00e7a\u00a0\u00bb, confie Martin, commer\u00e7ant, <a href=\"https:\/\/actu.fr\/normandie\/flers_61169\/neige-et-verglas-a-flers-on-bosse-plus-et-on-rentre-moins-le-marche-souffre_63663620.html\" target=\"_blank\" rel=\"noopener\">interrog\u00e9 par nos journalistes de l\u2019Orne Combattante<\/a>.<\/p>\n<p>    <img   decoding=\"async\" loading=\"lazy\" src=\"https:\/\/www.europesays.com\/fr\/wp-content\/uploads\/2026\/01\/59dfe1dc3e5964ddfe1dc3e5931efev-960x640.jpeg\" alt=\"Le march\u00e9 de Flers (Orne) de ce mercredi 7\u00a0janvier 2026 s\u2019est content\u00e9 de trois commer\u00e7ants.\" width=\"960\" height=\"640\"\/><br \/>\n    Le march\u00e9 de Flers (Orne) de ce mercredi 7 janvier 2026 s\u2019est content\u00e9 de trois commer\u00e7ants ce matin en raison des intemp\u00e9ries. (\u00a9Beno\u00eet Lesaulnier)12h25 \u2013 Probl\u00e8mes de chauffage urbain \u00e0 Dunkerque<\/p>\n<p class=\" wall-content\">Dans le nord de la France, \u00e0 <a href=\"https:\/\/actu.fr\/hauts-de-france\/dunkerque_59183\" target=\"_blank\" rel=\"noopener\">Dunkerque<\/a>, l<strong>e chauffage urbain conna\u00eet de graves dysfonctionnements<\/strong> depuis mardi soir, affectant actuellement quelques centaines de foyers actuellement selon la mairie.<\/p>\n<p class=\" wall-content\">Alors que les temp\u00e9ratures avoisinent les <strong>2\u00b0C<\/strong>, la mairie a ouvert une salle pour permettre aux habitants qui le souhaitent de r\u00e9cup\u00e9rer un <a href=\"https:\/\/actu.fr\/planete\/energies\/chauffage-vaut-il-mieux-l-eteindre-en-journee-ou-simplement-le-baisser-la-regle-pour-faire-des-economies_63458295.html\" target=\"_blank\" rel=\"noopener\">chauffage<\/a> d\u2019appoint.<\/p>\n<p>11h45 \u2013 \u00c0 quoi s\u2019attendre jeudi avec la temp\u00eate Goretti ?<\/p>\n<p class=\" wall-content\">Alors qu\u2019une partie du pays est encore aux prises avec un \u00e9pisode neigeux, c\u2019est une v\u00e9ritable <strong>\u00ab\u2009bombe m\u00e9t\u00e9o\u2009\u00bb<\/strong> qui va s\u2019abattre sur le nord-ouest de la France en fin de semaine.<\/p>\n<p class=\" wall-content\">Cette\u00a0<strong>temp\u00eate Goretti<\/strong>,\u00a0<a href=\"https:\/\/actu.fr\/meteo\/la-tempete-goretti-va-frapper-la-france-cette-semaine-des-vents-violents-jusqu-a-140-km-h-a-quoi-s-attendre_63657448.html\" target=\"_blank\" rel=\"noopener\">nomm\u00e9e par M\u00e9t\u00e9o France<\/a>, g\u00e9n\u00e9rera des vents tr\u00e8s forts sur certains territoires jeudi 8 et vendredi 9 janvier 2026. Les m\u00e9t\u00e9orologues pr\u00e9voient des rafales <strong>jusqu\u2019\u00e0 160 km\/h<\/strong> et des vagues pouvant atteindre <strong>huit m\u00e8tres<\/strong>.<\/p>\n<p class=\" wall-content\">Tout savoir sur l\u2019arriv\u00e9e de cette temp\u00eate <strong><a href=\"https:\/\/actu.fr\/meteo\/tempete-goretti-une-bombe-meteo-avec-des-rafales-a-160-km-h-balaye-la-france-ce-jeudi-ou-ca-va-souffler_63662119.html\" target=\"_blank\" rel=\"noopener\">dans cet article<\/a><\/strong>.<\/p>\n<p>10h55 \u2013 Les accidents de la route se multiplient en r\u00e9gions<\/p>\n<p class=\" wall-content\">Si la neige a tendance \u00e0 fondre, les pluies vergla\u00e7antes des derni\u00e8res heures rendent certaines routes d\u00e9licates pour les automobilistes. Preuve en sont les <strong>multiples accidents <\/strong>observ\u00e9s ce matin dans plusieurs r\u00e9gions.<\/p>\n<p class=\" wall-content\">Pr\u00e8s de <strong>Lille<\/strong>, sur l\u2019A25, un accident perturbe la circulation au niveau d\u2019Englos tandis que la Sanef explique que \u00ab\u00a0les chutes de neige rendent la circulation d\u00e9licate au nord des autoroutes A1, A16 et A26\u00a0\u00bb, <a href=\"https:\/\/actu.fr\/hauts-de-france\/lille_59350\/autoroutes-a1-et-a25-sous-la-neige-accidents-et-circulation-compliquee-dans-la-metropole-de-lille_63662150.html\" target=\"_blank\" rel=\"noopener\">indiquent nos journalistes de Lille actu<\/a>.<\/p>\n<p>    <img   decoding=\"async\" loading=\"lazy\" src=\"https:\/\/www.europesays.com\/fr\/wp-content\/uploads\/2026\/01\/b6db6fe02e5968adb6fe02e598edb6v-960x640.jpeg\" alt=\"Depuis t\u00f4t le matin du mercredi 7\u00a0janvier 2026, des agents sont mobilis\u00e9s \u00e0 Lille (Nord) afin de s\u00e9curiser les voies au maximum, comme ici au rond-point de la Porte des Postes.\" width=\"960\" height=\"640\"\/><br \/>\n    Depuis t\u00f4t le matin du mercredi 7\u00a0janvier 2026, des agents sont mobilis\u00e9s \u00e0 Lille (Nord) afin de s\u00e9curiser les voies au maximum, comme ici au rond-point de la Porte des Postes. (\u00a9Hervine Mahaud \/ Lille actu)<\/p>\n<p class=\" wall-content\">Dans le\u00a0<strong>pays de Vitr\u00e9<\/strong> (Ille-et-Vilaine), au moins deux accidents se sont produits ce matin, tant la route est \u00ab\u00a0une vraie patinoire\u00a0\u00bb, selon un automobiliste cit\u00e9 <a href=\"https:\/\/actu.fr\/bretagne\/erbree_35105\/neige-verglas-dans-le-pays-de-vitre-des-accidents-signales-ce-mercredi-matin_63662122.html\" target=\"_blank\" rel=\"noopener\">par notre r\u00e9daction locale Le Journal de Vitr\u00e9<\/a>. Dans <a href=\"https:\/\/actu.fr\/bretagne\/vitre_35360\/neige-dans-le-pays-de-vitre-des-camions-immobilises-sur-la-n157-la-circulation-perturbee_63662641.html\" target=\"_blank\" rel=\"noopener\">un autre article<\/a>, nos journalistes font \u00e9tat de camions immobilis\u00e9s sur la la N157.<\/p>\n<p class=\" wall-content\">Non loin, dans <strong>l\u2019Orne<\/strong>, un accident de la route a fait au moins un bless\u00e9 l\u00e9ger \u00e0 \u00c9corches. La victime, prise en charge par les pompiers, a \u00e9t\u00e9 transport\u00e9e \u00e0 l\u2019h\u00f4pital d\u2019Argentan, <a href=\"https:\/\/actu.fr\/normandie\/ecorches_61152\/la-neige-fait-des-degats-un-accident-de-la-route-a-ecorches-fait-un-blesse_63662127.html\" target=\"_blank\" rel=\"noopener\">commente\u00a0<\/a><a href=\"https:\/\/actu.fr\/normandie\/ecorches_61152\/la-neige-fait-des-degats-un-accident-de-la-route-a-ecorches-fait-un-blesse_63662127.html\" target=\"_blank\" rel=\"noopener\">Le Journal de l\u2019Orne<\/a>.<\/p>\n<p>10h15 \u2013 Six d\u00e9partements repassent en vigilance jaune<\/p>\n<p class=\" wall-content\">Le d\u00e9partements plac\u00e9s en vigilance orange pour \u00ab\u00a0neige-verglas\u00a0\u00bb diminue. Dans son bulletin actualis\u00e9 \u00e0 10h15, M\u00e9t\u00e9o France fait d\u00e9sormais \u00e9tat de <strong>32 d\u00e9partements en vigilance orange :<\/strong><\/p>\n<ul class=\" wall-content\">\n<li>Aisne : neige-verglas<\/li>\n<li>Allier : neige-verglas<\/li>\n<li>Ardennes : neige-verglas<\/li>\n<li>Aube : neige-verglas<\/li>\n<li>Charente : neige-verglas<\/li>\n<li>Charente-Maritime : neige-verglas<\/li>\n<li>Cher : neige-verglas<\/li>\n<li>Corr\u00e8ze : neige-verglas<\/li>\n<li>Creuse : neige-verglas<\/li>\n<li>Eure-et-Loir : neige-verglas<\/li>\n<li>Indre : neige-verglas<\/li>\n<li>Indre-et-Loire : neige-verglas<\/li>\n<li>Loir-et-Cher : neige-verglas<\/li>\n<li>Loiret : neige-verglas<\/li>\n<li>Marne : neige-verglas<\/li>\n<li>Ni\u00e8vre : neige-verglas<\/li>\n<li>Nord : neige-verglas<\/li>\n<li>Oise : neige-verglas<\/li>\n<li>Pas-de-Calais : neige-verglas<\/li>\n<li>Paris : neige-verglas<\/li>\n<li>Seine-et-Marne : neige-verglas<\/li>\n<li>Yvelines : neige-verglas<\/li>\n<li>Deux-S\u00e8vres : neige-verglas<\/li>\n<li>Somme : neige-verglas<\/li>\n<li>Vienne : neige-verglas<\/li>\n<li>Haute-Vienne : neige-verglas<\/li>\n<li>Yonne : neige-verglas<\/li>\n<li>Essonne : neige-verglas<\/li>\n<li>Hauts-de-Seine : neige-verglas<\/li>\n<li>Seine-St-Denis : neige-verglas<\/li>\n<li>Val-de-Marne : neige-verglas<\/li>\n<li>Val-D\u2019Oise : neige-verglas<\/li>\n<\/ul>\n<p class=\" wall-content\">\n<p class=\" wall-content\">La Seine-Maritime, l\u2019Eure, l\u2019Orne, la Sarthe, le Maine-et-Loire et la Vend\u00e9e passent donc en vigilance jaune.<\/p>\n<p>9h55 \u2013 Les vols vont reprendre \u00e0 l\u2019a\u00e9roport Nantes-Atlantique<\/p>\n<p class=\" wall-content\">Bonne nouvelle pour les voyageurs passant par Nantes \u00a0: apr\u00e8s l\u2019annulation de tous les vols pr\u00e9vus (d\u00e9parts comme arriv\u00e9es) \u00e0 l\u2019a\u00e9roport Nantes-Atlantique mardi en raison de la neige et du verglas, le trafic a\u00e9rien reprend ce mercredi.\u00a0<\/p>\n<p class=\" wall-content\">La reprise des d\u00e9collages et atterrissages des avions\u2009se fera \u00e0 partir de midi,\u00a0selon les informations <a href=\"https:\/\/actu.fr\/pays-de-la-loire\/nantes_44109\/neige-et-verglas-a-nantes-les-vols-vont-reprendre-a-laeroport_63662091.html\" target=\"_blank\" rel=\"noopener\">de nos journalistes d\u2019actu Nantes<\/a><\/p>\n<p>9h10 \u2013 Pr\u00e8s de Marseille, l\u2019A8 paralys\u00e9e apr\u00e8s des accidents<\/p>\n<p class=\" wall-content\">D\u00e9but de journ\u00e9e tr\u00e8s compliqu\u00e9 sur <strong>l\u2019A8<\/strong>, a rep\u00e9r\u00e9 <a href=\"https:\/\/actu.fr\/societe\/pres-de-marseille-de-grosses-chutes-de-neige-l-a8-paralysee-apres-des-accidents_63661675.html\" target=\"_blank\" rel=\"noopener\">notre r\u00e9daction locale actu Marseille<\/a>.<\/p>\n<p class=\" wall-content\">Ce mercredi 7 janvier 2026, <strong>l\u2019autoroute est ferm\u00e9e<\/strong> apr\u00e8s que \u00ab\u00a0plusieurs poids lourds se sont mis en travers des voies apr\u00e8s le p\u00e9age de La Barque\u00a0\u00bb dans les Bouches-du-Rh\u00f4ne, indique Vinci autoroutes. Les pompiers ont \u00e9galement d\u00fb intervenir \u00e0 la suite d\u2019un autre accident.<\/p>\n<p>8h25 \u2013 Une centaine de vols annul\u00e9s dans les a\u00e9roports parisiens<\/p>\n<p class=\" wall-content\">Le ministre des Transports Philippe Tabarot, <a href=\"https:\/\/www.cnews.fr\/france\/2026-01-07\/neige-et-verglas-il-faut-anticiper-il-faut-informer-il-faut-securiser-assure-le\" target=\"_blank\" rel=\"noopener\">invit\u00e9 de la matinale de CNews<\/a>, est revenu sur la situation de la France devant ce nouvel \u00e9pisode de neige. Du c\u00f4t\u00e9 des <strong>a\u00e9roports parisiens<\/strong>, c\u2019est la pagaille d\u00e9j\u00e0 ce matin.\u00a0<\/p>\n<p class=\" wall-content\">Une centaine de vols ont \u00e9t\u00e9 annul\u00e9s \u00e0 Roissy-Charles-de-Gaule, de m\u00eame que 40 vols \u00e0 Orly.<\/p>\n<p>7h55 \u2013 La RATP suspend ses bus \u00a0\u00ab\u00a0pour des raisons de s\u00e9curit\u00e9\u00a0\u00bb<\/p>\n<p class=\" wall-content\">Dans un premier point de situation, vers 6h mercredi, <strong>la RATP<\/strong> n\u2019avait pas not\u00e9 de perturbations sur ses diff\u00e9rents r\u00e9seaux de transports de <a href=\"https:\/\/actu.fr\/ile-de-france\/\" target=\"_blank\" rel=\"noopener\">l\u2019\u00cele-de-France<\/a> Les pr\u00e9visions ont depuis \u00e9t\u00e9 largement revues, <a href=\"https:\/\/actu.fr\/ile-de-france\/paris_75056\/direct-meteo-alerte-neige-et-verglas-a-paris-et-en-ile-de-france-les-perturbations-en-cours-ce-mercredi_63660243.html\" target=\"_blank\" rel=\"noopener\">relaye notre r\u00e9daction locale actu Paris<\/a>.<\/p>\n<p class=\" wall-content\">\u00c0 7h35, <a href=\"https:\/\/actu.fr\/tag\/ratp\" target=\"_blank\" rel=\"noopener\">la RATP<\/a> a pr\u00e9venu que, <strong>pour \u00ab\u00a0des raisons de s\u00e9curit\u00e9 des personnels et voyageurs\u00a0\u00bb<\/strong>, l\u2019exploitation de l\u2019ensemble des lignes de <strong>bus<\/strong> est \u00ab\u00a0suspendue progressivement jusqu\u2019\u00e0 ce que les conditions de s\u00e9curit\u00e9 soient de nouveau r\u00e9unies\u00a0\u00bb. Les v\u00e9hicules rentrent dans leurs d\u00e9p\u00f4ts.<\/p>\n<p>    <img   decoding=\"async\" loading=\"lazy\" src=\"https:\/\/www.europesays.com\/fr\/wp-content\/uploads\/2026\/01\/img-4226-960x640.jpeg\" alt=\"La neige a commenc\u00e9 \u00e0 tomber \u00e0 l'ouest de Paris. Une fine pellicule de neige recouvre les trottoirs et toits, comme ici \u00e0 Boulogne-Billancourt.\" width=\"960\" height=\"640\"\/><br \/>\n    La neige a commenc\u00e9 \u00e0 tomber \u00e0 l\u2019ouest de Paris. Une fine pellicule de neige recouvre les trottoirs et toits, comme ici \u00e0 Boulogne-Billancourt. (\u00a9JB\/actu Paris)7h40 \u2013 Comment conduire quand les routes sont glissantes ? Nos conseils<\/p>\n<p class=\" wall-content\">Bon nombre d\u2019automobilistes ont \u00e9t\u00e9 surpris par de la neige en grande quantit\u00e9 qui est tomb\u00e9e sur les routes, ces derniers jours. Ce mercredi, \u00e0 nouveau, attention au verglas et au givre.<\/p>\n<p class=\" wall-content\">Car comme chacun le sait\u2009: conduire sur une route glissante, c\u2019est risqu\u00e9 voire dangereux. <a href=\"https:\/\/actu.fr\/societe\/neige-et-verglas-il-faut-savoir-etre-egoiste-comment-conduire-quand-les-routes-sont-glissantes_63656835.html\" target=\"_blank\" rel=\"noopener\">Dans cet article<\/a>, nous avons list\u00e9 quelques pr\u00e9cieux conseils avant de prendre la route.<\/p>\n<p>7h15 \u2013 Entre grippe, gr\u00e8ve et neige, les urgences hospitali\u00e8res sont d\u00e9bord\u00e9es<\/p>\n<p class=\" wall-content\">\u00ab\u00a0C\u2019est intenable\u00a0\u00bb, \u00ab\u00a0on est sous l\u2019eau\u00a0\u00bb : entre <a href=\"https:\/\/actu.fr\/societe\/la-grippe-continue-de-faire-des-ravages-en-france-voici-les-departements-ou-l-epidemie-sevit-le-plus_63647754.html\" target=\"_blank\" rel=\"noopener\">\u00e9pid\u00e9mies hivernales<\/a>, neige et verglas qui provoquent chutes et accidents, et <a href=\"https:\/\/actu.fr\/societe\/greve-des-medecins-cabinets-fermes-operations-reportees-ce-qui-attend-les-patients-pendant-10-jours_63649446.html\" target=\"_blank\" rel=\"noopener\">gr\u00e8ve des m\u00e9decins lib\u00e9raux<\/a>, <strong>les services d\u2019urgences et Samu sont surcharg\u00e9s<\/strong> d\u2019appels et de patients, <a href=\"https:\/\/actu.fr\/societe\/intenable-saturation-complete-entre-grippe-greve-des-medecins-et-neige-les-urgences-debordees_63661363.html\" target=\"_blank\" rel=\"noopener\">alertent des repr\u00e9sentants d\u2019urgentistes<\/a>.<\/p>\n<p>    <img   decoding=\"async\" loading=\"lazy\" src=\"https:\/\/www.europesays.com\/fr\/wp-content\/uploads\/2026\/01\/4d1cd44c1d596312cd44c1d59052cdv-960x640.jpg\" alt=\"Le service des Urgences de Lannion ne va plus \u00eatre r\u00e9gul\u00e9 la nuit.\" width=\"960\" height=\"640\"\/><br \/>\n    Face \u00e0 plusieurs ph\u00e9nom\u00e8nes qui se chevauchent, les urgences se retrouvent d\u00e9bord\u00e9es et des plans blancs sont d\u00e9clench\u00e9s partout en France.. (\u00a9Christophe GANNE \/ Le Tr\u00e9gor)<\/p>\n<p class=\" wall-content\">Les cas urgents sont prioris\u00e9s mais les autres patients subissent<strong> \u00ab\u00a0de longues heures d\u2019attente\u00a0\u00bb<\/strong> avant d\u2019\u00eatre pris en charge. Et encore, selon les disponibilit\u00e9s des soignants.\u00a0\u00ab\u00a0On est \u00e0 saturation compl\u00e8te\u00a0\u00bb, illustre Louis Soulat, chef des urgences du <a href=\"https:\/\/actu.fr\/tag\/chu-de-rennes\" target=\"_blank\" rel=\"noopener\">CHU de Rennes<\/a>.<\/p>\n<p>6h30 \u2013 38 d\u00e9partements en vigilance orange ce mercredi<\/p>\n<p class=\" wall-content\">Dans un bulletin mardi apr\u00e8s-midi et <a href=\"https:\/\/actu.fr\/meteo\/encore-de-la-neige-et-du-verglas-attendus-en-france-les-nombreux-departements-en-vigilance-orange-mercredi_63658042.html\" target=\"_blank\" rel=\"noopener\">confirm\u00e9 ce mercredi 7 janvier 2026 \u00e0 6h<\/a>, M\u00e9t\u00e9o France confirme <strong>le retour de la vigilance orange pour 38 d\u00e9partements<\/strong> pour \u00ab\u00a0neige-verglas\u00a0\u00bb.<\/p>\n<ul class=\" wall-content\">\n<li>Aisne\u2009: neige-verglas<\/li>\n<li>Allier\u2009: neige-verglas<\/li>\n<li>Ardennes\u2009: neige-verglas<\/li>\n<li>Aube\u2009: neige-verglas<\/li>\n<li>Charente\u2009: neige-verglas<\/li>\n<li>Charente-Maritime\u2009: neige-verglas<\/li>\n<li>Cher\u2009: neige-verglas<\/li>\n<li>Corr\u00e8ze\u2009: neige-verglas<\/li>\n<li>Creuse\u2009: neige-verglas<\/li>\n<li>Eure\u2009: neige-verglas<\/li>\n<li>Eure-et-Loir\u2009: neige-verglas<\/li>\n<li>Indre\u2009: neige-verglas<\/li>\n<li>Indre-et-Loire\u2009: neige-verglas<\/li>\n<li>Loir-et-Cher\u2009: neige-verglas<\/li>\n<li>Loiret\u2009: neige-verglas<\/li>\n<li>Maine-et-Loire\u2009: neige-verglas<\/li>\n<li>Marne\u2009: neige-verglas<\/li>\n<li>Ni\u00e8vre\u2009: neige-verglas<\/li>\n<li>Nord\u2009: neige-verglas<\/li>\n<li>Oise\u2009: neige-verglas<\/li>\n<li>Orne\u2009: neige-verglas<\/li>\n<li>Pas-de-Calais\u2009: neige-verglas<\/li>\n<li>Sarthe\u2009: neige-verglas<\/li>\n<li>Paris\u2009: neige-verglas<\/li>\n<li>Seine-Maritime\u2009: neige-verglas<\/li>\n<li>Seine-et-Marne\u2009: neige-verglas<\/li>\n<li>Yvelines\u2009: neige-verglas<\/li>\n<li>Deux-S\u00e8vres\u2009: neige-verglas<\/li>\n<li>Somme\u2009: neige-verglas<\/li>\n<li>Vend\u00e9e\u2009: neige-verglas<\/li>\n<li>Vienne\u2009: neige-verglas<\/li>\n<li>Haute-Vienne\u2009: neige-verglas<\/li>\n<li>Yonne\u2009: neige-verglas<\/li>\n<li>Essonne\u2009: neige-verglas<\/li>\n<li>Hauts-de-Seine\u2009: neige-verglas<\/li>\n<li>Seine-Saint-Denis\u2009: neige-verglas<\/li>\n<li>Val-de-Marne\u2009: neige-verglas<\/li>\n<li>Val-d\u2019Oise\u2009: neige-verglas<\/li>\n<\/ul>\n<p class=\" wall-content\">\n<p class=\" wall-content\">Soit\u00a0<strong>un tr\u00e8s large quart nord-ouest<\/strong> de la France color\u00e9 en orange. La vigilance court jusqu\u2019\u00e0 mercredi minuit, pour le moment.<\/p>\n<p>6h \u2013 Le point sur les transports<\/p>\n<p class=\" wall-content\">Les <a href=\"https:\/\/actu.fr\/tag\/transport\" target=\"_blank\" rel=\"noopener\">transports<\/a> scolaires sont suspendus dans de tr\u00e8s nombreux d\u00e9partements.\u00a0<\/p>\n<ul class=\" wall-content\">\n<li>Dans tous les d\u00e9partements de la r\u00e9gion <strong>Pays de la Loire<\/strong>\u2009;<\/li>\n<li>Dans tous les d\u00e9partements de la r\u00e9gion <strong>Normandie\u2009<\/strong>;<\/li>\n<li>Nouvelle-Aquitaine\u2009: les d\u00e9partements de la <strong>Charente<\/strong>, la <strong>Charente-Maritime<\/strong>, les <strong>Deux-S\u00e8vres<\/strong> et la <strong>Vienne\u2009<\/strong>;<\/li>\n<li>Dans tous les d\u00e9partements de la r\u00e9gion <strong>Hauts-de-France<\/strong>\u2009;<\/li>\n<li>Dans tous les d\u00e9partements de la r\u00e9gion <strong>Centre-Val de Loire<\/strong>\u2009;<\/li>\n<li><strong>Bretagne\u2009<\/strong>: Morbihan, Ille-et-Vilaine, des <a href=\"https:\/\/www.breizhgo.bzh\/alerte-neige-transports-scolaires-mercredi-7-janvier-et-perturbations-sur-le-reseau-car\" target=\"_blank\" rel=\"noopener\">difficult\u00e9s toujours dans le Finist\u00e8re et les C\u00f4tes-d\u2019Armor\u2009;<\/a><\/li>\n<li>Grand Est\u2009: <strong>Ardennes\u2009<\/strong>;<\/li>\n<li>\u00cele-de-France\u2009: les transports scolaires sont suspendus dans les <strong>Yvelines<\/strong>, <strong>Val-d\u2019Oise<\/strong> et la <strong>Seine-et-Marne<\/strong>.<\/li>\n<\/ul>\n<p class=\" wall-content\">Par ailleurs, il est d\u00e9conseill\u00e9 de prendre la voiture, et les trains et les avions pourraient conna\u00eetre des perturbations. Tous les d\u00e9tails dans notre article.<\/p>\n<p>5h30 \u2013 38 d\u00e9partements en vigilance orange<\/p>\n<p class=\" wall-content\"><a href=\"https:\/\/actu.fr\/tag\/meteo-france\" target=\"_blank\" rel=\"noopener\">M\u00e9t\u00e9o France<\/a> a plac\u00e9 38 d\u00e9partements en vigilance orange pour la journ\u00e9e de ce mercredi. C\u2019est le plus haut total depuis le d\u00e9but de l\u2019\u00e9pisode neigeux ce lundi 5 janvier.\u00a0<\/p>\n<p class=\" wall-content\">\n<p class=\" wall-content\">Ces vigilances forment une diagonale allant de la Charente-Maritime jusqu\u2019au Nord en prenant l\u2019\u00cele-de-France.<\/p>\n<p>5 h \u2013 Une cellule de crise mardi<\/p>\n<p class=\" wall-content\">La <strong>cellule interminist\u00e9rielle de crise<\/strong> a \u00e9t\u00e9 activ\u00e9e \u00e0 17h mardi \u00ab compte tenu de l\u2019importance de l\u2019\u00e9pisode neigeux et verglas annonc\u00e9 \u00bb pour mercredi, a indiqu\u00e9 le minist\u00e8re de l\u2019Int\u00e9rieur.<\/p>\n<p class=\" wall-content\">La\u00a0cellule interminist\u00e9rielle de crise\u00a0(CIC) est pr\u00e9sid\u00e9e par le ministre de l\u2019Int\u00e9rieur <strong>Laurent Nu\u00f1ez<\/strong>, en pr\u00e9sence du ministre des Transports <strong>Philippe Tabarot<\/strong> et de la ministre de la Sant\u00e9 St\u00e9phanie Rist, selon la place Beauvau.<\/p>\n<p class=\" wall-content\">Ce dispositif \u00ab coordonne l\u2019ensemble des centres op\u00e9rationnels, ceux du minist\u00e8re comme ceux relevant des autres minist\u00e8res \u00bb, explique l\u2019Int\u00e9rieur sur son site.\u00a0Les intemp\u00e9ries ont fait, mardi, <a href=\"https:\/\/actu.fr\/meteo\/neige-et-verglas-plusieurs-morts-dans-des-accidents-foyers-sans-electricite-suivez-la-situation-ce-mardi_63654861.html\" target=\"_blank\" rel=\"noopener\">au moins cinq morts sur les routes de France<\/a>.<\/p>\n<p class=\" wall-content\">Personnalisez votre actualit\u00e9 en ajoutant vos villes et m\u00e9dias en favori avec <a href=\"https:\/\/moncompte.actu.fr\" title=\"D\u00e9couvez Mon Actu\" rel=\"nofollow noopener\" data-trk=\"{&quot;cta&quot;:{&quot;action&quot;:&quot;https:\\\/\\\/moncompte.actu.fr&quot;,&quot;category&quot;:&quot;mon compte&quot;,&quot;from&quot;:&quot;article footer&quot;,&quot;name&quot;:&quot;Mon actu&quot;,&quot;type&quot;:&quot;cta&quot;}}\" target=\"_blank\">Mon Actu<\/a>.<\/p>\n","protected":false},"excerpt":{"rendered":"Par R\u00e9daction Actu Publi\u00e9 le 7 janv. 2026 \u00e0 7h02 ; mis \u00e0 jour le 7 janv. 2026&hellip;\n","protected":false},"author":2,"featured_media":647283,"comment_status":"","ping_status":"","sticky":false,"template":"","format":"standard","meta":{"footnotes":""},"categories":[2815],"tags":[1111,11,1777,674,1011,27,811,1307,2487,2357,10584,12,25,2803],"class_list":{"0":"post-647282","1":"post","2":"type-post","3":"status-publish","4":"format-standard","5":"has-post-thumbnail","7":"category-lille","8":"tag-actu","9":"tag-actualites","10":"tag-eu","11":"tag-europe","12":"tag-fr","13":"tag-france","14":"tag-hauts-de-france","15":"tag-lille","16":"tag-meteo","17":"tag-meteo-france","18":"tag-neige","19":"tag-news","20":"tag-republique-francaise","21":"tag-transport"},"share_on_mastodon":{"url":"https:\/\/pubeurope.com\/@fr\/115854343477951852","error":""},"_links":{"self":[{"href":"https:\/\/www.europesays.com\/fr\/wp-json\/wp\/v2\/posts\/647282","targetHints":{"allow":["GET"]}}],"collection":[{"href":"https:\/\/www.europesays.com\/fr\/wp-json\/wp\/v2\/posts"}],"about":[{"href":"https:\/\/www.europesays.com\/fr\/wp-json\/wp\/v2\/types\/post"}],"author":[{"embeddable":true,"href":"https:\/\/www.europesays.com\/fr\/wp-json\/wp\/v2\/users\/2"}],"replies":[{"embeddable":true,"href":"https:\/\/www.europesays.com\/fr\/wp-json\/wp\/v2\/comments?post=647282"}],"version-history":[{"count":0,"href":"https:\/\/www.europesays.com\/fr\/wp-json\/wp\/v2\/posts\/647282\/revisions"}],"wp:featuredmedia":[{"embeddable":true,"href":"https:\/\/www.europesays.com\/fr\/wp-json\/wp\/v2\/media\/647283"}],"wp:attachment":[{"href":"https:\/\/www.europesays.com\/fr\/wp-json\/wp\/v2\/media?parent=647282"}],"wp:term":[{"taxonomy":"category","embeddable":true,"href":"https:\/\/www.europesays.com\/fr\/wp-json\/wp\/v2\/categories?post=647282"},{"taxonomy":"post_tag","embeddable":true,"href":"https:\/\/www.europesays.com\/fr\/wp-json\/wp\/v2\/tags?post=647282"}],"curies":[{"name":"wp","href":"https:\/\/api.w.org\/{rel}","templated":true}]}}