{"id":647284,"date":"2026-01-07T14:42:15","date_gmt":"2026-01-07T14:42:15","guid":{"rendered":"https:\/\/www.europesays.com\/fr\/647284\/"},"modified":"2026-01-07T14:42:15","modified_gmt":"2026-01-07T14:42:15","slug":"football-psg-ol-lyonnes-reprogramme-a-la-meme-heure-que-ol-lille","status":"publish","type":"post","link":"https:\/\/www.europesays.com\/fr\/647284\/","title":{"rendered":"Football. PSG-OL Lyonnes reprogramm\u00e9\u2026 \u00e0 la m\u00eame heure que OL\u00a0&#8211; Lille\u00a0!"},"content":{"rendered":"<p>Il faut esp\u00e9rer que les supporters d\u2019OL Lyonnes n\u2019avaient pas d\u00e9j\u00e0 r\u00e9serv\u00e9 leur billet de TGV pour la capitale. Ou alors ils en seront quittes pour prolonger leur week-end \u00e0 Paris. La F\u00e9d\u00e9ration a en effet d\u00e9cid\u00e9 de reprogrammer le choc de la 14e journ\u00e9e de Premi\u00e8re Ligue entre le PSG et OL Lyonnes. Initialement pr\u00e9vu le samedi 31\u00a0janvier \u00e0 13h30, le match aura lieu finalement le dimanche 1er \u00a0f\u00e9vrier \u00e0 15 heures, toujours au Parc des Princes.<\/p>\n<p>Rappelons que lors de la phase aller, <a href=\"https:\/\/www.leprogres.fr\/sport\/2025\/09\/27\/ol-lyonnes-psg-le-premier-choc-de-la-saison-pour-les-lyonnaises\" target=\"_blank\" rel=\"noopener\">les Lyonnaises avaient surclass\u00e9 le PSG 6-1<\/a>, qu\u2019elles devancent d\u00e9sormais au classement de 16 points depuis <a href=\"https:\/\/www.leprogres.fr\/sport\/2025\/12\/22\/le-psg-sanctionne-sur-tapis-vert-ol-lyonnes-accroit-son-avance-en-premiere-ligue\" target=\"_blank\" rel=\"noopener\">la sanction de 9 points qui a touch\u00e9 le PSG<\/a> en raison d\u2019une irr\u00e9gularit\u00e9 sur la licence de l\u2019une de ses joueuses.<\/p>\n<p>Cette d\u00e9cision risque aussi de contrarier certains supporters lyonnais puisque ce dimanche 1er\u00a0f\u00e9vrier \u00e0 la m\u00eame heure, le coup d\u2019envoi du match OL-Lille sera donn\u00e9 au <a href=\"https:\/\/www.leprogres.fr\/p\/groupama-stadium\" target=\"_blank\" rel=\"noopener\">Groupama Stadium<\/a> pour le compte de la 20e journ\u00e9e de Ligue 1. Entre l\u2019OL et l\u2019OL Lyonnes, il faudra donc choisir\u2026<\/p>\n","protected":false},"excerpt":{"rendered":"Il faut esp\u00e9rer que les supporters d\u2019OL Lyonnes n\u2019avaient pas d\u00e9j\u00e0 r\u00e9serv\u00e9 leur billet de TGV pour la&hellip;\n","protected":false},"author":2,"featured_media":647285,"comment_status":"","ping_status":"","sticky":false,"template":"","format":"standard","meta":{"footnotes":""},"categories":[2815],"tags":[1111,11,2757,1777,674,107,63,1011,27,811,1307,2428,2756,12,2755,23153,25,2429,517],"class_list":{"0":"post-647284","1":"post","2":"type-post","3":"status-publish","4":"format-standard","5":"has-post-thumbnail","7":"category-lille","8":"tag-actu","9":"tag-actualites","10":"tag-edition-lyon-villeurbanne","11":"tag-eu","12":"tag-europe","13":"tag-fil-info","14":"tag-football","15":"tag-fr","16":"tag-france","17":"tag-hauts-de-france","18":"tag-lille","19":"tag-lyon","20":"tag-lyon-bassin","21":"tag-news","22":"tag-ol-olympique-lyonnais-football","23":"tag-ol-lyonnes-olympique-lyonnais-feminin","24":"tag-republique-francaise","25":"tag-rhone","26":"tag-sport"},"share_on_mastodon":{"url":"https:\/\/pubeurope.com\/@fr\/115854347093616117","error":""},"_links":{"self":[{"href":"https:\/\/www.europesays.com\/fr\/wp-json\/wp\/v2\/posts\/647284","targetHints":{"allow":["GET"]}}],"collection":[{"href":"https:\/\/www.europesays.com\/fr\/wp-json\/wp\/v2\/posts"}],"about":[{"href":"https:\/\/www.europesays.com\/fr\/wp-json\/wp\/v2\/types\/post"}],"author":[{"embeddable":true,"href":"https:\/\/www.europesays.com\/fr\/wp-json\/wp\/v2\/users\/2"}],"replies":[{"embeddable":true,"href":"https:\/\/www.europesays.com\/fr\/wp-json\/wp\/v2\/comments?post=647284"}],"version-history":[{"count":0,"href":"https:\/\/www.europesays.com\/fr\/wp-json\/wp\/v2\/posts\/647284\/revisions"}],"wp:featuredmedia":[{"embeddable":true,"href":"https:\/\/www.europesays.com\/fr\/wp-json\/wp\/v2\/media\/647285"}],"wp:attachment":[{"href":"https:\/\/www.europesays.com\/fr\/wp-json\/wp\/v2\/media?parent=647284"}],"wp:term":[{"taxonomy":"category","embeddable":true,"href":"https:\/\/www.europesays.com\/fr\/wp-json\/wp\/v2\/categories?post=647284"},{"taxonomy":"post_tag","embeddable":true,"href":"https:\/\/www.europesays.com\/fr\/wp-json\/wp\/v2\/tags?post=647284"}],"curies":[{"name":"wp","href":"https:\/\/api.w.org\/{rel}","templated":true}]}}