{"id":647290,"date":"2026-01-07T14:45:22","date_gmt":"2026-01-07T14:45:22","guid":{"rendered":"https:\/\/www.europesays.com\/fr\/647290\/"},"modified":"2026-01-07T14:45:22","modified_gmt":"2026-01-07T14:45:22","slug":"la-gare-routiere-va-sinstaller-a-gerland-des-le-12-janvier","status":"publish","type":"post","link":"https:\/\/www.europesays.com\/fr\/647290\/","title":{"rendered":"la gare routi\u00e8re va s&rsquo;installer \u00e0 Gerland d\u00e8s le 12 janvier"},"content":{"rendered":"<p>\t\t\t\t\t\t\t\t\t\t\t<img decoding=\"async\" src=\"https:\/\/www.europesays.com\/fr\/wp-content\/uploads\/2026\/01\/1280x720_lyon-la-gare-routiere-va-s-installer-a-gerland-des-le-12-janvier_695e3bffe7623.jpg\" alt=\"Lyon : la gare routi\u00e8re va s'installer \u00e0 Gerland d\u00e8s le 12 janvier\" title=\"Lyon : la gare routi\u00e8re va s'installer \u00e0 Gerland d\u00e8s le 12 janvier\" width=\"1280\" height=\"720\" class=\"img-fluid  mb-3\" loading=\"lazy\"\/>\t\t\t\t\t\t\t\t\t\t\t\t<\/p>\n<p>Photo d&rsquo;illustration &#8211; Radio Espace<\/p>\n<p itemprop=\"description\"><strong>La gare routi\u00e8re internationale de Lyon va d\u00e9m\u00e9nager de Perrache \u00e0 Gerland \u00e0 compter du lundi 12 janvier.<\/strong><\/p>\n<p>Le site historique de Perrache laisse place \u00e0 une implantation provisoire de 5 \u00e0 7 ans dans le 7\u1d49 arrondissement, sur une partie du parking du Palais des Sports de Gerland.<\/p>\n<p>Am\u00e9nag\u00e9 par la M\u00e9tropole de Lyon, le nouveau site s\u2019\u00e9tend sur plus de 8 000 m2 et b\u00e9n\u00e9ficie d\u2019une localisation strat\u00e9gique. Il est directement connect\u00e9 au m\u00e9tro B, au futur tramway T10, au r\u00e9seau de bus, ainsi qu\u2019aux grands axes routiers structurants, dont le boulevard p\u00e9riph\u00e9rique et les M6\/M7.<\/p>\n<p>La nouvelle gare routi\u00e8re permettra d\u2019accueillir 17 quais d\u2019embarquement et de d\u00e9pose pour les voyageurs ; des zones de stationnement d\u00e9di\u00e9es \u00e0 la r\u00e9gulation du trafic des autocars ; un b\u00e2timent voyageurs int\u00e9grant deux salles d\u2019attente, des guichets d\u2019information et de vente, une salle de repos pour les conducteurs, des toilettes publiques et des consignes automatiques, ainsi qu\u2019une poche de stationnement de 275 places, actuellement en cours de r\u00e9am\u00e9nagement.<\/p>\n<p>Ce d\u00e9m\u00e9nagement s\u2019accompagne \u00e9galement d\u2019un r\u00e9am\u00e9nagement du stationnement dans le quartier. L\u2019ancien parc-relais TCL de Gerland, lui aussi en travaux, proposera 275 places suppl\u00e9mentaires. Au total, 550 places de stationnement seront ainsi disponibles sur le secteur. Leur gestion sera confi\u00e9e \u00e0 LPA Mobilit\u00e9s.<\/p>\n<p>Selon la M\u00e9tropole, ces parkings fonctionneront en coh\u00e9rence avec la tarification du stationnement sur voirie dans le 7\u1d49 arrondissement, avec une grille tarifaire annonc\u00e9e comme accessible, notamment pour les salari\u00e9s venant travailler en voiture dans le quartier.<\/p>\n","protected":false},"excerpt":{"rendered":"Photo d&rsquo;illustration &#8211; Radio Espace La gare routi\u00e8re internationale de Lyon va d\u00e9m\u00e9nager de Perrache \u00e0 Gerland \u00e0&hellip;\n","protected":false},"author":2,"featured_media":647291,"comment_status":"","ping_status":"","sticky":false,"template":"","format":"standard","meta":{"footnotes":""},"categories":[1889],"tags":[1111,11,2430,650,7734,2889,2263,386,1777,674,1011,27,6417,1114,4662,2428,12,3725,1825,10688,25,2429],"class_list":{"0":"post-647290","1":"post","2":"type-post","3":"status-publish","4":"format-standard","5":"has-post-thumbnail","7":"category-lyon","8":"tag-actu","9":"tag-actualites","10":"tag-auvergne-rhone-alpes","11":"tag-cinema","12":"tag-ecoute","13":"tag-emission","14":"tag-equipe","15":"tag-espace","16":"tag-eu","17":"tag-europe","18":"tag-fr","19":"tag-france","20":"tag-information","21":"tag-infos","22":"tag-journal","23":"tag-lyon","24":"tag-news","25":"tag-podcast","26":"tag-radio","27":"tag-radioespace","28":"tag-republique-francaise","29":"tag-rhone"},"share_on_mastodon":{"url":"https:\/\/pubeurope.com\/@fr\/115854358968691907","error":""},"_links":{"self":[{"href":"https:\/\/www.europesays.com\/fr\/wp-json\/wp\/v2\/posts\/647290","targetHints":{"allow":["GET"]}}],"collection":[{"href":"https:\/\/www.europesays.com\/fr\/wp-json\/wp\/v2\/posts"}],"about":[{"href":"https:\/\/www.europesays.com\/fr\/wp-json\/wp\/v2\/types\/post"}],"author":[{"embeddable":true,"href":"https:\/\/www.europesays.com\/fr\/wp-json\/wp\/v2\/users\/2"}],"replies":[{"embeddable":true,"href":"https:\/\/www.europesays.com\/fr\/wp-json\/wp\/v2\/comments?post=647290"}],"version-history":[{"count":0,"href":"https:\/\/www.europesays.com\/fr\/wp-json\/wp\/v2\/posts\/647290\/revisions"}],"wp:featuredmedia":[{"embeddable":true,"href":"https:\/\/www.europesays.com\/fr\/wp-json\/wp\/v2\/media\/647291"}],"wp:attachment":[{"href":"https:\/\/www.europesays.com\/fr\/wp-json\/wp\/v2\/media?parent=647290"}],"wp:term":[{"taxonomy":"category","embeddable":true,"href":"https:\/\/www.europesays.com\/fr\/wp-json\/wp\/v2\/categories?post=647290"},{"taxonomy":"post_tag","embeddable":true,"href":"https:\/\/www.europesays.com\/fr\/wp-json\/wp\/v2\/tags?post=647290"}],"curies":[{"name":"wp","href":"https:\/\/api.w.org\/{rel}","templated":true}]}}