{"id":647292,"date":"2026-01-07T14:46:09","date_gmt":"2026-01-07T14:46:09","guid":{"rendered":"https:\/\/www.europesays.com\/fr\/647292\/"},"modified":"2026-01-07T14:46:09","modified_gmt":"2026-01-07T14:46:09","slug":"lyon-previsions-meteo-du-mercredi-07-janvier-2026","status":"publish","type":"post","link":"https:\/\/www.europesays.com\/fr\/647292\/","title":{"rendered":"Lyon : pr\u00e9visions m\u00e9t\u00e9o du mercredi 07 janvier 2026"},"content":{"rendered":"<p>\u00c0 Lyon, la journ\u00e9e du mercredi 07 janvier 2026 sera marqu\u00e9e par un froid persistant avec un m\u00e9lange d\u2019\u00e9claircies matinales, un ciel tr\u00e8s nuageux l\u2019apr\u00e8s-midi et de faibles chutes de neige en soir\u00e9e. Le vent reste faible, mais la vigilance grand froid et neige est recommand\u00e9e.<\/p>\n<p>Sous l\u2019influence d\u2019une petite d\u00e9pression glissant vers les Alpes, Lyon conna\u00eet ce 7 janvier un cocktail hivernal m\u00ealant \u00e9claircies matinales, grisaille persistante, puis faibles chutes de neige en soir\u00e9e.<\/p>\n<p>Les temp\u00e9ratures resteront n\u00e9gatives une grande partie de la journ\u00e9e, avant un redoux qui s\u2019amorcera durant la nuit suivante.<\/p>\n<p>Alerte en cours<\/p>\n<p>Le d\u00e9partement du Rh\u00f4ne est plac\u00e9 ce 7 janvier en vigilance <b>Jaune Grand froid<\/b> et <b>Jaune Neige \/ Verglas<\/b> depuis 00 h, selon les services de surveillance.<\/p>\n<p>Les d\u00e9placements non essentiels sont limit\u00e9s, les trottoirs d\u00e9neig\u00e9s et les compteurs isol\u00e9s. Plus d\u2019informations sur <a href=\"https:\/\/www.meteocity.com\/france\/alertes\" target=\"_blank\" rel=\"noopener\">notre page d\u00e9di\u00e9e aux alertes<\/a>.<\/p>\n<ul>\n<li>S\u2019habiller en couches isolantes.<\/li>\n<li>Racler la neige t\u00f4t pour \u00e9viter la glace.<\/li>\n<li>Pr\u00e9voir des crampons pour les d\u00e9placements.<\/li>\n<\/ul>\n<p>Des p\u00e9riodes de froid marqu\u00e9es, bien que classiques en janvier, peuvent s\u2019accentuer sous l\u2019influence d\u2019un jet-stream plus ondulant, ph\u00e9nom\u00e8ne \u00e9tudi\u00e9 par le GIEC.<\/p>\n<p>Matin : \u00e9claircies et lever de soleil \u00e0 08 h 20<\/p>\n<p>Le soleil se l\u00e8ve \u00e0 08 h 20 sur un ciel <b>l\u00e9g\u00e8rement nuageux<\/b>. \u00c0 9 h, le thermom\u00e8tre affiche <b>-3 \u00b0C<\/b> tandis que le ressenti descend \u00e0 <b>-7 \u00b0C<\/b>, sous une humidit\u00e9 de 90 %.<\/p>\n<p>Une brise de Nord souffle \u00e0 6 km\/h, insuffisante pour disperser l\u2019humidit\u00e9 ambiante. Prudence donc : le givre s\u2019installe sur les pare-brise et les trottoirs restent glissants avant les trajets scolaires ou professionnels.<\/p>\n<p>Pensez \u00e0 bien vous hydrater malgr\u00e9 le froid, limitez les efforts physiques, et v\u00e9rifiez la pression de vos pneus, qui a tendance \u00e0 baisser avec les temp\u00e9ratures n\u00e9gatives.<\/p>\n<p>Apr\u00e8s-midi : ciel tr\u00e8s nuageux<\/p>\n<p>\u00c0 15 h, le ciel devient <b>tr\u00e8s nuageux<\/b>. La temp\u00e9rature atteint <b>0 \u00b0C<\/b>, ressentie <b>-4 \u00b0C<\/b>. La probabilit\u00e9 de pr\u00e9cipitations grimpe \u00e0 75 %, laissant craindre quelques traces d\u2019humidit\u00e9.<\/p>\n<p>La pression se maintient \u00e0 1 017 hPa. Un flux de Sud-Sud-Est \u00e0 8 km\/h apporte une relative douceur mais ne parvient pas \u00e0 dissiper la grisaille. Pour toute sortie, consultez <a href=\"https:\/\/www.meteocity.com\/france\/lyon-v2996944\/tourisme\" target=\"_blank\" rel=\"noopener\">notre page tourisme<\/a>.<\/p>\n<p>Le contraste thermique r\u00e9duit emp\u00eache toute convection : aucune rafale ni orage n\u2019est attendu. La couverture nuageuse limite l\u2019ensoleillement et freine la fonte \u00e9ventuelle des flocons du matin.<\/p>\n<p>Ces journ\u00e9es grises et froides sont fr\u00e9quentes sur le bassin lyonnais, mais la variabilit\u00e9 annuelle s\u2019accro\u00eet : M\u00e9t\u00e9o-France observe depuis 30 ans une baisse du nombre de jours de neige, malgr\u00e9 des pics parfois plus marqu\u00e9s.<\/p>\n<p>Soir : faibles chutes de neige et coucher \u00e0 17 h 12<\/p>\n<p>Apr\u00e8s le coucher du soleil \u00e0 17 h 12, Lyon retrouve une <b>faible neige<\/b> vers 21 h. Le mercure affiche <b>-1 \u00b0C<\/b> pour un ressenti <b>-4 \u00b0C<\/b> sous une humidit\u00e9 de 90 %.<\/p>\n<p>Les premiers centim\u00e8tres de neige restent localis\u00e9s, mais les trottoirs blanchissent d\u00e9j\u00e0 par endroits. Le vent, faible (5 km\/h, direction Sud-Sud-Est), n\u2019accentue pas la sensation de froid.<\/p>\n<p>Attention aux chauss\u00e9es secondaires moins sal\u00e9es : la fine pellicule neigeuse peut se transformer en verglas durant la nuit, en particulier dans les pentes de la Croix-Rousse ou de Fourvi\u00e8re.<\/p>\n<tr>\n<td><b>Extr\u00eames du jour<\/b><\/td>\n<td>Valeur<\/td>\n<\/tr>\n<tr>\n<td>Temp\u00e9rature max<\/td>\n<td><b>0 \u00b0C<\/b><\/td>\n<\/tr>\n<tr>\n<td>Temp\u00e9rature min<\/td>\n<td><b>-4 \u00b0C<\/b><\/td>\n<\/tr>\n<tr>\n<td>Ressenti min<\/td>\n<td><b>-7 \u00b0C<\/b><\/td>\n<\/tr>\n<tr>\n<td>Cumul neige \/ eau<\/td>\n<td><b>1,4 mm<\/b><\/td>\n<\/tr>\n<p>Tendance g\u00e9n\u00e9rale pour le lendemain<\/p>\n<p>La journ\u00e9e du 8 janvier s\u2019annonce nettement plus douce : <b>5 \u00b0C au meilleur<\/b>, <b>-1 \u00b0C au plus frais<\/b>. L\u2019atmosph\u00e8re restera toutefois humide, avec un cumul total pr\u00e9vu de 9,4 mm, principalement sous forme neigeuse.<\/p>\n<p>Durant la nuit prochaine, on attend 5 \u00b0C vers minuit mais un ressenti proche de 1 \u00b0C, sous un vent de Sud pouvant atteindre 18 km\/h. Une vigilance Jaune pourrait \u00eatre reconduite si les sols se retrouvent verglac\u00e9s.<\/p>\n<p>Si les pr\u00e9cipitations se confirment, un \u00e9pisode de neige lourde suivi de pluie pourrait survenir, situation propice \u00e0 la casse de branches et \u00e0 des d\u00e9bordements ponctuels des avaloirs.<\/p>\n<ul>\n<li>Surveillez les poids sur les toitures l\u00e9g\u00e8res.<\/li>\n<li>D\u00e9gagez les avaloirs pour \u00e9viter l\u2019eau stagnante.<\/li>\n<li>Planifiez vos trajets en privil\u00e9giant les transports en commun.<\/li>\n<\/ul>\n","protected":false},"excerpt":{"rendered":"\u00c0 Lyon, la journ\u00e9e du mercredi 07 janvier 2026 sera marqu\u00e9e par un froid persistant avec un m\u00e9lange&hellip;\n","protected":false},"author":2,"featured_media":647293,"comment_status":"","ping_status":"","sticky":false,"template":"","format":"standard","meta":{"footnotes":""},"categories":[1889],"tags":[1111,11,2430,1777,674,1011,27,2428,12,25],"class_list":{"0":"post-647292","1":"post","2":"type-post","3":"status-publish","4":"format-standard","5":"has-post-thumbnail","7":"category-lyon","8":"tag-actu","9":"tag-actualites","10":"tag-auvergne-rhone-alpes","11":"tag-eu","12":"tag-europe","13":"tag-fr","14":"tag-france","15":"tag-lyon","16":"tag-news","17":"tag-republique-francaise"},"share_on_mastodon":{"url":"https:\/\/pubeurope.com\/@fr\/115854362725091138","error":""},"_links":{"self":[{"href":"https:\/\/www.europesays.com\/fr\/wp-json\/wp\/v2\/posts\/647292","targetHints":{"allow":["GET"]}}],"collection":[{"href":"https:\/\/www.europesays.com\/fr\/wp-json\/wp\/v2\/posts"}],"about":[{"href":"https:\/\/www.europesays.com\/fr\/wp-json\/wp\/v2\/types\/post"}],"author":[{"embeddable":true,"href":"https:\/\/www.europesays.com\/fr\/wp-json\/wp\/v2\/users\/2"}],"replies":[{"embeddable":true,"href":"https:\/\/www.europesays.com\/fr\/wp-json\/wp\/v2\/comments?post=647292"}],"version-history":[{"count":0,"href":"https:\/\/www.europesays.com\/fr\/wp-json\/wp\/v2\/posts\/647292\/revisions"}],"wp:featuredmedia":[{"embeddable":true,"href":"https:\/\/www.europesays.com\/fr\/wp-json\/wp\/v2\/media\/647293"}],"wp:attachment":[{"href":"https:\/\/www.europesays.com\/fr\/wp-json\/wp\/v2\/media?parent=647292"}],"wp:term":[{"taxonomy":"category","embeddable":true,"href":"https:\/\/www.europesays.com\/fr\/wp-json\/wp\/v2\/categories?post=647292"},{"taxonomy":"post_tag","embeddable":true,"href":"https:\/\/www.europesays.com\/fr\/wp-json\/wp\/v2\/tags?post=647292"}],"curies":[{"name":"wp","href":"https:\/\/api.w.org\/{rel}","templated":true}]}}