{"id":647302,"date":"2026-01-07T14:53:11","date_gmt":"2026-01-07T14:53:11","guid":{"rendered":"https:\/\/www.europesays.com\/fr\/647302\/"},"modified":"2026-01-07T14:53:11","modified_gmt":"2026-01-07T14:53:11","slug":"des-forces-armees-americaines-menent-une-operation-contre-un-petrolier-protege-par-des-navires-russes","status":"publish","type":"post","link":"https:\/\/www.europesays.com\/fr\/647302\/","title":{"rendered":"des forces arm\u00e9es am\u00e9ricaines m\u00e8nent une op\u00e9ration contre un p\u00e9trolier prot\u00e9g\u00e9 par des navires russes"},"content":{"rendered":"<p class=\"rev-margin-0 rev-text-xs-normal\">Le p\u00e9trolier poursuivi fait partie d&rsquo;une flotte clandestine qui a transport\u00e9 du p\u00e9trole pour la Russie, l&rsquo;Iran et le Venezuela en violation des sanctions impos\u00e9es par les \u00c9tats-Unis et d&rsquo;autres pays, selon Washington.<\/p>\n<p class=\"rev-margin-0 rev-text-xs-bold\">Photo Twitter marinetraffic<\/p>\n<p>Des forces arm\u00e9es am\u00e9ricaines m\u00e8nent mercredi, selon plusieurs m\u00e9dias am\u00e9ricain, une op\u00e9ration dans l&rsquo;Atlantique nord pour prendre le contr\u00f4le d&rsquo;un p\u00e9trolier battant pavillon russe, poursuivi depuis plusieurs jours par Washington et pour lequel la Russie a envoy\u00e9 selon la presse des navires d&rsquo;escorte.<\/p>\n<p>L&rsquo;op\u00e9ration, rapport\u00e9e par Fox News et CNN, intervient quelques heures apr\u00e8s des informations de presse selon lesquelles la Russie a envoy\u00e9 au moins un b\u00e2timent de sa marine pour escorter ce navire, poursuivi par Washington dans le cadre de son blocus contre des p\u00e9troliers li\u00e9s au Venezuela.<\/p>\n<p>Le p\u00e9trolier est poursuivi dans par les Etats-Unis dans le cadre de leur blocus contre des p\u00e9troliers li\u00e9s au Venezuela, ont rapport\u00e9 mercredi plusieurs m\u00e9dias am\u00e9ricains dont le Wall Street Journal. Moscou a d\u00e9p\u00each\u00e9 \u00ab\u00a0un sous-marin et d\u2019autres moyens navals\u00a0\u00bb, \u00e9crit le quotidien, citant un responsable am\u00e9ricain non identifi\u00e9 &#8211; une information \u00e9galement rapport\u00e9e par CBS et le New York Times.<\/p>\n<p>Les Etats-Unis avaient annonc\u00e9 fin d\u00e9cembre, avant de capturer le pr\u00e9sident Nicolas Maduro, <a href=\"https:\/\/www.laprovence.com\/article\/france-monde\/2550837765821715\/venezuela-la-presidente-par-interim-entame-son-mandat-lonu-critique-loperation-americaine\" target=\"_blank\" rel=\"noopener\">la mise en place d&rsquo;un blocus naval autour du pays<\/a> contre des p\u00e9troliers pr\u00e9tendument sous sanctions. Ils en ont d\u00e9j\u00e0 saisi deux soup\u00e7onn\u00e9s par Washington de transporter du p\u00e9trole v\u00e9n\u00e9zu\u00e9lien soumis \u00e0 des sanctions. Le navire, Bella 1 de son nom d&rsquo;origine, est sous sanctions am\u00e9ricaines depuis 2024 pour ses liens pr\u00e9sum\u00e9s avec l&rsquo;Iran et le groupe chiite libanais Hezbollah.<\/p>\n<p>Le p\u00e9trolier est poursuivi depuis le 21 d\u00e9cembre par les gardes-c\u00f4tes am\u00e9ricains<\/p>\n<p>Rebaptis\u00e9 depuis peu Marinera et battant d\u00e9sormais pavillon russe, il se trouvait mercredi vers 07H00 GMT dans la zone \u00e9conomique exclusive de l&rsquo;Islande, apr\u00e8s une travers\u00e9e de l&rsquo;oc\u00e9an Atlantique dans les eaux internationales, selon les donn\u00e9es de suivi maritime de Bloomberg. Le p\u00e9trolier est poursuivi depuis le 21 d\u00e9cembre par les gardes-c\u00f4tes am\u00e9ricains, alors qu&rsquo;il \u00e9tait en route pour le Venezuela et ne transportait pas de cargaison, selon le site sp\u00e9cialis\u00e9 TankerTrackers.<\/p>\n<p>Le p\u00e9trolier poursuivi fait partie d&rsquo;une flotte clandestine qui a transport\u00e9 du p\u00e9trole pour la Russie, l&rsquo;Iran et le Venezuela en violation des sanctions impos\u00e9es par les \u00c9tats-Unis et d&rsquo;autres pays, selon Washington. Dans une d\u00e9claration ant\u00e9rieure aux informations publi\u00e9es par les m\u00e9dias am\u00e9ricains, le minist\u00e8re russe des Affaires \u00e9trang\u00e8res a d\u00e9clar\u00e9 mardi qu&rsquo;il suivait \u00ab\u00a0avec inqui\u00e9tude\u00a0\u00bb la situation. \u00ab\u00a0Pour des raisons qui nous \u00e9chappent, le navire russe suscite une attention accrue de la part des arm\u00e9es am\u00e9ricaine et de l\u2019Otan &#8211; une attention manifestement disproportionn\u00e9e au regard de son statut pacifique\u00a0\u00bb, a dit le minist\u00e8re.<\/p>\n<p>L&rsquo;Hyperion faisait route mercredi matin dans l&rsquo;Atlantique avec pour destination le port d&rsquo;Oust-Louga (Russie)<\/p>\n<p>Deux autres p\u00e9troliers, l&rsquo;Hyperion et le Premier, sous sanctions am\u00e9ricaines et qui ont \u00e9mis un signal en mer des Cara\u00efbes proche du Venezuela dans la semaine \u00e9coul\u00e9e, sont \u00e9galement pass\u00e9s sous drapeau russe en d\u00e9cembre. L&rsquo;Hyperion faisait route mercredi matin dans l&rsquo;Atlantique avec pour destination le port d&rsquo;Oust-Louga (Russie), selon ses informations de navigation, tandis que le Premier partageait une position dans la mer des Cara\u00efbes.<\/p>\n<p>Trois autres p\u00e9troliers sanctionn\u00e9s identifi\u00e9s par l&rsquo;AFP mi-d\u00e9cembre pr\u00e8s du Venezuela apparaissaient mercredi sous pavillon russe dans le registre en ligne du minist\u00e8re russe des Transports, alors qu\u2019ils figurent sous d\u2019autres pavillons dans la base officielle de l&rsquo;Organisation maritime internationale.<\/p>\n","protected":false},"excerpt":{"rendered":"Le p\u00e9trolier poursuivi fait partie d&rsquo;une flotte clandestine qui a transport\u00e9 du p\u00e9trole pour la Russie, l&rsquo;Iran et&hellip;\n","protected":false},"author":2,"featured_media":647303,"comment_status":"","ping_status":"","sticky":false,"template":"","format":"standard","meta":{"footnotes":""},"categories":[1591],"tags":[5734,11,75275,25666,2865,154,1887,18720,329,19743,12,1885,1886,132,96],"class_list":{"0":"post-647302","1":"post","2":"type-post","3":"status-publish","4":"format-standard","5":"has-post-thumbnail","7":"category-russie","8":"tag-5734","9":"tag-actualites","10":"tag-americaines","11":"tag-armees","12":"tag-atlantique","13":"tag-des","14":"tag-federation-de-russie","15":"tag-forces","16":"tag-france-monde","17":"tag-menent","18":"tag-news","19":"tag-russia","20":"tag-russian-federation","21":"tag-russie","22":"tag-une"},"share_on_mastodon":{"url":"https:\/\/pubeurope.com\/@fr\/115854390268825592","error":""},"_links":{"self":[{"href":"https:\/\/www.europesays.com\/fr\/wp-json\/wp\/v2\/posts\/647302","targetHints":{"allow":["GET"]}}],"collection":[{"href":"https:\/\/www.europesays.com\/fr\/wp-json\/wp\/v2\/posts"}],"about":[{"href":"https:\/\/www.europesays.com\/fr\/wp-json\/wp\/v2\/types\/post"}],"author":[{"embeddable":true,"href":"https:\/\/www.europesays.com\/fr\/wp-json\/wp\/v2\/users\/2"}],"replies":[{"embeddable":true,"href":"https:\/\/www.europesays.com\/fr\/wp-json\/wp\/v2\/comments?post=647302"}],"version-history":[{"count":0,"href":"https:\/\/www.europesays.com\/fr\/wp-json\/wp\/v2\/posts\/647302\/revisions"}],"wp:featuredmedia":[{"embeddable":true,"href":"https:\/\/www.europesays.com\/fr\/wp-json\/wp\/v2\/media\/647303"}],"wp:attachment":[{"href":"https:\/\/www.europesays.com\/fr\/wp-json\/wp\/v2\/media?parent=647302"}],"wp:term":[{"taxonomy":"category","embeddable":true,"href":"https:\/\/www.europesays.com\/fr\/wp-json\/wp\/v2\/categories?post=647302"},{"taxonomy":"post_tag","embeddable":true,"href":"https:\/\/www.europesays.com\/fr\/wp-json\/wp\/v2\/tags?post=647302"}],"curies":[{"name":"wp","href":"https:\/\/api.w.org\/{rel}","templated":true}]}}