{"id":647304,"date":"2026-01-07T14:54:11","date_gmt":"2026-01-07T14:54:11","guid":{"rendered":"https:\/\/www.europesays.com\/fr\/647304\/"},"modified":"2026-01-07T14:54:11","modified_gmt":"2026-01-07T14:54:11","slug":"chypre-ukraine-nikos-christodoulides-et-volodymyr-zelensky-se-rencontrent-a-nicosie","status":"publish","type":"post","link":"https:\/\/www.europesays.com\/fr\/647304\/","title":{"rendered":"Chypre-Ukraine : Nikos Christodoulides et Volodymyr Zelensky se rencontrent \u00e0 Nicosie"},"content":{"rendered":"<p><strong>Nikos Christodoulides<\/strong> a eu un entretien priv\u00e9 avec Volodymyr Zelensky, alors que ce dernier est \u00e0 Chypre pour la c\u00e9r\u00e9monie officielle d&rsquo;ouverture de la pr\u00e9sidence chypriote du Conseil europ\u00e9en en fin de journ\u00e9e ce mercredi. <\/p>\n<p>Imm\u00e9diatement apr\u00e8s la rencontre avec son homologue ukrainien, le pr\u00e9sident de la R\u00e9publique de Chypre a \u00e9voqu\u00e9 une \u00ab\u00a0r\u00e9union substantielle et constructive avec le pr\u00e9sident ukrainien Volodymyr Zelensky\u00a0\u00bb, et ce quelques semaines apr\u00e8s sa visite \u00e0 Kyiv. \u00ab\u00a0Chypre r\u00e9affirme son soutien ferme et in\u00e9branlable \u00e0 la <strong>souverainet\u00e9, \u00e0 l&rsquo;ind\u00e9pendance et \u00e0 l&rsquo;int\u00e9grit\u00e9 territoriale de l&rsquo;Ukraine<\/strong>.\u00a0\u00bb a-t-il d\u00e9clar\u00e9. <\/p>\n<p>\u00ab\u00a0Chypre, qui subit encore les cons\u00e9quences de l&rsquo;invasion ill\u00e9gale et de l&rsquo;occupation en cours, comprend parfaitement ce qui est en jeu <strong>. L&rsquo;Ukraine est une priorit\u00e9 essentielle de la pr\u00e9sidence chypriote<\/strong> et tous les efforts seront d\u00e9ploy\u00e9s pour poursuivre le soutien multiforme de l&rsquo;UE \u00e0 tous les niveaux.\u00a0\u00bb a-t-il ajout\u00e9.<\/p>\n<p>\u00ab\u00a0Chypre se tient fermement aux c\u00f4t\u00e9s de l&rsquo;Ukraine pour une paix juste et durable, enti\u00e8rement fond\u00e9e sur la Charte des Nations unies et dans le plein respect de la souverainet\u00e9 et de l&rsquo;int\u00e9grit\u00e9 territoriale du pays\u00a0\u00bb. a-t-il conclu.<\/p>\n<p>Volodymyr Zelensky doit assister \u00e0 la c\u00e9r\u00e9monie d&rsquo;inauguration de la pr\u00e9sidence chypriote du Conseil de l&rsquo;UE et avoir des r\u00e9unions bilat\u00e9rales avec le pr\u00e9sident du Conseil europ\u00e9en, Ant\u00f3nio Costa, et la pr\u00e9sidente de la Commission europ\u00e9enne, Ursula von der Leyen.von der Leyen.<\/p>\n","protected":false},"excerpt":{"rendered":"Nikos Christodoulides a eu un entretien priv\u00e9 avec Volodymyr Zelensky, alors que ce dernier est \u00e0 Chypre pour&hellip;\n","protected":false},"author":2,"featured_media":647305,"comment_status":"","ping_status":"","sticky":false,"template":"","format":"standard","meta":{"footnotes":""},"categories":[1590],"tags":[11,16996,1777,674,12,220,134],"class_list":{"0":"post-647304","1":"post","2":"type-post","3":"status-publish","4":"format-standard","5":"has-post-thumbnail","7":"category-ukraine","8":"tag-actualites","9":"tag-chypre","10":"tag-eu","11":"tag-europe","12":"tag-news","13":"tag-ukraine","14":"tag-volodymyr-zelensky"},"share_on_mastodon":{"url":"https:\/\/pubeurope.com\/@fr\/115854394380391508","error":""},"_links":{"self":[{"href":"https:\/\/www.europesays.com\/fr\/wp-json\/wp\/v2\/posts\/647304","targetHints":{"allow":["GET"]}}],"collection":[{"href":"https:\/\/www.europesays.com\/fr\/wp-json\/wp\/v2\/posts"}],"about":[{"href":"https:\/\/www.europesays.com\/fr\/wp-json\/wp\/v2\/types\/post"}],"author":[{"embeddable":true,"href":"https:\/\/www.europesays.com\/fr\/wp-json\/wp\/v2\/users\/2"}],"replies":[{"embeddable":true,"href":"https:\/\/www.europesays.com\/fr\/wp-json\/wp\/v2\/comments?post=647304"}],"version-history":[{"count":0,"href":"https:\/\/www.europesays.com\/fr\/wp-json\/wp\/v2\/posts\/647304\/revisions"}],"wp:featuredmedia":[{"embeddable":true,"href":"https:\/\/www.europesays.com\/fr\/wp-json\/wp\/v2\/media\/647305"}],"wp:attachment":[{"href":"https:\/\/www.europesays.com\/fr\/wp-json\/wp\/v2\/media?parent=647304"}],"wp:term":[{"taxonomy":"category","embeddable":true,"href":"https:\/\/www.europesays.com\/fr\/wp-json\/wp\/v2\/categories?post=647304"},{"taxonomy":"post_tag","embeddable":true,"href":"https:\/\/www.europesays.com\/fr\/wp-json\/wp\/v2\/tags?post=647304"}],"curies":[{"name":"wp","href":"https:\/\/api.w.org\/{rel}","templated":true}]}}