{"id":647306,"date":"2026-01-07T14:55:12","date_gmt":"2026-01-07T14:55:12","guid":{"rendered":"https:\/\/www.europesays.com\/fr\/647306\/"},"modified":"2026-01-07T14:55:12","modified_gmt":"2026-01-07T14:55:12","slug":"les-etats-unis-exigent-de-lue-lacces-aux-donnees-biometriques-de-millions-deuropeens-pour-maintenir-leur-exemption-de-visa-et-la-commission-na-plus-beaucoup-de-tem","status":"publish","type":"post","link":"https:\/\/www.europesays.com\/fr\/647306\/","title":{"rendered":"Les Etats-Unis exigent de l\u2019UE l\u2019acc\u00e8s aux donn\u00e9es biom\u00e9triques de millions d\u2019Europ\u00e9ens pour maintenir leur exemption de visa, et la Commission n\u2019a plus beaucoup de temps pour trouver un accord"},"content":{"rendered":"<p>Pour continuer \u00e0 exempter les citoyens europ\u00e9ens de visa, les Etats-Unis exigent d&rsquo;acc\u00e9der \u00e0 certaines bases de donn\u00e9es biom\u00e9triques. Des donn\u00e9es sensibles dont le partage avec les Etats-Unis pose de nombreuses questions&#8230; La Commission europ\u00e9enne a \u00e9t\u00e9 charg\u00e9e de n\u00e9gocier un accord.<\/p>\n<p>Simple renforcement de la coop\u00e9ration transatlantique en mati\u00e8re de donn\u00e9es, ou v\u00e9ritable basculement vers une surveillance accrue des citoyens europ\u00e9ens? Les pays de l\u2019Union europ\u00e9enne (UE) s\u2019appr\u00eatent \u00e0 autoriser les \u00c9tats-Unis \u00e0 acc\u00e9der \u00e0 certaines bases de donn\u00e9es biom\u00e9triques (empreintes digitales et donn\u00e9es faciales) en \u00e9change du maintien de l\u2019exemption de visa pour les voyageurs europ\u00e9ens.<\/p>\n<p>Concr\u00e8tement, l\u2019accord permettrait au minist\u00e8re am\u00e9ricain de la S\u00e9curit\u00e9 int\u00e9rieure et \u00e0 d\u2019autres agences de consulter des fichiers europ\u00e9ens afin d\u2019identifier des personnes consid\u00e9r\u00e9es comme une \u201cmenace pour la s\u00e9curit\u00e9 des \u00c9tats-Unis\u201d, selon une proposition publi\u00e9e par la Commission europ\u00e9enne \u00e0 l\u2019\u00e9t\u00e9 2025.<\/p>\n<p>Washington avait pos\u00e9 cette exigence d\u00e8s 2022 comme condition au maintien du r\u00e9gime sans visa, dont b\u00e9n\u00e9ficient tous les \u00c9tats membres, sauf la Roumanie, la Bulgarie et Chypre, dans le cadre d\u2019un dispositif baptis\u00e9 \u00ab\u00a0Enhanced Border Security Partnerships\u00a0\u00bb.<\/p>\n<p>Concr\u00e8tement, cela signifie que si l\u2019UE ne partage pas ces informations, Washington pourrait remettre en question la \u00ab\u00a0libre circulation\u00a0\u00bb des Europ\u00e9ens vers son territoire. Libert\u00e9 d\u00e9j\u00e0 soumise \u00e0 l&rsquo;acquisition et \u00e0 la validation de l&rsquo;ESTA, l&rsquo;Electronic System for Travel Authorization, qui est obligatoire dans le cadre du programme d&rsquo;exemption de visa.<\/p>\n<p>L\u2019administration am\u00e9ricaine justifie ce partage comme un moyen de renforcer la s\u00e9curit\u00e9 aux fronti\u00e8res, en permettant d\u2019identifier plus efficacement les personnes pr\u00e9sentant un risque de terrorisme ou de criminalit\u00e9 avant leur arriv\u00e9e sur le sol am\u00e9ricain.<\/p>\n<p>Omission des tensions avec Washington?<\/p>\n<p>Malgr\u00e9 des tensions persistantes avec Washington sur de nombreux dossiers, des sanctions contre les g\u00e9ants de la tech aux diff\u00e9rends commerciaux, en passant par les questions d\u2019\u00c9tat de droit et m\u00eame le dossier du Groenland, la perspective de voir les \u00c9tats-Unis acc\u00e9der \u00e0 des donn\u00e9es sensibles concernant des millions d\u2019Europ\u00e9ens ne semble pourtant pas susciter de vive controverse au sein des gouvernements de l\u2019Union europ\u00e9enne.<\/p>\n<p>En d\u00e9cembre, les \u00c9tats membres ont accord\u00e9 \u00e0 la Commission europ\u00e9enne un mandat de n\u00e9gociation pour d\u00e9finir ce cadre avec Washington. Selon <a href=\"https:\/\/eur-lex.europa.eu\/resource.html?uri=cellar:9fb34788-6795-11f0-bf4e-01aa75ed71a1.0001.02\/DOC_2&amp;format=PDF\" target=\"_blank\" class=\"external_link\" rel=\"noopener\">des documents consult\u00e9s<\/a> par le m\u00e9dia pan-europ\u00e9en <a href=\"https:\/\/euractiv.fr\/news\/en-2026-lue-permettra-aux-etats-unis-dacceder-aux-donnees-biometriques-de-millions-deuropeens\/\" target=\"_blank\" class=\"external_link\" rel=\"noopener\">Euractiv<\/a>, un seul pays plaidait encore pour l\u2019instauration d\u2019une \u201cligne rouge\u201d d\u2019apr\u00e8s une note diplomatique obtenue par le m\u00e9dia.<\/p>\n<p>Or, l\u2019Autorit\u00e9 europ\u00e9enne de la protection des donn\u00e9es estimait, <a href=\"https:\/\/www.edps.europa.eu\/press-publications\/press-news\/press-releases\/2025\/sharing-personal-data-united-states-must-be-accompanied-comprehensive-and-effective-safeguards_en?etrans=fr\" target=\"_blank\" class=\"external_link\" rel=\"noopener\">dans un rapport paru le 18 septembre dernier<\/a>, que \u201cle partage de donn\u00e9es \u00e0 caract\u00e8re personnel avec les \u00c9tats-Unis doit s\u2019accompagner de garanties compl\u00e8tes et efficaces\u201d.<\/p>\n<p>Le Contr\u00f4leur europ\u00e9en de la protection des donn\u00e9es, Wojciech Wiewi\u00f3rowski, expliquait dans un communiqu\u00e9 que \u00ab\u00a0bien que la s\u00e9curit\u00e9 des fronti\u00e8res soit un objectif l\u00e9gitime, la gravit\u00e9 de l\u2019ing\u00e9rence dans les droits fondamentaux \u00e0 la protection des donn\u00e9es et \u00e0 la vie priv\u00e9e r\u00e9sultant du partage propos\u00e9 de donn\u00e9es \u00e0 caract\u00e8re personnel avec un pays tiers \u00e0 des fins de contr\u00f4le des fronti\u00e8res et d\u2019immigration devrait \u00eatre consid\u00e9r\u00e9e comme comparable \u00e0 l\u2019ing\u00e9rence caus\u00e9e par les \u00e9changes de donn\u00e9es \u00e0 des fins r\u00e9pressives\u201d.<\/p>\n<p>Une protection des donn\u00e9es en question<\/p>\n<p>Par cons\u00e9quent, \u201cil est de la plus haute importance de pr\u00e9voir des garanties compl\u00e8tes et efficaces en ce qui concerne la protection des donn\u00e9es \u00e0 caract\u00e8re personnel et des autres libert\u00e9s et droits fondamentaux des personnes concern\u00e9es, ind\u00e9pendamment de leur nationalit\u00e9 et de leur lieu de r\u00e9sidence\u201d.<\/p>\n<p>Si la Commission europ\u00e9enne et le Conseil de l\u2019UE affirment que le partage de donn\u00e9es devra, en principe, se limiter aux personnes se rendant effectivement aux \u00c9tats-Unis, de nombreuses zones d\u2019ombre subsistent quant aux modalit\u00e9s concr\u00e8tes de ces nouveaux partenariats.<\/p>\n<p>Les crit\u00e8res pr\u00e9cis d\u2019acc\u00e8s, les types de requ\u00eates autoris\u00e9es, la dur\u00e9e de conservation des informations ou encore les m\u00e9canismes de contr\u00f4le resteront au c\u0153ur des n\u00e9gociations bilat\u00e9rales entre chaque \u00c9tat membre et Washington, laissant une large marge d\u2019interpr\u00e9tation dans l\u2019application du dispositif.<\/p>\n<p>Ces discussions s\u2019inscrivent par ailleurs dans un calendrier particuli\u00e8rement contraint. D\u2019apr\u00e8s <a href=\"https:\/\/www.statewatch.org\/media\/5204\/eu-council-ebsp-negotiations-note-16362-25.pdf\" target=\"_blank\" class=\"external_link\" rel=\"noopener\">un document interne du Conseil<\/a> ayant fait l\u2019objet d\u2019une fuite, les autorit\u00e9s am\u00e9ricaines souhaitent que les syst\u00e8mes de partage de donn\u00e9es soient pleinement op\u00e9rationnels d\u2019ici la fin de l\u2019ann\u00e9e 2026.<\/p>\n<p>Cette \u00e9ch\u00e9ance rapproch\u00e9e exerce une pression suppl\u00e9mentaire sur les capitales europ\u00e9ennes, appel\u00e9es \u00e0 adapter rapidement leurs infrastructures juridiques et techniques, au risque de limiter le d\u00e9bat politique et public autour d\u2019un transfert massif de donn\u00e9es personnelles vers un pays tiers. Une perspective qui, pour certains \u00e0 Bruxelles, rappelle d\u00e9j\u00e0 <a href=\"https:\/\/www.bfmtv.com\/tech\/vie-numerique\/chat-control-l-union-europeenne-renonce-a-sacrifier-notre-vie-privee-pour-lutter-contre-la-pedocriminalite_AD-202510300709.html\" title=\"Chat Control: l&#039;Union europ\u00e9enne renonce \u00e0 sacrifier notre vie priv\u00e9e pour lutter contre la p\u00e9docriminalit\u00e9\" class=\"internal_link\" target=\"_blank\" rel=\"noopener\">le projet de loi num\u00e9rique \u00ab\u00a0Chat Control\u00a0\u00bb<\/a>, r\u00e9guli\u00e8rement critiqu\u00e9 pour ses risques en mati\u00e8re de surveillance g\u00e9n\u00e9ralis\u00e9e et d\u2019atteinte \u00e0 la vie priv\u00e9e.<\/p>\n","protected":false},"excerpt":{"rendered":"Pour continuer \u00e0 exempter les citoyens europ\u00e9ens de visa, les Etats-Unis exigent d&rsquo;acc\u00e9der \u00e0 certaines bases de donn\u00e9es&hellip;\n","protected":false},"author":2,"featured_media":647307,"comment_status":"","ping_status":"","sticky":false,"template":"","format":"standard","meta":{"footnotes":""},"categories":[1589],"tags":[11,73,1866,12,1864,1865,1863,308],"class_list":{"0":"post-647306","1":"post","2":"type-post","3":"status-publish","4":"format-standard","5":"has-post-thumbnail","7":"category-etats-unis","8":"tag-actualites","9":"tag-etats-unis","10":"tag-etats-unis-damerique","11":"tag-news","12":"tag-united-states","13":"tag-united-states-of-america","14":"tag-us","15":"tag-usa"},"share_on_mastodon":{"url":"https:\/\/pubeurope.com\/@fr\/115854398208103475","error":""},"_links":{"self":[{"href":"https:\/\/www.europesays.com\/fr\/wp-json\/wp\/v2\/posts\/647306","targetHints":{"allow":["GET"]}}],"collection":[{"href":"https:\/\/www.europesays.com\/fr\/wp-json\/wp\/v2\/posts"}],"about":[{"href":"https:\/\/www.europesays.com\/fr\/wp-json\/wp\/v2\/types\/post"}],"author":[{"embeddable":true,"href":"https:\/\/www.europesays.com\/fr\/wp-json\/wp\/v2\/users\/2"}],"replies":[{"embeddable":true,"href":"https:\/\/www.europesays.com\/fr\/wp-json\/wp\/v2\/comments?post=647306"}],"version-history":[{"count":0,"href":"https:\/\/www.europesays.com\/fr\/wp-json\/wp\/v2\/posts\/647306\/revisions"}],"wp:featuredmedia":[{"embeddable":true,"href":"https:\/\/www.europesays.com\/fr\/wp-json\/wp\/v2\/media\/647307"}],"wp:attachment":[{"href":"https:\/\/www.europesays.com\/fr\/wp-json\/wp\/v2\/media?parent=647306"}],"wp:term":[{"taxonomy":"category","embeddable":true,"href":"https:\/\/www.europesays.com\/fr\/wp-json\/wp\/v2\/categories?post=647306"},{"taxonomy":"post_tag","embeddable":true,"href":"https:\/\/www.europesays.com\/fr\/wp-json\/wp\/v2\/tags?post=647306"}],"curies":[{"name":"wp","href":"https:\/\/api.w.org\/{rel}","templated":true}]}}