{"id":64731,"date":"2025-04-30T15:59:10","date_gmt":"2025-04-30T15:59:10","guid":{"rendered":"https:\/\/www.europesays.com\/fr\/64731\/"},"modified":"2025-04-30T15:59:10","modified_gmt":"2025-04-30T15:59:10","slug":"wall-street-ouvre-en-nette-baisse-apres-la-contraction-de-leconomie-americaine-30-04-2025-a-1554","status":"publish","type":"post","link":"https:\/\/www.europesays.com\/fr\/64731\/","title":{"rendered":"Wall Street ouvre en nette baisse apr\u00e8s la contraction de l&rsquo;\u00e9conomie am\u00e9ricaine &#8211; 30\/04\/2025 \u00e0 15:54"},"content":{"rendered":"<p>        <img fetchpriority=\"high\" decoding=\"async\" src=\"https:\/\/www.europesays.com\/fr\/wp-content\/uploads\/2025\/04\/32e4a4e40d04e144d7fe37bee95d4993-760x507.jpg\" alt=\"Les traders travaillent sur le parquet de la Bourse de New York (NYSE)\" loading=\"eager\" width=\"760\" height=\"507\" style=\"max-width: 100%!important; height: auto;\"\/><\/p>\n<p class=\"c-image-news__legend\">Les traders travaillent sur le parquet de la Bourse de New York (NYSE)<\/p>\n<p>\n La Bourse de New York a ouvert en nette baisse mercredi, la contraction de l&rsquo;\u00e9conomie am\u00e9ricaine au premier trimestre ayant exacerb\u00e9 les craintes que la premi\u00e8re \u00e9conomie mondiale ne tombe en r\u00e9cession sous l&rsquo;impact des droits de douane.\n<\/p>\n<p>\n Dans les premiers \u00e9changes, l&rsquo;indice Dow Jones perd  294,29 points, soit 0,73% \u00e0 40.233,33 points et le Standard &amp; Poor&rsquo;s 500, plus large, recule de 1,37% \u00e0 5.484,57 points.\n<\/p>\n<p>\n Le Nasdaq Composite c\u00e8de 2,10%, soit 367,13 points, \u00e0 17.094,18 points.\n<\/p>\n<p>\n L&rsquo;\u00e9conomie am\u00e9ricaine s&rsquo;est contract\u00e9e de 0,3% au premier trimestre de fa\u00e7on inattendue, les \u00e9conomistes interrog\u00e9s par Reuters s&rsquo;attendant au contraire \u00e0 une croissance de 0,3%, p\u00e9nalis\u00e9e par une hausse des importations de la part des entreprises d\u00e9sireuses d&rsquo;\u00e9viter des co\u00fbts plus \u00e9lev\u00e9s en raison des droits de douane.\n<\/p>\n<p>\n Il s&rsquo;agit de la derni\u00e8re d&rsquo;une s\u00e9rie de donn\u00e9es publi\u00e9es au cours du mois indiquant des perspectives de plus en plus sombres pour l&rsquo;\u00e9conomie am\u00e9ricaine, m\u00eame si le chiffre a probablement exag\u00e9r\u00e9 l&rsquo;affaiblissement \u00e0 venir de l&rsquo;\u00e9conomie, compte tenu de la croissance des d\u00e9penses de consommation.\n<\/p>\n<p>\n \u00ab\u00a0Nous sommes arriv\u00e9s \u00e0 ces chiffres \u00e0 cause des politiques de Trump\u00a0\u00bb, a d\u00e9clar\u00e9 Peter Cardillo, \u00e9conomiste chez Spartan Capital Securities, qui souligne qu&rsquo;elles ont cr\u00e9\u00e9 de l&rsquo;incertitude.\n<\/p>\n<p>\n Les craintes concernant l&rsquo;\u00e9conomie am\u00e9ricaine ont par ailleurs entra\u00een\u00e9 les Bourses europ\u00e9ennes dans le rouge, alors qu&rsquo;elles progressaient avant la publication des donn\u00e9es.\n<\/p>\n<p>\n Ces estimations interviennent alors que Donald Trump a marqu\u00e9 les 100 premiers jours de son second mandat \u00e0 la Maison blanche dans un contexte de d\u00e9sapprobation croissante des Am\u00e9ricains \u00e0 l&rsquo;\u00e9gard de sa gestion \u00e9conomique.\n<\/p>\n<p>\n Apr\u00e8s cette publication, le locataire de la Maison blanche a demand\u00e9 aux Am\u00e9ricains, sur son r\u00e9seau social Truth, de faire preuve de patience et d&rsquo;attendre les r\u00e9sultats des hausses des droits de douane.\n<\/p>\n<p>\n Les investisseurs ont \u00e9galement appris mercredi que le secteur priv\u00e9 aux Etats-Unis avait cr\u00e9\u00e9 moins d&#8217;emplois qu&rsquo;attendu en avril, selon l&rsquo;enqu\u00eate mensuelle du cabinet ADP, qui pr\u00e9c\u00e8de la parution vendredi du rapport officiel sur l&#8217;emploi du d\u00e9partement du Travail.\n<\/p>\n<p>\n L&rsquo;inflation PCE, l&rsquo;indicateur pr\u00e9f\u00e9r\u00e9 de la R\u00e9serve f\u00e9d\u00e9rale (Fed) pour mesurer les pressions sur les prix, est attendue \u00e0 14h00 GMT et devrait donner une indication sur la marge de manoeuvre dont dispose la Fed pour r\u00e9duire ses taux.\n<\/p>\n<p>\n Aux valeurs, Super Micro Computer c\u00e8de 18,94% apr\u00e8s avoir r\u00e9duit mardi ses pr\u00e9visions de chiffre d&rsquo;affaires et de b\u00e9n\u00e9fice pour le troisi\u00e8me trimestre en raison de d\u00e9calages dans les d\u00e9penses des clients, amplifiant les craintes d&rsquo;un recul des investissements dans le secteur.\n<\/p>\n<p>\n * Pour les valeurs \u00e0 suivre, cliquez sur\n<\/p>\n<p>\n (R\u00e9dig\u00e9 par Diana Mandi\u00e1, \u00e9dit\u00e9 par Kate Entringer)<\/p>\n","protected":false},"excerpt":{"rendered":"Les traders travaillent sur le parquet de la Bourse de New York (NYSE) La Bourse de New York&hellip;\n","protected":false},"author":2,"featured_media":64732,"comment_status":"","ping_status":"","sticky":false,"template":"","format":"standard","meta":{"footnotes":""},"categories":[5],"tags":[400,11,398,408,405,1011,27,403,14,402,399,404,12,401,406,407,28],"class_list":{"0":"post-64731","1":"post","2":"type-post","3":"status-publish","4":"format-standard","5":"has-post-thumbnail","7":"category-international","8":"tag-action-cac-40","9":"tag-actualites","10":"tag-bourse-de-paris","11":"tag-boursorama","12":"tag-cotations","13":"tag-fr","14":"tag-france","15":"tag-indices-devises","16":"tag-international","17":"tag-investir","18":"tag-investissement","19":"tag-marche-boursier","20":"tag-news","21":"tag-sicav","22":"tag-trackers","23":"tag-warrants","24":"tag-world"},"share_on_mastodon":{"url":"https:\/\/pubeurope.com\/@fr\/114427747603718096","error":""},"_links":{"self":[{"href":"https:\/\/www.europesays.com\/fr\/wp-json\/wp\/v2\/posts\/64731","targetHints":{"allow":["GET"]}}],"collection":[{"href":"https:\/\/www.europesays.com\/fr\/wp-json\/wp\/v2\/posts"}],"about":[{"href":"https:\/\/www.europesays.com\/fr\/wp-json\/wp\/v2\/types\/post"}],"author":[{"embeddable":true,"href":"https:\/\/www.europesays.com\/fr\/wp-json\/wp\/v2\/users\/2"}],"replies":[{"embeddable":true,"href":"https:\/\/www.europesays.com\/fr\/wp-json\/wp\/v2\/comments?post=64731"}],"version-history":[{"count":0,"href":"https:\/\/www.europesays.com\/fr\/wp-json\/wp\/v2\/posts\/64731\/revisions"}],"wp:featuredmedia":[{"embeddable":true,"href":"https:\/\/www.europesays.com\/fr\/wp-json\/wp\/v2\/media\/64732"}],"wp:attachment":[{"href":"https:\/\/www.europesays.com\/fr\/wp-json\/wp\/v2\/media?parent=64731"}],"wp:term":[{"taxonomy":"category","embeddable":true,"href":"https:\/\/www.europesays.com\/fr\/wp-json\/wp\/v2\/categories?post=64731"},{"taxonomy":"post_tag","embeddable":true,"href":"https:\/\/www.europesays.com\/fr\/wp-json\/wp\/v2\/tags?post=64731"}],"curies":[{"name":"wp","href":"https:\/\/api.w.org\/{rel}","templated":true}]}}