{"id":647310,"date":"2026-01-07T14:57:19","date_gmt":"2026-01-07T14:57:19","guid":{"rendered":"https:\/\/www.europesays.com\/fr\/647310\/"},"modified":"2026-01-07T14:57:19","modified_gmt":"2026-01-07T14:57:19","slug":"allemagne-le-marche-de-lemploi-toujours-morose-en-decembre","status":"publish","type":"post","link":"https:\/\/www.europesays.com\/fr\/647310\/","title":{"rendered":"Allemagne: le march\u00e9 de l&#8217;emploi toujours morose en d\u00e9cembre"},"content":{"rendered":"<p class=\"ap-StoryElement ap-StoryElement--mb ap-StoryText\">Ce chiffre reste en dessous du record de plus de 3 millions mesur\u00e9 en ao\u00fbt, un seuil symbolique jamais atteint depuis 2015 qui avait provoqu\u00e9 un appel aux r\u00e9formes de la part des repr\u00e9sentants de f\u00e9d\u00e9rations industrielles.<\/p>\n<p class=\"ap-StoryElement ap-StoryElement--mb ap-StoryText\">Sur l&rsquo;ensemble de l&rsquo;ann\u00e9e 2025 en moyenne, le taux de ch\u00f4mage a augment\u00e9 de 0,3 point par rapport \u00e0 2024. Cela s&rsquo;explique par une demande de main-d&rsquo;oeuvre \u00ab\u00a0trop faible pour absorber l&rsquo;offre croissante de travail\u00a0\u00bb et par des profils de ch\u00f4meurs ne correspondant souvent pas \u00e0 la demande, selon l&rsquo;Agence f\u00e9d\u00e9rale pour l&#8217;emploi.<\/p>\n<p class=\"ap-StoryElement ap-StoryElement--mb ap-StoryText\">La ministre social-d\u00e9mocrate du Travail, B\u00e4rbel Bas, a affirm\u00e9 dans un communiqu\u00e9 que son gouvernement avait \u00ab\u00a0pos\u00e9 des jalons importants pour renforcer l&rsquo;\u00e9conomie et pr\u00e9server les emplois\u00a0\u00bb, \u00e9voquant notamment le plan d&rsquo;investissement de 500 milliards d&rsquo;euros pour les infrastructures vieillissantes adopt\u00e9 en mars.<\/p>\n<p class=\"ap-StoryElement ap-StoryElement--mb ap-StoryText\">Le directeur de la f\u00e9d\u00e9ration du secteur en difficult\u00e9 de la machine-outil (VDMA), Thilo Brodtmann, a quant \u00e0 lui d\u00e9plor\u00e9 \u00ab\u00a0une incapacit\u00e9 politique\u00a0\u00bb \u00e0 mener \u00ab\u00a0des r\u00e9formes structurelles urgentes\u00a0\u00bb.<\/p>\n<p class=\"ap-StoryElement ap-StoryElement--mb ap-StoryText\">La crise \u00e9conomique a d\u00e9j\u00e0 co\u00fbt\u00e9 plus de 100.000 emplois \u00e0 l&rsquo;industrie allemande entre d\u00e9but 2024 et 2025, selon une analyse parue en juin du cabinet de conseil EY.<\/p>\n","protected":false},"excerpt":{"rendered":"Ce chiffre reste en dessous du record de plus de 3 millions mesur\u00e9 en ao\u00fbt, un seuil symbolique&hellip;\n","protected":false},"author":2,"featured_media":2837,"comment_status":"","ping_status":"","sticky":false,"template":"","format":"standard","meta":{"footnotes":""},"categories":[1587],"tags":[11,672,1804,1805,1803,341,1777,674,1801,12,1802,801],"class_list":{"0":"post-647310","1":"post","2":"type-post","3":"status-publish","4":"format-standard","5":"has-post-thumbnail","7":"category-allemagne","8":"tag-actualites","9":"tag-allemagne","10":"tag-bundesrepublik-deutschland","11":"tag-de","12":"tag-deutschland","13":"tag-emploi","14":"tag-eu","15":"tag-europe","16":"tag-germany","17":"tag-news","18":"tag-republique-federale-dallemagne","19":"tag-social"},"share_on_mastodon":{"url":"https:\/\/pubeurope.com\/@fr\/115854406095521953","error":""},"_links":{"self":[{"href":"https:\/\/www.europesays.com\/fr\/wp-json\/wp\/v2\/posts\/647310","targetHints":{"allow":["GET"]}}],"collection":[{"href":"https:\/\/www.europesays.com\/fr\/wp-json\/wp\/v2\/posts"}],"about":[{"href":"https:\/\/www.europesays.com\/fr\/wp-json\/wp\/v2\/types\/post"}],"author":[{"embeddable":true,"href":"https:\/\/www.europesays.com\/fr\/wp-json\/wp\/v2\/users\/2"}],"replies":[{"embeddable":true,"href":"https:\/\/www.europesays.com\/fr\/wp-json\/wp\/v2\/comments?post=647310"}],"version-history":[{"count":0,"href":"https:\/\/www.europesays.com\/fr\/wp-json\/wp\/v2\/posts\/647310\/revisions"}],"wp:featuredmedia":[{"embeddable":true,"href":"https:\/\/www.europesays.com\/fr\/wp-json\/wp\/v2\/media\/2837"}],"wp:attachment":[{"href":"https:\/\/www.europesays.com\/fr\/wp-json\/wp\/v2\/media?parent=647310"}],"wp:term":[{"taxonomy":"category","embeddable":true,"href":"https:\/\/www.europesays.com\/fr\/wp-json\/wp\/v2\/categories?post=647310"},{"taxonomy":"post_tag","embeddable":true,"href":"https:\/\/www.europesays.com\/fr\/wp-json\/wp\/v2\/tags?post=647310"}],"curies":[{"name":"wp","href":"https:\/\/api.w.org\/{rel}","templated":true}]}}