{"id":647311,"date":"2026-01-07T14:58:18","date_gmt":"2026-01-07T14:58:18","guid":{"rendered":"https:\/\/www.europesays.com\/fr\/647311\/"},"modified":"2026-01-07T14:58:18","modified_gmt":"2026-01-07T14:58:18","slug":"neige-transports-toujours-perturbes-dans-plusieurs-pays-deurope","status":"publish","type":"post","link":"https:\/\/www.europesays.com\/fr\/647311\/","title":{"rendered":"Neige | Transports toujours perturb\u00e9s dans plusieurs pays d\u2019Europe"},"content":{"rendered":"<p class=\"lead textModule textModule--type-lead \" style=\"\">(Paris) Des centaines de vols annul\u00e9s aux Pays-Bas, en France, en Belgique, des \u00e9coles ferm\u00e9es en \u00c9cosse, une quadrag\u00e9naire morte dans un accident de la route en Hongrie\u00a0: la neige continue de semer le chaos mercredi dans les transports dans plusieurs pays d\u2019Europe. <\/p>\n<p>                    Publi\u00e9 \u00e0<br \/>\n    7\u00a0h\u00a010<\/p>\n<p>        Mis \u00e0 jour \u00e0<br \/>\n        9\u00a0h\u00a011<\/p>\n<p>    <a class=\"print\" href=\"https:\/\/www.lapresse.ca\/international\/europe\/2026-01-07\/neige\/javascript:window.print();\" title=\"Imprimer la page\" target=\"_blank\" rel=\"noopener\"><\/p>\n<p>        <img loading=\"lazy\" decoding=\"async\" width=\"16\" height=\"18\" src=\"https:\/\/www.europesays.com\/fr\/wp-content\/uploads\/2025\/04\/share-icon.png\" alt=\"Partager\"\/><\/p>\n<p class=\"paragraph textModule textModule--type-paragraph \" style=\"\">Aux Pays-Bas, l\u2019a\u00e9roport d\u2019Amsterdam-Schiphol, l\u2019un des plus grands d\u2019Europe, a annonc\u00e9 la suppression d\u2019au moins 700\u00a0vols mercredi en raison de la neige et du vent. La plateforme, o\u00f9 de nombreux vols ont d\u00e9j\u00e0 \u00e9t\u00e9 annul\u00e9s ces derniers jours, s\u2019attend \u00e0 une augmentation du nombre d\u2019annulations dans la journ\u00e9e. <\/p>\n<p class=\"paragraph textModule textModule--type-paragraph \" style=\"\">Plus d\u2019un millier de personnes ont par ailleurs pass\u00e9 la nuit dans l\u2019a\u00e9roport, qui a install\u00e9 des lits de camp et offert un petit-d\u00e9jeuner \u00e0 ces voyageurs. <\/p>\n<p class=\"paragraph textModule textModule--type-paragraph \" style=\"\">Le trafic ferroviaire n\u00e9erlandais est \u00e9galement fortement perturb\u00e9, la soci\u00e9t\u00e9 de chemins de fer NS conseillant de reporter les voyages qui ne sont pas absolument n\u00e9cessaires. <\/p>\n<p class=\"paragraph textModule textModule--type-paragraph \" style=\"\">Du c\u00f4t\u00e9 des routes, il y avait plus de 700\u00a0kilom\u00e8tres d\u2019embouteillages vers 9\u00a0h (3\u00a0h heure de l\u2019Est), du jamais vu pour un mercredi matin depuis le 10\u00a0f\u00e9vrier\u00a01999. <\/p>\n<p class=\"paragraph textModule textModule--type-paragraph \" style=\"\">En Belgique, la neige a \u00e9galement provoqu\u00e9 des perturbations dans les transports mercredi, avec notamment l\u2019annulation de quarante vols (20 au d\u00e9part, 20 \u00e0 l\u2019arriv\u00e9e) \u00e0 l\u2019a\u00e9roport de Bruxelles-Zaventem, le premier du pays, a indiqu\u00e9 la soci\u00e9t\u00e9 exploitante, Brussels Airport. <\/p>\n<p>                                        <img decoding=\"async\" src=\"https:\/\/www.europesays.com\/fr\/wp-content\/uploads\/2026\/01\/f0908df6106635439d506746d6fc5db6.jpg\" alt=\"\" class=\"photoModule__visual\" itemprop=\"contentUrl url\"\/><\/p>\n<p class=\"credit photoModule__caption photoModule__caption--credit\" style=\"\">\n                    PHOTO JEROEN JUMELET, AGENCE FRANCE-PRESSE\n                <\/p>\n<p class=\"description photoModule__caption photoModule__caption--description\" style=\"\">\n                    Un homme fait du ski de fond sur le trottoir, \u00e0 Lunetten, aux Pays-Bas\n                <\/p>\n<p class=\"paragraph textModule textModule--type-paragraph \" style=\"\">Par ailleurs, en raison du trafic ferroviaire perturb\u00e9 aux Pays-Bas, les trains belges circulant vers ce pays \u00e9taient bloqu\u00e9s \u00e0 la derni\u00e8re gare avant la fronti\u00e8re, \u00e0 Essen (nord de la Belgique), selon le gestionnaire du r\u00e9seau belge Infrabel. <\/p>\n<p class=\"paragraph textModule textModule--type-paragraph \" style=\"\">Au Royaume-Uni, plusieurs Eurostar reliant la gare londonienne de Saint-Pancras \u00e0 Amsterdam, Rotterdam et Paris ont \u00e9t\u00e9 annul\u00e9s, et plusieurs ont \u00e9t\u00e9 retard\u00e9s, selon le site d\u2019Eurostar. <\/p>\n<p class=\"paragraph textModule textModule--type-paragraph \" style=\"\">Des centaines d\u2019\u00e9coles sont \u00e9galement rest\u00e9es ferm\u00e9es pour la troisi\u00e8me journ\u00e9e cons\u00e9cutive en \u00c9cosse. <\/p>\n<p>                    -24\u00a0\u00b0C en Autriche<\/p>\n<p class=\"paragraph textModule textModule--type-paragraph \" style=\"\">L\u2019agence nationale de m\u00e9t\u00e9orologie, Met Office, a \u00e9mis des alertes de \u00ab\u00a0fortes chutes de neige\u00a0\u00bb pour les East Midlands (centre), Londres et le sud-est de l\u2019Angleterre \u00e0 partir de jeudi soir, avec \u00ab\u00a0des retards dans les transports, bloquant certains v\u00e9hicules et passagers\u00a0\u00bb. <\/p>\n<p class=\"paragraph textModule textModule--type-paragraph \" style=\"\">En Su\u00e8de, les chutes de neige ont perturb\u00e9 le trafic \u00e0 G\u00f6teborg (ouest), o\u00f9 toutes les lignes de tramway ont \u00e9t\u00e9 suspendues de 6\u00a0h (0\u00a0h heure de l\u2019Est) \u00e0 midi, ont annonc\u00e9 les transports publics de la r\u00e9gion. <\/p>\n<p class=\"paragraph textModule textModule--type-paragraph \" style=\"\">Au Danemark, de 10 \u00e0 15\u00a0centim\u00e8tres de neige sont attendus dans la r\u00e9gion du nord du Jutland, o\u00f9 la police invite \u00ab\u00a0les citoyens \u00e0 se pr\u00e9parer et \u00e0 garder \u00e0 l\u2019esprit les conseils de s\u00e9curit\u00e9\u00a0\u00bb. <\/p>\n<p class=\"paragraph textModule textModule--type-paragraph \" style=\"\">En Europe centrale, trafics routiers et ferroviaires ont \u00e9t\u00e9 perturb\u00e9s pour la troisi\u00e8me journ\u00e9e cons\u00e9cutive, conduisant \u00e0 l\u2019annulation de 20\u00a0vols \u00e0 l\u2019a\u00e9roport de Budapest pendant la nuit. <\/p>\n<p class=\"paragraph textModule textModule--type-paragraph \" style=\"\">L\u2019agence m\u00e9t\u00e9orologique nationale HungaroMet a pr\u00e9vu de fortes rafales et des bourrasques de neige dans certaines r\u00e9gions du pays, avec des temp\u00e9ratures qui pourraient descendre localement jusqu\u2019\u00e0 -20\u00a0\u00b0C. <\/p>\n<p class=\"paragraph textModule textModule--type-paragraph \" style=\"\">\u00ab\u00a0Actuellement, 747\u00a0engins sont \u00e0 l\u2019\u0153uvre dans tout le pays pour d\u00e9neiger et d\u00e9glacer les routes publiques\u00a0\u00bb, a indiqu\u00e9 un porte-parole du minist\u00e8re de l\u2019Int\u00e9rieur, selon lequel une femme de 47\u00a0ans a trouv\u00e9 la mort dans un accident de voiture pr\u00e8s de Ny\u00edrtass (est). <\/p>\n<p class=\"paragraph textModule textModule--type-paragraph \" style=\"\">En Autriche, une alerte au froid est en vigueur dans l\u2019ouest jusqu\u2019\u00e0 vendredi, les temp\u00e9ratures ayant chut\u00e9 jusqu\u2019\u00e0 -24\u00a0\u00b0C dans les montagnes des provinces du Tyrol et de Salzbourg la nuit derni\u00e8re. De la neige est attendue dans le sud-est avant le week-end. <\/p>\n<p>                                        <img decoding=\"async\" src=\"https:\/\/www.europesays.com\/fr\/wp-content\/uploads\/2026\/01\/cdbf70a6a4f538e19b510912920dc527.jpg\" alt=\"\" class=\"photoModule__visual\" itemprop=\"contentUrl url\"\/><\/p>\n<p class=\"credit photoModule__caption photoModule__caption--credit\" style=\"\">\n                    PHOTO ANNE-CHRISTINE POUJOULAT, AGENCE FRANCE-PRESSE\n                <\/p>\n<p class=\"description photoModule__caption photoModule__caption--description\" style=\"\">\n                    Un homme fait du snowboard sur la butte du Sacr\u00e9-C\u0153ur, \u00e0 Paris\n                <\/p>\n<p>                    960\u00a0km de bouchons<\/p>\n<p class=\"paragraph textModule textModule--type-paragraph \" style=\"\">En France, c\u2019est le nord et l\u2019ouest du pays qui sont touch\u00e9s par la neige et le verglas.\u00a0\u00a0<\/p>\n<p class=\"paragraph textModule textModule--type-paragraph \" style=\"\">Une centaine de vols ont \u00e9t\u00e9 annul\u00e9s mercredi matin dans les a\u00e9roports parisiens Roissy Charles-de-Gaulle et Orly, les deux plus importants du pays, selon le ministre des Transports, Philippe Tabarot. <\/p>\n<p class=\"paragraph textModule textModule--type-paragraph \" style=\"\">C\u00f4t\u00e9 trafic ferroviaire, des r\u00e9ductions de vitesse restent en place sur les lignes \u00e0 grande vitesse, selon la SNCF, l\u2019op\u00e9rateur ferroviaire national. <\/p>\n<p class=\"paragraph textModule textModule--type-paragraph \" style=\"\">A Paris et en r\u00e9gion parisienne, tous les bus ont progressivement cess\u00e9 leur service mercredi vers 7\u00a0h (1\u00a0h heure de l\u2019Est), une interruption qui devait durer \u00ab\u00a0au moins jusqu\u2019\u00e0 midi\u00a0\u00bb, pr\u00e9cise la RATP, l\u2019op\u00e9rateur des transports en commun en r\u00e9gion parisienne. <\/p>\n<p>    <video id=\"video-695e748587d80\" class=\"video-js vjs-default-skin vjs-fluid vjs-big-play-centered\" style=\"--poster-background-url: url(https:\/\/mobile-img.lpcdn.ca\/v2\/828x\/r6b66\/50a8d8c27f8a36da8cdc66f4a5e6815a.jpg)\" data-aspect-ratio=\"16:9\" width=\"654\" height=\"367\" data-video-is-landscape=\"true\" data-article-ids=\"[\" data-video-id=\"ff080d289fe940c796f4891513e8d72b\" data-video-title=\"\" data-video-should-skip-pub=\"true\" data-video-duration=\"51\" data-video-ad-keywords=\"video31-60\" data-video-position=\"2\" data-page-type=\"article\" data-page-view=\"desktop\" data-is-header=\"false\" data-video-encodings=\"{&quot;application\\\/x-mpegURL&quot;:{&quot;src&quot;:&quot;https:\\\/\\\/content.uplynk.com\\\/ff080d289fe940c796f4891513e8d72b.m3u8?tc=1&amp;exp=1767798193&amp;rn=1627460981&amp;ct=a&amp;cid=ff080d289fe940c796f4891513e8d72b&amp;rays=dcba&amp;sig=cfc87d668e05dcced2e9a70970883337ed52e94654b096a249384877735298eb&quot;,&quot;type&quot;:&quot;application\\\/x-mpegURL&quot;}}\" poster=\"https:\/\/mobile-img.lpcdn.ca\/v2\/828x\/r6b66\/50a8d8c27f8a36da8cdc66f4a5e6815a.jpg\" data-controls=\"true\" data-muted=\"false\" data-autoplay-setting=\"NO_AUTOPLAY\" data-loop=\"false\" controls=\"\"><br \/>\n        D\u00e9sol\u00e9, votre navigateur ne supporte pas les vid\u00e9os.<br \/>\n    <\/video>\n<\/p>\n<p class=\"paragraph textModule textModule--type-paragraph \" style=\"\">Sur les routes en r\u00e9gion parisienne, jusqu\u2019\u00e0 960\u00a0km de bouchons ont \u00e9t\u00e9 enregistr\u00e9s en d\u00e9but de matin\u00e9e, selon le site de gestion du trafic en temps r\u00e9el Sytadin, un niveau en recul depuis. <\/p>\n<p class=\"paragraph textModule textModule--type-paragraph \" style=\"\">Dans l\u2019ouest, les transports scolaires ont \u00e9t\u00e9 supprim\u00e9s dans une dizaine de d\u00e9partements. <\/p>\n","protected":false},"excerpt":{"rendered":"(Paris) Des centaines de vols annul\u00e9s aux Pays-Bas, en France, en Belgique, des \u00e9coles ferm\u00e9es en \u00c9cosse, une&hellip;\n","protected":false},"author":2,"featured_media":647312,"comment_status":"","ping_status":"","sticky":false,"template":"","format":"standard","meta":{"footnotes":""},"categories":[1586],"tags":[11,1777,674,1011,27,12,25],"class_list":{"0":"post-647311","1":"post","2":"type-post","3":"status-publish","4":"format-standard","5":"has-post-thumbnail","7":"category-europe","8":"tag-actualites","9":"tag-eu","10":"tag-europe","11":"tag-fr","12":"tag-france","13":"tag-news","14":"tag-republique-francaise"},"share_on_mastodon":{"url":"https:\/\/pubeurope.com\/@fr\/115854410133983021","error":""},"_links":{"self":[{"href":"https:\/\/www.europesays.com\/fr\/wp-json\/wp\/v2\/posts\/647311","targetHints":{"allow":["GET"]}}],"collection":[{"href":"https:\/\/www.europesays.com\/fr\/wp-json\/wp\/v2\/posts"}],"about":[{"href":"https:\/\/www.europesays.com\/fr\/wp-json\/wp\/v2\/types\/post"}],"author":[{"embeddable":true,"href":"https:\/\/www.europesays.com\/fr\/wp-json\/wp\/v2\/users\/2"}],"replies":[{"embeddable":true,"href":"https:\/\/www.europesays.com\/fr\/wp-json\/wp\/v2\/comments?post=647311"}],"version-history":[{"count":0,"href":"https:\/\/www.europesays.com\/fr\/wp-json\/wp\/v2\/posts\/647311\/revisions"}],"wp:featuredmedia":[{"embeddable":true,"href":"https:\/\/www.europesays.com\/fr\/wp-json\/wp\/v2\/media\/647312"}],"wp:attachment":[{"href":"https:\/\/www.europesays.com\/fr\/wp-json\/wp\/v2\/media?parent=647311"}],"wp:term":[{"taxonomy":"category","embeddable":true,"href":"https:\/\/www.europesays.com\/fr\/wp-json\/wp\/v2\/categories?post=647311"},{"taxonomy":"post_tag","embeddable":true,"href":"https:\/\/www.europesays.com\/fr\/wp-json\/wp\/v2\/tags?post=647311"}],"curies":[{"name":"wp","href":"https:\/\/api.w.org\/{rel}","templated":true}]}}