{"id":647320,"date":"2026-01-07T15:04:14","date_gmt":"2026-01-07T15:04:14","guid":{"rendered":"https:\/\/www.europesays.com\/fr\/647320\/"},"modified":"2026-01-07T15:04:14","modified_gmt":"2026-01-07T15:04:14","slug":"lalterna-stade-poitevin-va-devoir-y-aller-pour-se-qualifier-contre-le-panathinaikos","status":"publish","type":"post","link":"https:\/\/www.europesays.com\/fr\/647320\/","title":{"rendered":"l\u2019Alterna Stade Poitevin va devoir \u00ab\u00a0y aller\u00a0\u00bb pour se qualifier contre le Panathina\u00efkos"},"content":{"rendered":"<p>C\u00e9dric Enard a d\u00fb prendre son mal en patience \u00e0 l\u2019a\u00e9roport d\u2019Ath\u00e8nes. Mais le dernier Poitevin \u00e0 r\u00e9cup\u00e9rer sa valise \u00e9tait surtout soulag\u00e9 d\u2019\u00eatre arriv\u00e9 en temps et en heure dans la capitale grecque. Pr\u00eat et d\u00e9termin\u00e9 \u00e0 voir l\u2019Alterna Stade Poitevin r\u00e9aliser un gros coup face au Panathina\u00efkos sur ses terres&#8230;. <\/p>\n<p>    Cet article a \u00e9t\u00e9 tronqu\u00e9. Abonnez-vous pour lire l&rsquo;article complet sur notre site.<\/p>\n<p class=\"interview\">\u00c0 quel genre de match vous attendez-vous ce mercredi\u00a0?<\/p>\n<p style=\"margin: 0 !important; padding: 0 !important; font-size: 12px !important;\">Cet article a \u00e9t\u00e9 tronqu\u00e9. Abonnez-vous pour lire l&rsquo;article complet.<\/p>\n<p>    <a href=\"https:\/\/www.lanouvellerepublique.fr\/abonnements\" style=\"display: inline-block; margin-top: 5px !important; padding: 6px 12px !important; background: #cb1c27; color: white; text-decoration: none; border-radius: 4px; font-size: 12px !important;\" target=\"_blank\" rel=\"noopener\"><br \/>\n      S&rsquo;abonner<br \/>\n    <\/a><\/p>\n","protected":false},"excerpt":{"rendered":"C\u00e9dric Enard a d\u00fb prendre son mal en patience \u00e0 l\u2019a\u00e9roport d\u2019Ath\u00e8nes. Mais le dernier Poitevin \u00e0 r\u00e9cup\u00e9rer&hellip;\n","protected":false},"author":2,"featured_media":647321,"comment_status":"","ping_status":"","sticky":false,"template":"","format":"standard","meta":{"footnotes":""},"categories":[1417],"tags":[1392,1654,1011,27,1655,1653,60,1584,1470,1469],"class_list":{"0":"post-647320","1":"post","2":"type-post","3":"status-publish","4":"format-standard","5":"has-post-thumbnail","7":"category-volley","8":"tag-a-la-une-local","9":"tag-alterna-stade-poitevin-volley-ball","10":"tag-fr","11":"tag-france","12":"tag-ligue-a","13":"tag-poitiers","14":"tag-sports","15":"tag-vienne","16":"tag-volley","17":"tag-volleyball"},"share_on_mastodon":{"url":"https:\/\/pubeurope.com\/@fr\/115854433566538483","error":""},"_links":{"self":[{"href":"https:\/\/www.europesays.com\/fr\/wp-json\/wp\/v2\/posts\/647320","targetHints":{"allow":["GET"]}}],"collection":[{"href":"https:\/\/www.europesays.com\/fr\/wp-json\/wp\/v2\/posts"}],"about":[{"href":"https:\/\/www.europesays.com\/fr\/wp-json\/wp\/v2\/types\/post"}],"author":[{"embeddable":true,"href":"https:\/\/www.europesays.com\/fr\/wp-json\/wp\/v2\/users\/2"}],"replies":[{"embeddable":true,"href":"https:\/\/www.europesays.com\/fr\/wp-json\/wp\/v2\/comments?post=647320"}],"version-history":[{"count":0,"href":"https:\/\/www.europesays.com\/fr\/wp-json\/wp\/v2\/posts\/647320\/revisions"}],"wp:featuredmedia":[{"embeddable":true,"href":"https:\/\/www.europesays.com\/fr\/wp-json\/wp\/v2\/media\/647321"}],"wp:attachment":[{"href":"https:\/\/www.europesays.com\/fr\/wp-json\/wp\/v2\/media?parent=647320"}],"wp:term":[{"taxonomy":"category","embeddable":true,"href":"https:\/\/www.europesays.com\/fr\/wp-json\/wp\/v2\/categories?post=647320"},{"taxonomy":"post_tag","embeddable":true,"href":"https:\/\/www.europesays.com\/fr\/wp-json\/wp\/v2\/tags?post=647320"}],"curies":[{"name":"wp","href":"https:\/\/api.w.org\/{rel}","templated":true}]}}