{"id":647327,"date":"2026-01-07T15:11:12","date_gmt":"2026-01-07T15:11:12","guid":{"rendered":"https:\/\/www.europesays.com\/fr\/647327\/"},"modified":"2026-01-07T15:11:12","modified_gmt":"2026-01-07T15:11:12","slug":"coup-de-tonnerre-une-star-declassee-par-flick","status":"publish","type":"post","link":"https:\/\/www.europesays.com\/fr\/647327\/","title":{"rendered":"coup de tonnerre, une star d\u00e9class\u00e9e par Flick ?"},"content":{"rendered":"<p>Le retour de Pedri apr\u00e8s une l\u00e9g\u00e8re surcharge physique a relanc\u00e9 le d\u00e9bat sur le r\u00f4le de Frenkie de Jong dans le milieu de terrain du <a href=\"https:\/\/www.onzemondial.com\/etranger\/fc-barcelone.html\" target=\"_blank\" rel=\"noopener\">Bar\u00e7a<\/a>. Jusqu&rsquo;\u00e0 r\u00e9cemment, le N\u00e9erlandais occupait une position cl\u00e9 au sein du triangle m\u00e9dian barcelonais, aux c\u00f4t\u00e9s de Pedri, avec un r\u00f4le tr\u00e8s central dans la construction du jeu. Cependant, une s\u00e9rie de performances d\u00e9cevantes, en particulier apr\u00e8s la lourde d\u00e9faite face \u00e0 Chelsea, a bouscul\u00e9 cette hi\u00e9rarchie rappelle <a href=\"https:\/\/www.sport.es\/es\/noticias\/barca\/diagnostico-flick-frenkie-jong-125427199\" target=\"_blank\" rel=\"noopener\">Sport<\/a>.<\/p>\n<p>Avant ce match fatidique \u00e0 Stamford Bridge, Frenkie de Jong \u00e9tait incontest\u00e9. Mais apr\u00e8s avoir manqu\u00e9 plusieurs matchs en raison de soucis personnels et d&rsquo;une fi\u00e8vre, son statut a vacill\u00e9. En son absence, Hansi Flick a explor\u00e9 d&rsquo;autres configurations, notamment en utilisant Eric Garcia aux c\u00f4t\u00e9s de Pedri dans une approche plus pragmatique. Le Batave, lui, a \u00e9t\u00e9 rel\u00e9gu\u00e9 sur le banc \u00e0 trois reprises lors des six derniers matchs jou\u00e9s, et sa situation commence \u00e0 inqui\u00e9ter.<\/p>\n<p>\u00c0 lire aussiLa presse catalane s&rsquo;inqui\u00e8te pour de Jong<\/p>\n<p>L\u2019entra\u00eeneur allemand, connu pour sa flexibilit\u00e9 tactique, a opt\u00e9 pour un double pivot plus d\u00e9fensif avec Eric Garcia et Frenkie de Jong lors de certains matchs r\u00e9cents, notamment contre l&rsquo;Espanyol et Villarreal. Toutefois, ces formations ont souvent \u00e9t\u00e9 per\u00e7ues comme plus \u00e9quilibr\u00e9es mais moins cr\u00e9atives. Contre l&rsquo;Espanyol, notamment, l\u2019\u00e9quipe manquait de la fluidit\u00e9 offensive habituelle.<\/p>\n<p>Le r\u00f4le de Frenkie de Jong dans ce milieu de terrain est d\u00e9sormais en question. Si Pedri reprend son poste de titulaire, la pr\u00e9sence de De Jong n\u2019est pas du tout garantie. L\u2019entra\u00eeneur pourrait choisir de redistribuer les r\u00f4les, en donnant plus de place \u00e0 des joueurs comme Ferm\u00edn ou Olmo, qui apportent plus de dynamisme et de cr\u00e9ativit\u00e9. Le retour de Pedri pourrait faire de Frenkie un rempla\u00e7ant \u00e0 part enti\u00e8re, rel\u00e9gu\u00e9 \u00e0 une position plus secondaire.<\/p>\n<p>Eric Garcia a pris de l&rsquo;\u00e9paisseur<\/p>\n<p>La question qui se pose d\u00e9sormais est de savoir si De Jong, avec le retour de Pedri, pourra retrouver sa place de titulaire ou s\u2019il devra accepter une fonction plus restreinte, voire secondaire. Hansi Flick devra choisir entre maintenir son investissement dans le N\u00e9erlandais ou l\u2019int\u00e9grer dans une rotation o\u00f9 les jeunes comme Ferm\u00edn, Olmo ou Pedri semblent plus adapt\u00e9s \u00e0 la philosophie du jeu du Bar\u00e7a actuel.<\/p>\n<p>Cette incertitude pourrait mettre la pression sur Frenkie, qui devra d\u00e9montrer qu\u2019il m\u00e9rite \u00e0 nouveau sa place de titulaire indiscutable. Une chose est s\u00fbre, la composition blaugrana de ce soir (20h) contre l&rsquo;Athletic Bilbao sera tr\u00e8s attendue.<\/p>\n<p>\u00a0<\/p>\n<p>   Partagez cette info avec vos amis et vos proches en cliquant ici<br \/> Pour r\u00e9sumer<\/p>\n<p>Le r\u00f4le de Frenkie de Jong au Bar\u00e7a est remis en question apr\u00e8s une s\u00e9rie de performances d\u00e9cevantes, notamment contre Chelsea. Avec le retour de Pedri, l&rsquo;international n\u00e9erlandais pourrait \u00eatre rel\u00e9gu\u00e9 \u00e0 un r\u00f4le secondaire.<\/p>\n<p>R\u00e9dacteur<\/p>\n<p><img decoding=\"async\" width=\"76\" height=\"76\" loading=\"lazy\" src=\"https:\/\/www.europesays.com\/fr\/wp-content\/uploads\/2025\/04\/avatar-onze.webp.webp\" alt=\"Nathan Bricout\"\/><\/p>\n","protected":false},"excerpt":{"rendered":"Le retour de Pedri apr\u00e8s une l\u00e9g\u00e8re surcharge physique a relanc\u00e9 le d\u00e9bat sur le r\u00f4le de Frenkie&hellip;\n","protected":false},"author":2,"featured_media":647328,"comment_status":"","ping_status":"","sticky":false,"template":"","format":"standard","meta":{"footnotes":""},"categories":[1410],"tags":[59813,5695,63,1011,27,60],"class_list":{"0":"post-647327","1":"post","2":"type-post","3":"status-publish","4":"format-standard","5":"has-post-thumbnail","7":"category-football","8":"tag-espagne-liga","9":"tag-fc-barcelone","10":"tag-football","11":"tag-fr","12":"tag-france","13":"tag-sports"},"share_on_mastodon":{"url":"https:\/\/pubeurope.com\/@fr\/115854461351701387","error":""},"_links":{"self":[{"href":"https:\/\/www.europesays.com\/fr\/wp-json\/wp\/v2\/posts\/647327","targetHints":{"allow":["GET"]}}],"collection":[{"href":"https:\/\/www.europesays.com\/fr\/wp-json\/wp\/v2\/posts"}],"about":[{"href":"https:\/\/www.europesays.com\/fr\/wp-json\/wp\/v2\/types\/post"}],"author":[{"embeddable":true,"href":"https:\/\/www.europesays.com\/fr\/wp-json\/wp\/v2\/users\/2"}],"replies":[{"embeddable":true,"href":"https:\/\/www.europesays.com\/fr\/wp-json\/wp\/v2\/comments?post=647327"}],"version-history":[{"count":0,"href":"https:\/\/www.europesays.com\/fr\/wp-json\/wp\/v2\/posts\/647327\/revisions"}],"wp:featuredmedia":[{"embeddable":true,"href":"https:\/\/www.europesays.com\/fr\/wp-json\/wp\/v2\/media\/647328"}],"wp:attachment":[{"href":"https:\/\/www.europesays.com\/fr\/wp-json\/wp\/v2\/media?parent=647327"}],"wp:term":[{"taxonomy":"category","embeddable":true,"href":"https:\/\/www.europesays.com\/fr\/wp-json\/wp\/v2\/categories?post=647327"},{"taxonomy":"post_tag","embeddable":true,"href":"https:\/\/www.europesays.com\/fr\/wp-json\/wp\/v2\/tags?post=647327"}],"curies":[{"name":"wp","href":"https:\/\/api.w.org\/{rel}","templated":true}]}}