{"id":647333,"date":"2026-01-07T15:15:14","date_gmt":"2026-01-07T15:15:14","guid":{"rendered":"https:\/\/www.europesays.com\/fr\/647333\/"},"modified":"2026-01-07T15:15:14","modified_gmt":"2026-01-07T15:15:14","slug":"plus-belle-la-vie-encore-plus-belle-du-mercredi-7-janvier-2026-episode-492","status":"publish","type":"post","link":"https:\/\/www.europesays.com\/fr\/647333\/","title":{"rendered":"Plus belle la vie, encore plus belle du mercredi 7 janvier 2026 &#8211; Episode 492"},"content":{"rendered":"<p id=\"descriptionPanel\" class=\"text-secondary mr-2 line-clamp-2 pr-2.5 overflow-visible\">Au commissariat, les avis divergent sur la responsabilit\u00e9 du suspect. En parall\u00e8le, une nouvelle coloc s&rsquo;installe place du Mistral. Du c\u00f4t\u00e9 des Kepler, des \u00e9l\u00e9ments compromettants les mettent \u00e0 rude \u00e9preuve.. Retrouvez \u00ab\u00a0Plus belle la vie, encore plus belle\u00a0\u00bb, du lundi au vendredi sur TF1. Retrouvez tous les \u00e9pisodes, extraits et bonus tous les jours sur TF1+.<\/p>\n<p>Afficher la version longue du r\u00e9sum\u00e9<a class=\"shrink-0\" href=\"https:\/\/www.tf1.fr\/tf1\/plus-belle-la-vie\" target=\"_blank\" rel=\"noopener\"><img decoding=\"async\" src=\"https:\/\/www.europesays.com\/fr\/wp-content\/uploads\/2025\/10\/program-card-portrait-1-png-1a22bd-ef075f-0@1x.jpg\" width=\"138\" height=\"184\" alt=\"\" loading=\"eager\" fetchpriority=\"auto\" class=\"rounded-3px aspect-[3\/4] h-24 w-auto\" aria-hidden=\"true\"\/><\/a><img alt=\"Sous-Titrage T\u00e9l\u00e9texte\" loading=\"lazy\" width=\"27\" height=\"20\" decoding=\"async\" data-nimg=\"1\" style=\"color:transparent\" src=\"https:\/\/www.tf1.fr\/public\/_next\/static\/media\/sme.b8f879c0.svg\"\/><\/p>\n<p>20m<\/p>\n<p>7 janv. 2026 \u00e0 14:03<\/p>\n","protected":false},"excerpt":{"rendered":"Au commissariat, les avis divergent sur la responsabilit\u00e9 du suspect. En parall\u00e8le, une nouvelle coloc s&rsquo;installe place du&hellip;\n","protected":false},"author":2,"featured_media":647334,"comment_status":"","ping_status":"","sticky":false,"template":"","format":"standard","meta":{"footnotes":""},"categories":[1356],"tags":[58,1367,1369,43037,43042,43045,43036,43043,43046,43040,43039,59,1365,1366,41047,1011,27,1368,43035,43044,43041,252,1364,43038],"class_list":{"0":"post-647333","1":"post","2":"type-post","3":"status-publish","4":"format-standard","5":"has-post-thumbnail","7":"category-television","8":"tag-divertissement","9":"tag-encore-plus-belle","10":"tag-encore-plus-belle-episode","11":"tag-encore-plus-belle-episode-tf1","12":"tag-encore-plus-belle-streaming","13":"tag-encore-plus-belle-streaming-gratuit","14":"tag-encore-plus-belle-tf1","15":"tag-encore-plus-belle-tf1-streaming","16":"tag-encore-plus-belle-tf1-streaming-gratuit","17":"tag-encore-plus-belle-tf1-video","18":"tag-encore-plus-belle-video","19":"tag-entertainment","20":"tag-episode","21":"tag-episode-plus-belle-la-vie","22":"tag-episode-tf1","23":"tag-fr","24":"tag-france","25":"tag-plus-belle-la-vie","26":"tag-serie-plus-belle-la-vie","27":"tag-streaming-gratuit-serie-plus-belle-la-vie","28":"tag-streaming-serie-plus-belle-la-vie","29":"tag-television","30":"tag-tv","31":"tag-video-serie-plus-belle-la-vie"},"share_on_mastodon":{"url":"","error":"Validation failed: Text character limit of 500 exceeded"},"_links":{"self":[{"href":"https:\/\/www.europesays.com\/fr\/wp-json\/wp\/v2\/posts\/647333","targetHints":{"allow":["GET"]}}],"collection":[{"href":"https:\/\/www.europesays.com\/fr\/wp-json\/wp\/v2\/posts"}],"about":[{"href":"https:\/\/www.europesays.com\/fr\/wp-json\/wp\/v2\/types\/post"}],"author":[{"embeddable":true,"href":"https:\/\/www.europesays.com\/fr\/wp-json\/wp\/v2\/users\/2"}],"replies":[{"embeddable":true,"href":"https:\/\/www.europesays.com\/fr\/wp-json\/wp\/v2\/comments?post=647333"}],"version-history":[{"count":0,"href":"https:\/\/www.europesays.com\/fr\/wp-json\/wp\/v2\/posts\/647333\/revisions"}],"wp:featuredmedia":[{"embeddable":true,"href":"https:\/\/www.europesays.com\/fr\/wp-json\/wp\/v2\/media\/647334"}],"wp:attachment":[{"href":"https:\/\/www.europesays.com\/fr\/wp-json\/wp\/v2\/media?parent=647333"}],"wp:term":[{"taxonomy":"category","embeddable":true,"href":"https:\/\/www.europesays.com\/fr\/wp-json\/wp\/v2\/categories?post=647333"},{"taxonomy":"post_tag","embeddable":true,"href":"https:\/\/www.europesays.com\/fr\/wp-json\/wp\/v2\/tags?post=647333"}],"curies":[{"name":"wp","href":"https:\/\/api.w.org\/{rel}","templated":true}]}}