{"id":647335,"date":"2026-01-07T15:16:11","date_gmt":"2026-01-07T15:16:11","guid":{"rendered":"https:\/\/www.europesays.com\/fr\/647335\/"},"modified":"2026-01-07T15:16:11","modified_gmt":"2026-01-07T15:16:11","slug":"lars-ulrich-metallica-plonge-dans-le-repertoire-cache-dac-dc-avec-sa-nouvelle-emission-sur-siriusxm","status":"publish","type":"post","link":"https:\/\/www.europesays.com\/fr\/647335\/","title":{"rendered":"Lars Ulrich (Metallica) plonge dans le r\u00e9pertoire cach\u00e9 d\u2019AC\/DC avec sa nouvelle \u00e9mission sur SiriusXM"},"content":{"rendered":"<p><strong>Lars Ulrich, batteur de <a href=\"https:\/\/www.metalzone.fr\/metallica\/\" target=\"_blank\" rel=\"noopener\">Metallica<\/a>, vient de lancer une nouvelle \u00e9mission sur SiriusXM. Intitul\u00e9 Lars\u2019s Deep Dive, ce programme s\u2019ouvre sur un hommage \u00e0 <a href=\"https:\/\/www.metalzone.fr\/ac-dc\/\" target=\"_blank\" rel=\"noopener\">AC\/DC<\/a>, groupe cl\u00e9 de son adolescence et influence majeure dans l\u2019histoire de Metallica.<\/strong><\/p>\n<p>Un premier \u00e9pisode d\u00e9di\u00e9 \u00e0 AC\/DC<\/p>\n<p>Diffus\u00e9 sur la cha\u00eene Maximum Metallica (canal 42 de SiriusXM), Lars\u2019s Deep Dive explore les titres moins connus d\u2019AC\/DC. Pour ce premier \u00e9pisode, Ulrich a choisi plusieurs morceaux qu\u2019il affectionne, dont Overdose, qu\u2019il consid\u00e8re comme l\u2019un des plus puissants du r\u00e9pertoire du groupe australien, bien qu\u2019il n\u2019ait jamais \u00e9t\u00e9 jou\u00e9 en concert.<\/p>\n<p>Dans une interview diffus\u00e9e sur SiriusXM en 2023, Ulrich avait d\u00e9j\u00e0 partag\u00e9 des souvenirs forts li\u00e9s \u00e0 AC\/DC, notamment lors de leur passage au <a href=\"https:\/\/www.metalzone.fr\/power-trip\/\" target=\"_blank\" rel=\"noopener\">Power Trip<\/a> Festival, o\u00f9 il avait \u00e9t\u00e9 touch\u00e9 par l\u2019accueil r\u00e9serv\u00e9 \u00e0 Angus Young\u00a0: \u201cQuand il se tenait sur la passerelle pour jouer ses solos, on sentait que le public le portait. C\u2019\u00e9tait vraiment \u00e9mouvant.\u201d<\/p>\n<p>Metallica en tourn\u00e9e europ\u00e9enne en 2026<\/p>\n<p>Ce projet radio arrive alors que Metallica observe une pause entre deux \u00e9tapes de sa tourn\u00e9e mondiale M72, entam\u00e9e en 2023 avec l\u2019album 72 Seasons. Le groupe a r\u00e9cemment termin\u00e9 une s\u00e9rie de concerts au Moyen-Orient, dont une date \u00e0 Abou Dabi en d\u00e9cembre 2025, ouverte avec <a href=\"https:\/\/www.metalzone.fr\/creeping-death\/\" target=\"_blank\" rel=\"noopener\">Creeping Death<\/a>.<\/p>\n<p>La tourn\u00e9e reprendra le 9 mai 2026 \u00e0 Ath\u00e8nes. Une date unique est pr\u00e9vue en Suisse : le 27 mai au Stadion Letzigrund de Zurich, avec <a href=\"https:\/\/www.metalzone.fr\/gojira\/\" target=\"_blank\" rel=\"noopener\">Gojira<\/a> et <a href=\"https:\/\/www.metalzone.fr\/knocked-loose\/\" target=\"_blank\" rel=\"noopener\">Knocked Loose<\/a> en premi\u00e8re partie. Selon Pollstar, Metallica figure toujours parmi les groupes les plus populaires du XXIe si\u00e8cle, avec plus de 15,5 millions de billets vendus depuis 2001.<\/p>\n<p>Overdose d\u2019AC\/DC :<\/p>\n","protected":false},"excerpt":{"rendered":"Lars Ulrich, batteur de Metallica, vient de lancer une nouvelle \u00e9mission sur SiriusXM. Intitul\u00e9 Lars\u2019s Deep Dive, ce&hellip;\n","protected":false},"author":2,"featured_media":647336,"comment_status":"","ping_status":"","sticky":false,"template":"","format":"standard","meta":{"footnotes":""},"categories":[1355],"tags":[58,59,1011,27,1361,873],"class_list":{"0":"post-647335","1":"post","2":"type-post","3":"status-publish","4":"format-standard","5":"has-post-thumbnail","7":"category-musique","8":"tag-divertissement","9":"tag-entertainment","10":"tag-fr","11":"tag-france","12":"tag-music","13":"tag-musique"},"share_on_mastodon":{"url":"https:\/\/pubeurope.com\/@fr\/115854481293811405","error":""},"_links":{"self":[{"href":"https:\/\/www.europesays.com\/fr\/wp-json\/wp\/v2\/posts\/647335","targetHints":{"allow":["GET"]}}],"collection":[{"href":"https:\/\/www.europesays.com\/fr\/wp-json\/wp\/v2\/posts"}],"about":[{"href":"https:\/\/www.europesays.com\/fr\/wp-json\/wp\/v2\/types\/post"}],"author":[{"embeddable":true,"href":"https:\/\/www.europesays.com\/fr\/wp-json\/wp\/v2\/users\/2"}],"replies":[{"embeddable":true,"href":"https:\/\/www.europesays.com\/fr\/wp-json\/wp\/v2\/comments?post=647335"}],"version-history":[{"count":0,"href":"https:\/\/www.europesays.com\/fr\/wp-json\/wp\/v2\/posts\/647335\/revisions"}],"wp:featuredmedia":[{"embeddable":true,"href":"https:\/\/www.europesays.com\/fr\/wp-json\/wp\/v2\/media\/647336"}],"wp:attachment":[{"href":"https:\/\/www.europesays.com\/fr\/wp-json\/wp\/v2\/media?parent=647335"}],"wp:term":[{"taxonomy":"category","embeddable":true,"href":"https:\/\/www.europesays.com\/fr\/wp-json\/wp\/v2\/categories?post=647335"},{"taxonomy":"post_tag","embeddable":true,"href":"https:\/\/www.europesays.com\/fr\/wp-json\/wp\/v2\/tags?post=647335"}],"curies":[{"name":"wp","href":"https:\/\/api.w.org\/{rel}","templated":true}]}}