{"id":647338,"date":"2026-01-07T15:18:10","date_gmt":"2026-01-07T15:18:10","guid":{"rendered":"https:\/\/www.europesays.com\/fr\/647338\/"},"modified":"2026-01-07T15:18:10","modified_gmt":"2026-01-07T15:18:10","slug":"la-bretagne-parmi-les-regions-les-plus-exposees-de-france","status":"publish","type":"post","link":"https:\/\/www.europesays.com\/fr\/647338\/","title":{"rendered":"la Bretagne parmi les r\u00e9gions les plus expos\u00e9es de France"},"content":{"rendered":"<p class=\"article__intro\">En France, le cancer et les maladies du c\u0153ur dominent largement les causes de d\u00e9c\u00e8s. Mais toutes les r\u00e9gions ne sont pas touch\u00e9es de la m\u00eame fa\u00e7on. En Bretagne, les chiffres placent le territoire dans le haut du classement national, particuli\u00e8rement pour les maladies du coeur.<\/p>\n<p>\n      La Quotidienne Soci\u00e9t\u00e9\n    <\/p>\n<p>\n      De la vie quotidienne aux grands enjeux, recevez tous les jours les sujets qui font la soci\u00e9t\u00e9 locale, comme la justice, l\u2019\u00e9ducation, la sant\u00e9 et la famille.\n    <\/p>\n<p>    France T\u00e9l\u00e9visions utilise votre adresse e-mail afin de vous envoyer la newsletter \u00ab\u00a0La Quotidienne Soci\u00e9t\u00e9\u00a0\u00bb. Vous pouvez vous d\u00e9sinscrire \u00e0 tout moment via le lien en bas de cette newsletter. <a target=\"_blank\" href=\"https:\/\/www.francetelevisions.fr\/groupe\/confidentialite\/politique-de-confidentialite\/politique-de-confidentialite-de-france-televisions-6503\" rel=\"noopener\">Notre politique de confidentialit\u00e9<\/a><\/p>\n<p>Cancer et maladies cardiovasculaires concentrent l\u2019essentiel des d\u00e9c\u00e8s en Bretagne. Comme ailleurs en France, mais \u00e0 des niveaux plus \u00e9lev\u00e9s que dans de nombreuses r\u00e9gions.<\/p>\n<p>Hors territoires ultra-marins, la Bretagne appara\u00eet comme l\u2019un des territoires les plus expos\u00e9s \u00e0 ces grandes causes de mortalit\u00e9. L&rsquo;institut national de la sant\u00e9, l&rsquo;Inserm, pr\u00e9cise le poids majeur de ces pathologies.<\/p>\n<p>La comparaison est nette. Au regard des chiffres du taux de d\u00e9c\u00e8s regroupant tous les d\u00e9c\u00e8s <a href=\"https:\/\/france3-regions.franceinfo.fr\/bretagne\/bretagne-regions-plus-touchees-certains-cas-cancers-1612493.html\" target=\"_blank\" rel=\"noopener noreferrer nofollow\" data-tooltip-url=\"https:\/\/france3-regions.franceinfo.fr\/bretagne\/bretagne-regions-plus-touchees-certains-cas-cancers-1612493.html\">par tumeurs canc\u00e9reuses<\/a>, la Bretagne fait bien pire que l\u2019\u00cele-de-France, r\u00e9gion pourtant plus peupl\u00e9e. Le taux pour 100.000 habitants en Bretagne est de 246,7 quand il n&rsquo;est que de 208,9 en \u00cele-de-France.<\/p>\n<p>La Bretagne se situe \u00e0 un niveau proche du Centre-Val de Loire (250,7). Seuls les Hauts-de-France affichent un taux nettement plus \u00e9lev\u00e9 (279).<\/p>\n<\/p>\n<p>Ces chiffres regroupent l\u2019ensemble des tumeurs. Elles repr\u00e9sentent, \u00e0 elles seules, la principale cause de d\u00e9c\u00e8s, tr\u00e8s loin devant les maladies respiratoires, le diab\u00e8te, les maladies de l&rsquo;appareil digestif ou des troubles mentaux.<\/p>\n<p>Deuxi\u00e8me cause de d\u00e9c\u00e8s : les <a href=\"https:\/\/france3-regions.franceinfo.fr\/bretagne\/finistere\/quimper\/la-prevention-est-plus-que-jamais-necessaire-les-parcours-du-c-ur-fetent-leurs-50-ans-3148037.html\" target=\"_blank\" rel=\"noopener noreferrer nofollow\" data-tooltip-url=\"https:\/\/france3-regions.franceinfo.fr\/bretagne\/finistere\/quimper\/la-prevention-est-plus-que-jamais-necessaire-les-parcours-du-c-ur-fetent-leurs-50-ans-3148037.html\">maladies cardio-neurovasculaires<\/a>. En Bretagne, le taux atteint 191,3 d\u00e9c\u00e8s pour 100 000 habitants.<\/p>\n<p>L\u00e0 encore, la r\u00e9gion se distingue. Elle se situe bien au-dessus de l\u2019\u00cele-de-France (138,2) et se rapproche des r\u00e9gions les plus touch\u00e9es comme la Normandie (197,1) ou les Hauts-de-France (197,5).<\/p>\n<p>Dans le classement national, la Bretagne figure dans le groupe de t\u00eate pour la mortalit\u00e9 li\u00e9e aux maladies du c\u0153ur et des vaisseaux. Ces maladies ont une origine multifactorielle, par exemple la consommation de tabac, d&rsquo;alcool, l&rsquo;hypertension art\u00e9rielle ou la nutrition.<\/p>\n<\/p>\n<p>Ces chiffres proviennent des \u00e9tudes bas\u00e9es sur l\u2019analyse des certificats de d\u00e9c\u00e8s de 2003 examin\u00e9es par Sant\u00e9 publique France.<\/p>\n<p>Selon les premi\u00e8res estimations pour 2024 en France, les taux de mortalit\u00e9 li\u00e9s au cancer et aux maladies du c\u0153ur seraient en l\u00e9g\u00e8re baisse.<\/p>\n<p>Les maladies cardio-neurovasculaires, comme l\u2019infarctus, l\u2019AVC ou l\u2019insuffisance cardiaque, repr\u00e9sentent un peu plus d\u2019un d\u00e9c\u00e8s sur cinq en France (21,4 %). Elles restent la deuxi\u00e8me cause de mortalit\u00e9, m\u00eame si les taux reculent l\u00e9g\u00e8rement.<\/p>\n<p>Les chiffres rappellent aussi que ces enjeux concernent tous les \u00e2ges. Chez les enfants de 1 \u00e0 14 ans, les cancers sont la deuxi\u00e8me cause de d\u00e9c\u00e8s derri\u00e8re les accidents.<\/p>\n","protected":false},"excerpt":{"rendered":"En France, le cancer et les maladies du c\u0153ur dominent largement les causes de d\u00e9c\u00e8s. Mais toutes les&hellip;\n","protected":false},"author":2,"featured_media":647339,"comment_status":"","ping_status":"","sticky":false,"template":"","format":"standard","meta":{"footnotes":""},"categories":[10],"tags":[1011,27,72,71],"class_list":{"0":"post-647338","1":"post","2":"type-post","3":"status-publish","4":"format-standard","5":"has-post-thumbnail","7":"category-sante","8":"tag-fr","9":"tag-france","10":"tag-health","11":"tag-sante"},"share_on_mastodon":{"url":"","error":""},"_links":{"self":[{"href":"https:\/\/www.europesays.com\/fr\/wp-json\/wp\/v2\/posts\/647338","targetHints":{"allow":["GET"]}}],"collection":[{"href":"https:\/\/www.europesays.com\/fr\/wp-json\/wp\/v2\/posts"}],"about":[{"href":"https:\/\/www.europesays.com\/fr\/wp-json\/wp\/v2\/types\/post"}],"author":[{"embeddable":true,"href":"https:\/\/www.europesays.com\/fr\/wp-json\/wp\/v2\/users\/2"}],"replies":[{"embeddable":true,"href":"https:\/\/www.europesays.com\/fr\/wp-json\/wp\/v2\/comments?post=647338"}],"version-history":[{"count":0,"href":"https:\/\/www.europesays.com\/fr\/wp-json\/wp\/v2\/posts\/647338\/revisions"}],"wp:featuredmedia":[{"embeddable":true,"href":"https:\/\/www.europesays.com\/fr\/wp-json\/wp\/v2\/media\/647339"}],"wp:attachment":[{"href":"https:\/\/www.europesays.com\/fr\/wp-json\/wp\/v2\/media?parent=647338"}],"wp:term":[{"taxonomy":"category","embeddable":true,"href":"https:\/\/www.europesays.com\/fr\/wp-json\/wp\/v2\/categories?post=647338"},{"taxonomy":"post_tag","embeddable":true,"href":"https:\/\/www.europesays.com\/fr\/wp-json\/wp\/v2\/tags?post=647338"}],"curies":[{"name":"wp","href":"https:\/\/api.w.org\/{rel}","templated":true}]}}