{"id":647354,"date":"2026-01-07T15:26:09","date_gmt":"2026-01-07T15:26:09","guid":{"rendered":"https:\/\/www.europesays.com\/fr\/647354\/"},"modified":"2026-01-07T15:26:09","modified_gmt":"2026-01-07T15:26:09","slug":"saint-etienne-cette-piste-cyclable-attendue-va-bientot-voir-le-jour-ce-qui-change","status":"publish","type":"post","link":"https:\/\/www.europesays.com\/fr\/647354\/","title":{"rendered":"Saint-Etienne. Cette piste cyclable attendue va bient\u00f4t voir le jour, ce qui change"},"content":{"rendered":"<p>                    Par<br \/>\n        <strong><br \/>\n            <a href=\"https:\/\/actu.fr\/auteur\/mathias-souteyrat\" title=\"Consulter tous les articles de Mathias Souteyrat\" target=\"_blank\" rel=\"noopener\">Mathias Souteyrat<\/a><br \/>\n                    <\/strong><\/p>\n<p>        Publi\u00e9 le<\/p>\n<p>            7 janv. 2026 \u00e0 11h15        <\/p>\n<p>\u00c0 <a href=\"https:\/\/actu.fr\/saint-etienne\/\" target=\"_blank\" rel=\"noopener\">Saint-Etienne<\/a>, la cr\u00e9ation <a href=\"https:\/\/actu.fr\/auvergne-rhone-alpes\/saint-etienne_42218\/saint-etienne-une-piste-cyclable-va-voir-le-jour-dans-cette-rue-frequentee_63521834.html\" target=\"_blank\" rel=\"noopener\">d\u2019une piste cyclable<\/a>\u00a0rue Bergson, de son intersection avec la rue Claude-Odde \u00e0 sa jonction avec l\u2019avenue de Verdun, entre dans sa derni\u00e8re phase de travaux.<\/p>\n<p class=\" wall-content\">Ce chantier, qui durera du 6 janvier au 3 mars 2026, a pour but \u00ab\u00a0la r\u00e9alisation de deux pistes cyclables unidirectionnelles et r\u00e9fection des chauss\u00e9es\u00a0\u00bb, annonce la m\u00e9tropole st\u00e9phanoise.<\/p>\n<p>Des travaux du 6\u00a0janvier au 3\u00a0mars<\/p>\n<p class=\" wall-content\">Voici les perturbations sur le stationnement et la circulation\u2009:<\/p>\n<ul class=\" wall-content\">\n<li>La circulation et le stationnement seront interdits de 9\u00a0heures \u00e0 16\u00a0heures, dans le sens Bellevue vers La Terrasse, dans un premier temps puis dans le sens La Terrasse vers Bellevue.<\/li>\n<li>Ponctuellement, certains travaux seront r\u00e9alis\u00e9s de nuit. La circulation et le stationnement seront alors interdits de 20\u00a0heures \u00e0 6\u00a0heures le lendemain.<\/li>\n<\/ul>\n<p>Des d\u00e9viations de circulation<\/p>\n<p class=\" wall-content\">Des d\u00e9viations de la circulation seront mises en \u0153uvre par l\u2019entreprise en charge des travaux, \u00e0 l\u2019aide d\u2019une signal\u00e9tique adapt\u00e9e.<\/p>\n<p class=\" wall-content\">Les travaux devant l\u2019\u00e9cole primaire du Sacr\u00e9 C\u0153ur seront r\u00e9alis\u00e9s prioritairement en p\u00e9riode de vacances scolaires.<\/p>\n<p class=\" wall-content\">\u00ab\u2009Les commerces resteront ouverts pendant toute la dur\u00e9e des travaux\u2009\u00bb, signale la m\u00e9tropole.<\/p>\n<p class=\" wall-content\">Personnalisez votre actualit\u00e9 en ajoutant vos villes et m\u00e9dias en favori avec <a href=\"https:\/\/moncompte.actu.fr\" title=\"D\u00e9couvez Mon Actu\" rel=\"nofollow noopener\" data-trk=\"{&quot;cta&quot;:{&quot;action&quot;:&quot;https:\\\/\\\/moncompte.actu.fr&quot;,&quot;category&quot;:&quot;mon compte&quot;,&quot;from&quot;:&quot;article footer&quot;,&quot;name&quot;:&quot;Mon actu&quot;,&quot;type&quot;:&quot;cta&quot;}}\" target=\"_blank\">Mon Actu<\/a>.<\/p>\n","protected":false},"excerpt":{"rendered":"Par Mathias Souteyrat Publi\u00e9 le 7 janv. 2026 \u00e0 11h15 \u00c0 Saint-Etienne, la cr\u00e9ation d\u2019une piste cyclable\u00a0rue Bergson,&hellip;\n","protected":false},"author":2,"featured_media":647355,"comment_status":"","ping_status":"","sticky":false,"template":"","format":"standard","meta":{"footnotes":""},"categories":[9653],"tags":[1111,11,2430,1777,674,1011,27,12,4798,25,4001,104,208],"class_list":{"0":"post-647354","1":"post","2":"type-post","3":"status-publish","4":"format-standard","5":"has-post-thumbnail","7":"category-saint-etienne","8":"tag-actu","9":"tag-actualites","10":"tag-auvergne-rhone-alpes","11":"tag-eu","12":"tag-europe","13":"tag-fr","14":"tag-france","15":"tag-news","16":"tag-pistes-cyclables","17":"tag-republique-francaise","18":"tag-saint-etienne","19":"tag-societe","20":"tag-velo"},"share_on_mastodon":{"url":"https:\/\/pubeurope.com\/@fr\/115854520088921120","error":""},"_links":{"self":[{"href":"https:\/\/www.europesays.com\/fr\/wp-json\/wp\/v2\/posts\/647354","targetHints":{"allow":["GET"]}}],"collection":[{"href":"https:\/\/www.europesays.com\/fr\/wp-json\/wp\/v2\/posts"}],"about":[{"href":"https:\/\/www.europesays.com\/fr\/wp-json\/wp\/v2\/types\/post"}],"author":[{"embeddable":true,"href":"https:\/\/www.europesays.com\/fr\/wp-json\/wp\/v2\/users\/2"}],"replies":[{"embeddable":true,"href":"https:\/\/www.europesays.com\/fr\/wp-json\/wp\/v2\/comments?post=647354"}],"version-history":[{"count":0,"href":"https:\/\/www.europesays.com\/fr\/wp-json\/wp\/v2\/posts\/647354\/revisions"}],"wp:featuredmedia":[{"embeddable":true,"href":"https:\/\/www.europesays.com\/fr\/wp-json\/wp\/v2\/media\/647355"}],"wp:attachment":[{"href":"https:\/\/www.europesays.com\/fr\/wp-json\/wp\/v2\/media?parent=647354"}],"wp:term":[{"taxonomy":"category","embeddable":true,"href":"https:\/\/www.europesays.com\/fr\/wp-json\/wp\/v2\/categories?post=647354"},{"taxonomy":"post_tag","embeddable":true,"href":"https:\/\/www.europesays.com\/fr\/wp-json\/wp\/v2\/tags?post=647354"}],"curies":[{"name":"wp","href":"https:\/\/api.w.org\/{rel}","templated":true}]}}