{"id":647373,"date":"2026-01-07T15:40:12","date_gmt":"2026-01-07T15:40:12","guid":{"rendered":"https:\/\/www.europesays.com\/fr\/647373\/"},"modified":"2026-01-07T15:40:12","modified_gmt":"2026-01-07T15:40:12","slug":"centre-colombia-hejo-boutique-ouvre-enfin-sa-boutique-permanente","status":"publish","type":"post","link":"https:\/\/www.europesays.com\/fr\/647373\/","title":{"rendered":"Centre Colombia : HEJO Boutique ouvre enfin sa boutique permanente"},"content":{"rendered":"<p style=\"text-align: justify;\" data-start=\"42\" data-end=\"446\">Le 7 janvier 2026, HEJO Boutique ouvre un nouveau chapitre de son histoire avec l\u2019inauguration de sa boutique permanente au Centre Colombia. Apr\u00e8s plusieurs ann\u00e9es en boutique \u00e9ph\u00e9m\u00e8re \u00e0 la Visitation et au Colombia, la marque pose enfin ses valises dans un lieu fixe, en plein c\u0153ur de Rennes. \u00abNous voulions offrir un espace plus grand, plus NOUS\u00bb, convient la commer\u00e7ante, \u00a0H\u00e9lo\u00efse sur sa <a href=\"https:\/\/www.facebook.com\/profile.php?id=100091434141397\" target=\"_blank\" rel=\"noopener\">page Facebook<\/a>.<\/p>\n<p style=\"text-align: justify;\" data-start=\"42\" data-end=\"446\"><img fetchpriority=\"high\" decoding=\"async\" class=\"alignnone size-medium wp-image-109600\" src=\"data:image\/svg+xml,%3Csvg%20xmlns=\" http:=\"\" alt=\"\" width=\"450\" height=\"600\" data-wp-pid=\"109600\" data-lazy- data-lazy- data-lazy-src=\"https:\/\/www.europesays.com\/fr\/wp-content\/uploads\/2026\/01\/601563039_18016515944797994_2549575834625075045_n-450x600.jpg\"\/><\/p>\n<p style=\"text-align: justify;\" data-start=\"448\" data-end=\"881\">Pour c\u00e9l\u00e9brer cette ouverture comme il se doit, HEJO Boutique a vu les choses en grand. D\u00e8s l\u2019ouverture, les 30 premi\u00e8res clientes ont eu la surprise de repartir avec un bijou offert. C\u2019\u00e9tait un geste simple, mais symbolique, pour remercier celles qui seront pr\u00e9sentes d\u00e8s les premi\u00e8res minutes et qui soutiennent la boutique depuis ses d\u00e9buts.<\/p>\n<p style=\"text-align: justify;\" data-start=\"448\" data-end=\"881\">Ce d\u00e9m\u00e9nagement n\u2019est pas un hasard. En janvier 2026, HEJO Boutique change d\u2019\u00e9chelle pour proposer un espace plus chaleureux et surtout plus fid\u00e8le \u00e0 son identit\u00e9. L\u2019objectif est d\u2019offrir une boutique d\u00e9finitive \u00e0 Rennes, pens\u00e9e comme un lieu de rencontre, d\u2019inspiration et de plaisir, o\u00f9 l\u2019on prend le temps de d\u00e9couvrir les collections.<\/p>\n<p style=\"text-align: justify;\" data-start=\"1249\" data-end=\"1607\">Dans ce nouvel espace du Centre Colombia, les clientes retrouvent tout ce qui fait l\u2019ADN de HEJO Boutique : une s\u00e9lection de v\u00eatements tendance, des bijoux d\u00e9licats, des accessoires soigneusement choisis, le tout dans une atmosph\u00e8re accueillante et lumineuse. HEJO Boutique devient permanente, mais l\u2019histoire ne fait que commencer. La suite arrive tr\u00e8s vite, et elle s\u2019annonce prometteuse. C\u2019est aussi une bonne nouvelle pour le centre commercial. Plus d\u2019infos, c\u2019est <a href=\"https:\/\/www.hejo-store.com\/pages\/notre-histoire-\u2764%EF%B8%8F\" target=\"_blank\" rel=\"noopener\">ici.\u00a0<\/a><\/p>\n","protected":false},"excerpt":{"rendered":"Le 7 janvier 2026, HEJO Boutique ouvre un nouveau chapitre de son histoire avec l\u2019inauguration de sa boutique&hellip;\n","protected":false},"author":2,"featured_media":647374,"comment_status":"","ping_status":"","sticky":false,"template":"","format":"standard","meta":{"footnotes":""},"categories":[2821],"tags":[1111,11,829,1777,674,1011,27,12,584,25],"class_list":{"0":"post-647373","1":"post","2":"type-post","3":"status-publish","4":"format-standard","5":"has-post-thumbnail","7":"category-rennes","8":"tag-actu","9":"tag-actualites","10":"tag-bretagne","11":"tag-eu","12":"tag-europe","13":"tag-fr","14":"tag-france","15":"tag-news","16":"tag-rennes","17":"tag-republique-francaise"},"share_on_mastodon":{"url":"https:\/\/pubeurope.com\/@fr\/115854575185865130","error":""},"_links":{"self":[{"href":"https:\/\/www.europesays.com\/fr\/wp-json\/wp\/v2\/posts\/647373","targetHints":{"allow":["GET"]}}],"collection":[{"href":"https:\/\/www.europesays.com\/fr\/wp-json\/wp\/v2\/posts"}],"about":[{"href":"https:\/\/www.europesays.com\/fr\/wp-json\/wp\/v2\/types\/post"}],"author":[{"embeddable":true,"href":"https:\/\/www.europesays.com\/fr\/wp-json\/wp\/v2\/users\/2"}],"replies":[{"embeddable":true,"href":"https:\/\/www.europesays.com\/fr\/wp-json\/wp\/v2\/comments?post=647373"}],"version-history":[{"count":0,"href":"https:\/\/www.europesays.com\/fr\/wp-json\/wp\/v2\/posts\/647373\/revisions"}],"wp:featuredmedia":[{"embeddable":true,"href":"https:\/\/www.europesays.com\/fr\/wp-json\/wp\/v2\/media\/647374"}],"wp:attachment":[{"href":"https:\/\/www.europesays.com\/fr\/wp-json\/wp\/v2\/media?parent=647373"}],"wp:term":[{"taxonomy":"category","embeddable":true,"href":"https:\/\/www.europesays.com\/fr\/wp-json\/wp\/v2\/categories?post=647373"},{"taxonomy":"post_tag","embeddable":true,"href":"https:\/\/www.europesays.com\/fr\/wp-json\/wp\/v2\/tags?post=647373"}],"curies":[{"name":"wp","href":"https:\/\/api.w.org\/{rel}","templated":true}]}}