{"id":647377,"date":"2026-01-07T15:42:12","date_gmt":"2026-01-07T15:42:12","guid":{"rendered":"https:\/\/www.europesays.com\/fr\/647377\/"},"modified":"2026-01-07T15:42:12","modified_gmt":"2026-01-07T15:42:12","slug":"volotea-remporte-la-delegation-de-service-public","status":"publish","type":"post","link":"https:\/\/www.europesays.com\/fr\/647377\/","title":{"rendered":"Volotea remporte la d\u00e9l\u00e9gation de service public"},"content":{"rendered":"<p>Cette annonce renforce la connectivit\u00e9 de la r\u00e9gion Grand Est et consolide la position de Volotea en tant que premi\u00e8re compagnie a\u00e9rienne de l\u2019A\u00e9roport de Strasbourg en nombre de destinations. Avec cette nouvelle ligne, <a href=\"https:\/\/www.dna.fr\/economie\/2025\/10\/28\/quelque-27-destinations-operees-par-dix-compagnies-pendant-la-saison-hivernale\" target=\"_blank\" rel=\"noopener\">Volotea desservira 27 destinations dans 7 pays<\/a>.\u00a0Cette nouvelle liaison essentielle \u00e0 la bonne connectivit\u00e9 des deux villes sera propos\u00e9e avec deux vols par semaine, les lundis et les jeudis. Pour 2026, la compagnie a\u00e9rienne pr\u00e9voit d\u2019offrir un total de pr\u00e8s de 21\u00a0000 si\u00e8ges. Une route directe pour laquelle la compagnie op\u00e9rera avec un appareil de type Airbus A320.<\/p>\n<p>  \u00ab\u00a0Une liaison tr\u00e8s attendue par nos passagers\u00a0\u00bb<\/p>\n<p>\u00ab\u00a0C\u2019est avec enthousiasme que nous annon\u00e7ons avoir remport\u00e9 le contrat de d\u00e9l\u00e9gation de service public pour la liaison Strasbourg &#8211; Munich, qui s\u2019inscrit pleinement dans notre volont\u00e9 de renforcer les connexions entre la capitale europ\u00e9enne et les r\u00e9gions cl\u00e9s du d\u00e9veloppement europ\u00e9en. Nous avons \u00e9galement \u00e0 c\u0153ur d\u2019offrir des destinations vari\u00e9es aux Strasbourgeois, et cette nouvelle liaison renforce les liens entre deux pays voisins dynamiques tout en facilitant l\u2019acc\u00e8s aux richesses de l\u2019Allemagne. <a href=\"https:\/\/www.dna.fr\/economie\/2025\/07\/03\/pour-ses-dix-ans-volotea-flirte-avec-le-million-de-passagers-sur-sa-base-alsacienne\" target=\"_blank\" rel=\"noopener\">Cette offre illustre l\u2019ancrage de Volotea depuis notre base strasbourgeoise<\/a> et notre ambition de continuer \u00e0 d\u00e9velopper des liaisons europ\u00e9ennes\u00a0\u00bb pr\u00e9cise Gilles Gosselin, directeur France de Volotea.<\/p>\n<p>\u00ab\u00a0Cette nouvelle liaison vers Munich est tr\u00e8s attendue par nos passagers et constitue un atout essentiel pour les parlementaires qui se rendent \u00e0 Strasbourg. Au-del\u00e0 d\u2019\u00eatre une ville majeure et attractive, Munich est \u00e9galement un hub international offrant des connexions vers le monde entier. Je me r\u00e9jouis que Volotea ait remport\u00e9 cet appel d\u2019offres, renfor\u00e7ant ainsi sa pr\u00e9sence \u00e0 l\u2019a\u00e9roport de Strasbourg tout en facilitant les \u00e9changes et le rapprochement entre nos deux r\u00e9gions\u00a0\u00bb compl\u00e8te <a href=\"https:\/\/www.dna.fr\/economie\/2025\/03\/27\/gilles-telllier-un-nouveau-dirigeant-pour-l-aeroport-de-strasbourg-entzheim\" target=\"_blank\" rel=\"noopener\">Gilles Tellier, directeur de l\u2019A\u00e9roport de Strasbourg<\/a>.<\/p>\n","protected":false},"excerpt":{"rendered":"Cette annonce renforce la connectivit\u00e9 de la r\u00e9gion Grand Est et consolide la position de Volotea en tant&hellip;\n","protected":false},"author":2,"featured_media":647378,"comment_status":"","ping_status":"","sticky":false,"template":"","format":"standard","meta":{"footnotes":""},"categories":[2820],"tags":[1111,11,2389,2649,33,2880,1777,674,107,1011,27,775,12,25,640,2879,602,2803,216],"class_list":{"0":"post-647377","1":"post","2":"type-post","3":"status-publish","4":"format-standard","5":"has-post-thumbnail","7":"category-strasbourg","8":"tag-actu","9":"tag-actualites","10":"tag-alsace","11":"tag-bas-rhin","12":"tag-economie","13":"tag-edition-strasbourg","14":"tag-eu","15":"tag-europe","16":"tag-fil-info","17":"tag-fr","18":"tag-france","19":"tag-grand-est","20":"tag-news","21":"tag-republique-francaise","22":"tag-strasbourg","23":"tag-strasbourg-ville","24":"tag-tourisme","25":"tag-transport","26":"tag-vie-des-entreprises"},"share_on_mastodon":{"url":"https:\/\/pubeurope.com\/@fr\/115854582971700668","error":""},"_links":{"self":[{"href":"https:\/\/www.europesays.com\/fr\/wp-json\/wp\/v2\/posts\/647377","targetHints":{"allow":["GET"]}}],"collection":[{"href":"https:\/\/www.europesays.com\/fr\/wp-json\/wp\/v2\/posts"}],"about":[{"href":"https:\/\/www.europesays.com\/fr\/wp-json\/wp\/v2\/types\/post"}],"author":[{"embeddable":true,"href":"https:\/\/www.europesays.com\/fr\/wp-json\/wp\/v2\/users\/2"}],"replies":[{"embeddable":true,"href":"https:\/\/www.europesays.com\/fr\/wp-json\/wp\/v2\/comments?post=647377"}],"version-history":[{"count":0,"href":"https:\/\/www.europesays.com\/fr\/wp-json\/wp\/v2\/posts\/647377\/revisions"}],"wp:featuredmedia":[{"embeddable":true,"href":"https:\/\/www.europesays.com\/fr\/wp-json\/wp\/v2\/media\/647378"}],"wp:attachment":[{"href":"https:\/\/www.europesays.com\/fr\/wp-json\/wp\/v2\/media?parent=647377"}],"wp:term":[{"taxonomy":"category","embeddable":true,"href":"https:\/\/www.europesays.com\/fr\/wp-json\/wp\/v2\/categories?post=647377"},{"taxonomy":"post_tag","embeddable":true,"href":"https:\/\/www.europesays.com\/fr\/wp-json\/wp\/v2\/tags?post=647377"}],"curies":[{"name":"wp","href":"https:\/\/api.w.org\/{rel}","templated":true}]}}