{"id":647385,"date":"2026-01-07T15:48:31","date_gmt":"2026-01-07T15:48:31","guid":{"rendered":"https:\/\/www.europesays.com\/fr\/647385\/"},"modified":"2026-01-07T15:48:31","modified_gmt":"2026-01-07T15:48:31","slug":"nantes-promet-des-arrivees-dans-chaque-ligne","status":"publish","type":"post","link":"https:\/\/www.europesays.com\/fr\/647385\/","title":{"rendered":"Nantes promet \u00ab\u00a0des arriv\u00e9es dans chaque ligne\u00a0\u00bb"},"content":{"rendered":"<p><b>La victoire m\u00e9rit\u00e9e obtenue \u00e0 Marseille a redonn\u00e9 le moral aux dirigeants et aux supporters du FC Nantes. Et pour continuer \u00e0 redresser la barre, les Canaris veulent faire un <a href=\"https:\/\/www.foot01.com\/mercato\" title=\"Mercato\" target=\"_blank\" rel=\"noopener\">mercato<\/a> d&rsquo;hiver tr\u00e8s offensif.<\/b>Nantes s&rsquo;est d\u00e9j\u00e0 activ\u00e9 tr\u00e8s fort, puisque le club des Kita a chang\u00e9 d&rsquo;entra\u00eeneur et fait signer Cabella, au mecato d&rsquo;hiver, et Machado comme joker. Et cela a pay\u00e9 car d\u00e8s le premier match de l&rsquo;ann\u00e9e, les Nantais se sont impos\u00e9s au V\u00e9lodrome et ont aussit\u00f4t quitt\u00e9 la zone de rel\u00e9gation. Mais cela ne suffit pas, et le mois de janvier risque d&rsquo;\u00eatre tr\u00e8s chaud du c\u00f4t\u00e9 de la Beaujoire. Conscient que son \u00e9quipe est sur un fil, Franck Kita, qui g\u00e8re au quotidien les Canaris, a d\u00e9cid\u00e9 de faire un <a href=\"https:\/\/www.foot01.com\/mercato\" title=\"Mercato\" target=\"_blank\" rel=\"noopener\">mercato<\/a> d&rsquo;envergure, confirme Johan Rigaud, journaliste de L&rsquo;Equipe. Ahmed Kantari va pouvoir s&rsquo;appuyer sur des renforts suppl\u00e9mentaires afin d&rsquo;atteindre son seul but, maintenir le FC Nantes en Ligue 1. Et notre confr\u00e8re pense que cela va remuer dans le vestiaire.Nantes va se renforcer un peu partoutSi la signature de R\u00e9my Cabella a ouvert rapidement la p\u00e9riode des transferts, les choses devraient s&rsquo;acc\u00e9l\u00e9rer jusqu&rsquo;au 2 f\u00e9vrier, date officielle de la fermeture du <a href=\"https:\/\/www.foot01.com\/mercato\" title=\"Mercato\" target=\"_blank\" rel=\"noopener\">mercato<\/a> d&rsquo;hiver. \u00ab Il y aura d&rsquo;autres arriv\u00e9es dans chaque ligne, et des d\u00e9parts sont esp\u00e9r\u00e9s. Apr\u00e8s avoir vendu pour 40 millions d&rsquo;euros l&rsquo;\u00e9t\u00e9 dernier et r\u00e9duit la masse salariale, Franck Kita a pu refaire quelques efforts, appuy\u00e9 sur sa volont\u00e9 et des relais que sont les cadres comme Anthony Lopes, impliqu\u00e9 dans l&rsquo;op\u00e9ration Cabella, qui a bien dur\u00e9 deux mois \u00bb, explique notre confr\u00e8re. Et cela tombe bien car les rumeurs se multiplient concernant la venue de plusieurs joueurs.<\/p>\n<p>Parmi les noms \u00e9voqu\u00e9s, il y a Zakaria Aboukhlal, m\u00eame si ces derni\u00e8res heures la tendance est \u00e0 ce que le joueur reste au Torino. Autres pistes \u00e0 l&rsquo;\u00e9tranger, celle qui m\u00e8ne \u00e0 Ibrahima Sissoko, milieu de terrain qui \u00e9volue actuellement \u00e0 Bochum et celle qui fait de Mohamed Kaba, une des priorit\u00e9s nantaises. En France, Nantes est \u00e9galement annonc\u00e9 en contact avec Abakar Sylla et Romain Del Castillo.<\/p>\n","protected":false},"excerpt":{"rendered":"La victoire m\u00e9rit\u00e9e obtenue \u00e0 Marseille a redonn\u00e9 le moral aux dirigeants et aux supporters du FC Nantes.&hellip;\n","protected":false},"author":2,"featured_media":647386,"comment_status":"","ping_status":"","sticky":false,"template":"","format":"standard","meta":{"footnotes":""},"categories":[2818],"tags":[1111,11,1777,674,462,1011,27,1434,766,12,2636,25],"class_list":{"0":"post-647385","1":"post","2":"type-post","3":"status-publish","4":"format-standard","5":"has-post-thumbnail","7":"category-nantes","8":"tag-actu","9":"tag-actualites","10":"tag-eu","11":"tag-europe","12":"tag-fc-nantes","13":"tag-fr","14":"tag-france","15":"tag-mercato","16":"tag-nantes","17":"tag-news","18":"tag-pays-de-la-loire","19":"tag-republique-francaise"},"share_on_mastodon":{"url":"https:\/\/pubeurope.com\/@fr\/115854606591158538","error":""},"_links":{"self":[{"href":"https:\/\/www.europesays.com\/fr\/wp-json\/wp\/v2\/posts\/647385","targetHints":{"allow":["GET"]}}],"collection":[{"href":"https:\/\/www.europesays.com\/fr\/wp-json\/wp\/v2\/posts"}],"about":[{"href":"https:\/\/www.europesays.com\/fr\/wp-json\/wp\/v2\/types\/post"}],"author":[{"embeddable":true,"href":"https:\/\/www.europesays.com\/fr\/wp-json\/wp\/v2\/users\/2"}],"replies":[{"embeddable":true,"href":"https:\/\/www.europesays.com\/fr\/wp-json\/wp\/v2\/comments?post=647385"}],"version-history":[{"count":0,"href":"https:\/\/www.europesays.com\/fr\/wp-json\/wp\/v2\/posts\/647385\/revisions"}],"wp:featuredmedia":[{"embeddable":true,"href":"https:\/\/www.europesays.com\/fr\/wp-json\/wp\/v2\/media\/647386"}],"wp:attachment":[{"href":"https:\/\/www.europesays.com\/fr\/wp-json\/wp\/v2\/media?parent=647385"}],"wp:term":[{"taxonomy":"category","embeddable":true,"href":"https:\/\/www.europesays.com\/fr\/wp-json\/wp\/v2\/categories?post=647385"},{"taxonomy":"post_tag","embeddable":true,"href":"https:\/\/www.europesays.com\/fr\/wp-json\/wp\/v2\/tags?post=647385"}],"curies":[{"name":"wp","href":"https:\/\/api.w.org\/{rel}","templated":true}]}}