{"id":647393,"date":"2026-01-07T15:52:12","date_gmt":"2026-01-07T15:52:12","guid":{"rendered":"https:\/\/www.europesays.com\/fr\/647393\/"},"modified":"2026-01-07T15:52:12","modified_gmt":"2026-01-07T15:52:12","slug":"colere-des-agriculteurs-un-agriculteur-tarnais-interpelle-et-place-en-garde-a-vue-en-marge-de-la-manifestation-toulousaine","status":"publish","type":"post","link":"https:\/\/www.europesays.com\/fr\/647393\/","title":{"rendered":"Col\u00e8re des agriculteurs\u00a0: un agriculteur tarnais interpell\u00e9 et plac\u00e9 en garde \u00e0 vue en marge de la manifestation toulousaine"},"content":{"rendered":"<p>\n                                                                    l&rsquo;essentiel<br \/>\n                                                                Au moins un Tarnais figure parmi la douzaine d\u2019agriculteurs plac\u00e9s en garde \u00e0 vue ce mercredi en marge des rassemblements \u00e0 Toulouse contre l\u2019abattage total des troupeaux touch\u00e9s par la dermatose nodulaire. Les d\u00e9tails.\n                            <\/p>\n<p>Depuis ce mercredi matin, ils sont pass\u00e9s \u00e0 l\u2019action. Des dizaines d\u2019agriculteurs venus de tous les d\u00e9partements de l\u2019ex-Midi-Pyr\u00e9n\u00e9es ont converg\u00e9 vers Toulouse pour protester contre l\u2019abattage total des troupeaux, une mesure encore d\u2019actualit\u00e9 en cas de d\u00e9tection d\u2019un cas de dermatose nodulaire dans un cheptel bovin.<\/p>\n<p class=\"std-elt__inline\">\n        <strong>\u00c0 lire aussi :<\/strong><br \/>\n        <a href=\"https:\/\/www.ladepeche.fr\/2026\/01\/07\/direct-colere-des-agriculteurs-routes-bloquees-manifestations-suivez-en-live-la-mobilisation-paysanne-13147712.php\" target=\"_blank\" rel=\"noopener\">DIRECT. Col\u00e8re des agriculteurs\u00a0: une vingtaine d\u2019interpellations \u00e0 Toulouse et 12 personnes en garde \u00e0 vue\u2026 suivez en live la mobilisation paysanne<\/a>\n    <\/p>\n<p>Dans le lot figurent \u00e9videmment des agriculteurs venus du Tarn. Si certains ont pr\u00e9f\u00e9r\u00e9 braver la neige pour monter \u00e0 Paris en vue du grand rassemblement de ce jeudi, les autres se sont donc rendus \u00e0 Toulouse t\u00f4t ce matin. Parmi ceux qui ont tent\u00e9 de passer entre les mailles du filet (la circulation des tracteurs sur les grands axes avait \u00e9t\u00e9 interdite), certains ont \u00e9t\u00e9 interpell\u00e9s par les forces de l\u2019ordre. Au total, 12 gardes \u00e0 vue sont en cours pour \u00ab\u00a0entrave\u00a0\u00bb. Une situation que les Jeunes agriculteurs ont d\u00e9nonc\u00e9e dans un communiqu\u00e9. \u00ab\u00a0Cette situation est inacceptable et illustre une d\u00e9rive grave dans la gestion de ce mouvement agricole.\u00a0\u00bb<\/p>\n<p>        <img decoding=\"async\" class=\"std-img__img responsive-img\" src=\"https:\/\/www.europesays.com\/fr\/wp-content\/uploads\/2026\/01\/1767801132_666_image.jpg\" alt=\"Au moins un Tarnais figure parmi les agriculteurs interpell\u00e9s ce mercredi \u00e0 Toulouse.\"\/><\/p>\n<p>                Au moins un Tarnais figure parmi les agriculteurs interpell\u00e9s ce mercredi \u00e0 Toulouse.<br \/>\n                                    DDM &#8211; Samuel Cad\u00e8ne<\/p>\n<p>Un \u00e9lu tarnais concern\u00e9<\/p>\n<p>Roger Menchon, copr\u00e9sident de la Coordination rurale du Tarn, confirme \u00e0 La D\u00e9p\u00eache qu\u2019au moins un Tarnais \u2013 peut-\u00eatre deux \u2013 manque \u00e0 l\u2019appel. \u00ab\u00a0Je sais que Laurent Darquier, un agriculteur de 48 ans qui est \u00e9lu au conseil municipal de Viviers-l\u00e8s-Lavaur, a \u00e9t\u00e9 interpell\u00e9 t\u00f4t dans la matin\u00e9e parce qu\u2019il se rendait \u00e0 la manifestation. Il a \u00e9t\u00e9 conduit au commissariat de l\u2019Embouchure \u00e0 Toulouse. Nous sommes sans nouvelles de lui depuis ce matin. Je crois m\u00eame qu\u2019un second agriculteur est dans le m\u00eame cas que lui.\u00a0\u00bb<\/p>\n","protected":false},"excerpt":{"rendered":"l&rsquo;essentiel Au moins un Tarnais figure parmi la douzaine d\u2019agriculteurs plac\u00e9s en garde \u00e0 vue ce mercredi en&hellip;\n","protected":false},"author":2,"featured_media":647394,"comment_status":"","ping_status":"","sticky":false,"template":"","format":"standard","meta":{"footnotes":""},"categories":[2816],"tags":[1111,11,327,70814,33,1777,674,1011,27,12,2680,25,8412,2312,75280],"class_list":{"0":"post-647393","1":"post","2":"type-post","3":"status-publish","4":"format-standard","5":"has-post-thumbnail","7":"category-toulouse","8":"tag-actu","9":"tag-actualites","10":"tag-agriculture","11":"tag-dermatose-nodulaire","12":"tag-economie","13":"tag-eu","14":"tag-europe","15":"tag-fr","16":"tag-france","17":"tag-news","18":"tag-occitanie","19":"tag-republique-francaise","20":"tag-tarn","21":"tag-toulouse","22":"tag-viviersleslavaur"},"share_on_mastodon":{"url":"https:\/\/pubeurope.com\/@fr\/115854622279167913","error":""},"_links":{"self":[{"href":"https:\/\/www.europesays.com\/fr\/wp-json\/wp\/v2\/posts\/647393","targetHints":{"allow":["GET"]}}],"collection":[{"href":"https:\/\/www.europesays.com\/fr\/wp-json\/wp\/v2\/posts"}],"about":[{"href":"https:\/\/www.europesays.com\/fr\/wp-json\/wp\/v2\/types\/post"}],"author":[{"embeddable":true,"href":"https:\/\/www.europesays.com\/fr\/wp-json\/wp\/v2\/users\/2"}],"replies":[{"embeddable":true,"href":"https:\/\/www.europesays.com\/fr\/wp-json\/wp\/v2\/comments?post=647393"}],"version-history":[{"count":0,"href":"https:\/\/www.europesays.com\/fr\/wp-json\/wp\/v2\/posts\/647393\/revisions"}],"wp:featuredmedia":[{"embeddable":true,"href":"https:\/\/www.europesays.com\/fr\/wp-json\/wp\/v2\/media\/647394"}],"wp:attachment":[{"href":"https:\/\/www.europesays.com\/fr\/wp-json\/wp\/v2\/media?parent=647393"}],"wp:term":[{"taxonomy":"category","embeddable":true,"href":"https:\/\/www.europesays.com\/fr\/wp-json\/wp\/v2\/categories?post=647393"},{"taxonomy":"post_tag","embeddable":true,"href":"https:\/\/www.europesays.com\/fr\/wp-json\/wp\/v2\/tags?post=647393"}],"curies":[{"name":"wp","href":"https:\/\/api.w.org\/{rel}","templated":true}]}}