{"id":647399,"date":"2026-01-07T15:56:12","date_gmt":"2026-01-07T15:56:12","guid":{"rendered":"https:\/\/www.europesays.com\/fr\/647399\/"},"modified":"2026-01-07T15:56:12","modified_gmt":"2026-01-07T15:56:12","slug":"a-luspeg-marseille-on-forme-des-hommes-avant-de-former-des-footballeurs","status":"publish","type":"post","link":"https:\/\/www.europesays.com\/fr\/647399\/","title":{"rendered":"\u00c0 l&rsquo;USPEG Marseille, on forme des hommes avant de former des footballeurs"},"content":{"rendered":"<p>Avec ses 440 licenci\u00e9s et ses 80 \u00e9ducateurs tous b\u00e9n\u00e9voles, l\u2019USPEG (Union des Sportifs des \u00c9lectriciens et Gaziers) est une institution du football marseillais. Bas\u00e9 dans le 10e arrondissement, le club cultive une philosophie unique : privil\u00e9gier le r\u00f4le social et \u00e9ducatif. Un cocktail gagnant qui m\u00e8ne aujourd&rsquo;hui ses U18 vers un choc historique en Coupe Gambardella ce dimanche.<\/p>\n<p class=\"ng-star-inserted\">Dans la galaxie des clubs de football \u00e0 Marseille, <a href=\"https:\/\/www.uspeg.com\/\" target=\"_blank\" rel=\"noopener\">l\u2019USPEG<\/a> occupe une place \u00e0 part. Ici, on ne parle pas de \u00ab\u00a0coaches\u00a0\u00bb, mais d'\u00a0\u00bb\u00e9ducateurs\u00a0\u00bb. Un choix s\u00e9mantique qui refl\u00e8te l&rsquo;ADN du club : \u00ab Notre r\u00f4le social est tr\u00e8s important. Avant d&rsquo;en faire des footballeurs, il faut en faire des hommes et des bons gar\u00e7ons \u00bb, mart\u00e8le Bedik, figure du club, au micro de Manuel Danloy.<\/p>\n<p class=\"ng-star-inserted\">\u00a0<\/p>\n<p>Un mod\u00e8le 100% b\u00e9n\u00e9vole unique \u00e0 Marseille<\/p>\n<p class=\"ng-star-inserted\">Alors que de nombreux clubs se professionnalisent, l&rsquo;USPEG reste l&rsquo;un des rares bastions marseillais \u00e0 fonctionner exclusivement avec des b\u00e9n\u00e9voles. De l&rsquo;administration au terrain, ce sont pr\u00e8s de 80 passionn\u00e9s qui font vivre les\u00a0<strong class=\"ng-star-inserted\">26 \u00e9quipes<\/strong>\u00a0du club.<\/p>\n<p class=\"ng-star-inserted\">Cette \u00ab\u00a0grande famille\u00a0\u00bb attire des joueurs de tous les horizons : quartiers Nord, centre-ville, et m\u00eame des communes environnantes.\u00a0\u00ab Quand on atteint un certain niveau r\u00e9gional, on attire forc\u00e9ment de partout \u00bb, explique Bedik. Mais ce succ\u00e8s se heurte \u00e0 une r\u00e9alit\u00e9 marseillaise bien connue : le manque d&rsquo;infrastructures. Avec une dizaine de clubs dans le seul 10e arrondissement, la bataille pour les cr\u00e9neaux de stades est quotidienne.<\/p>\n<p class=\"ng-star-inserted\">\u00a0<\/p>\n<p>Coupe Gambardella : l\u2019exploit au bout des crampons ?<\/p>\n<p class=\"ng-star-inserted\">Malgr\u00e9 ces contraintes, l\u2019excellence sportive est au rendez-vous. Ce week-end, tous les regards seront tourn\u00e9s vers la cat\u00e9gorie\u00a0<strong class=\"ng-star-inserted\">U18<\/strong>. Les jeunes de l&rsquo;USPEG s&rsquo;appr\u00eatent \u00e0 disputer un match de gala en\u00a0<strong class=\"ng-star-inserted\">Coupe Gambardella<\/strong>\u00a0(la Coupe de France des jeunes) face au ROVE, une \u00e9quipe \u00e9voluant au niveau National.<\/p>\n<p class=\"ng-star-inserted\">\u00ab C&rsquo;est une belle f\u00eate avant tout, mais si on peut gagner le match, on ne va pas s&rsquo;en priver ! \u00bb, sourit Bedik. Le club appelle tous ses supporters et les amoureux du foot marseillais \u00e0 venir pousser les minots vers l&rsquo;exploit.<\/p>\n<p class=\"ng-star-inserted\">\u00a0<\/p>\n<p class=\"ng-star-inserted\"><strong class=\"ng-star-inserted\">Infos pratiques pour le match :<\/strong><\/p>\n<ul class=\"ng-star-inserted\">\n<li class=\"ng-star-inserted\">\n<p class=\"ng-star-inserted\"><strong class=\"ng-star-inserted\">Affiche :<\/strong>\u00a0USPEG Marseille vs Le Rove (Coupe Gambardella)<\/p>\n<\/li>\n<li class=\"ng-star-inserted\">\n<p class=\"ng-star-inserted\"><strong class=\"ng-star-inserted\">Date :<\/strong>\u00a0Dimanche \u00e0 14h30<\/p>\n<\/li>\n<li class=\"ng-star-inserted\">\n<p class=\"ng-star-inserted\"><strong class=\"ng-star-inserted\">Lieu :<\/strong> Stade Ledeuc (Marseille 10e), situ\u00e9 derri\u00e8re le Castorama de Saint-Loup.<\/p>\n<\/li>\n<\/ul>\n","protected":false},"excerpt":{"rendered":"Avec ses 440 licenci\u00e9s et ses 80 \u00e9ducateurs tous b\u00e9n\u00e9voles, l\u2019USPEG (Union des Sportifs des \u00c9lectriciens et Gaziers)&hellip;\n","protected":false},"author":2,"featured_media":647400,"comment_status":"","ping_status":"","sticky":false,"template":"","format":"standard","meta":{"footnotes":""},"categories":[2814],"tags":[1111,11,1777,674,63,1011,27,884,12,882,25],"class_list":{"0":"post-647399","1":"post","2":"type-post","3":"status-publish","4":"format-standard","5":"has-post-thumbnail","7":"category-marseille","8":"tag-actu","9":"tag-actualites","10":"tag-eu","11":"tag-europe","12":"tag-football","13":"tag-fr","14":"tag-france","15":"tag-marseille","16":"tag-news","17":"tag-provence-alpes-cote-dazur","18":"tag-republique-francaise"},"share_on_mastodon":{"url":"","error":""},"_links":{"self":[{"href":"https:\/\/www.europesays.com\/fr\/wp-json\/wp\/v2\/posts\/647399","targetHints":{"allow":["GET"]}}],"collection":[{"href":"https:\/\/www.europesays.com\/fr\/wp-json\/wp\/v2\/posts"}],"about":[{"href":"https:\/\/www.europesays.com\/fr\/wp-json\/wp\/v2\/types\/post"}],"author":[{"embeddable":true,"href":"https:\/\/www.europesays.com\/fr\/wp-json\/wp\/v2\/users\/2"}],"replies":[{"embeddable":true,"href":"https:\/\/www.europesays.com\/fr\/wp-json\/wp\/v2\/comments?post=647399"}],"version-history":[{"count":0,"href":"https:\/\/www.europesays.com\/fr\/wp-json\/wp\/v2\/posts\/647399\/revisions"}],"wp:featuredmedia":[{"embeddable":true,"href":"https:\/\/www.europesays.com\/fr\/wp-json\/wp\/v2\/media\/647400"}],"wp:attachment":[{"href":"https:\/\/www.europesays.com\/fr\/wp-json\/wp\/v2\/media?parent=647399"}],"wp:term":[{"taxonomy":"category","embeddable":true,"href":"https:\/\/www.europesays.com\/fr\/wp-json\/wp\/v2\/categories?post=647399"},{"taxonomy":"post_tag","embeddable":true,"href":"https:\/\/www.europesays.com\/fr\/wp-json\/wp\/v2\/tags?post=647399"}],"curies":[{"name":"wp","href":"https:\/\/api.w.org\/{rel}","templated":true}]}}