{"id":647403,"date":"2026-01-07T15:58:16","date_gmt":"2026-01-07T15:58:16","guid":{"rendered":"https:\/\/www.europesays.com\/fr\/647403\/"},"modified":"2026-01-07T15:58:16","modified_gmt":"2026-01-07T15:58:16","slug":"lyon-ces-travaux-dans-le-quartier-de-la-part-dieu-franchissent-un-cap-ce-qui-change","status":"publish","type":"post","link":"https:\/\/www.europesays.com\/fr\/647403\/","title":{"rendered":"Lyon. Ces travaux dans le quartier de la Part-Dieu franchissent un cap : ce qui change"},"content":{"rendered":"<p>                    Par<br \/>\n        <strong><br \/>\n            <a href=\"https:\/\/actu.fr\/auteur\/julien-sournies\" title=\"Consulter tous les articles de Julien Sournies\" target=\"_blank\" rel=\"noopener\">Julien Sournies<\/a><br \/>\n                    <\/strong><\/p>\n<p>        Publi\u00e9 le<\/p>\n<p>            7 janv. 2026 \u00e0 15h29        <\/p>\n<p>Le quartier tr\u00e8s urbanis\u00e9 de la <a href=\"https:\/\/actu.fr\/tag\/lyon-part-dieu\" target=\"_blank\" rel=\"noopener\">Part-Dieu<\/a>, \u00e0 <a href=\"https:\/\/actu.fr\/lyon\/\" target=\"_blank\" rel=\"noopener\">Lyon<\/a>, poursuit son \u00e9volution. Dans la continuit\u00e9 de la place B\u00e9raudier, inaugur\u00e9e au printemps dernier, les <a href=\"https:\/\/actu.fr\/auvergne-rhone-alpes\/lyon_69123\/lyon-bientot-un-bois-au-coeur-de-la-part-dieu-les-images-du-projet-devoilees_61067293.html\" target=\"_blank\" rel=\"noopener\">travaux du projet de \u00ab\u2009Bois de la Part-Dieu\u2009\u00bb<\/a>, dont le co\u00fbt s\u2019\u00e9l\u00e8ve \u00e0 quelque<strong> 2,7\u00a0millions d\u2019euros<\/strong>, viennent de franchir un cap en ce tout d\u00e9but d\u2019ann\u00e9e 2026. Exit la circulation automobile\u2009: la partie Est de la rue Bouchut est d\u00e9sormais enti\u00e8rement r\u00e9serv\u00e9e aux pi\u00e9tons et cyclistes, lesquels peuvent maintenant se croiser en \u00ab\u2009toute s\u00e9curit\u00e9 et sans cr\u00e9er de conflit d\u2019usage\u2009\u00bb.<br \/>Devant la presse ce mardi 6\u00a0janvier, le maire de la ville de Lyon, <a href=\"https:\/\/actu.fr\/tag\/gregory-doucet\" target=\"_blank\" rel=\"noopener\">Gr\u00e9gory Doucet<\/a>, et le pr\u00e9sident de la M\u00e9tropole, Bruno Bernard, ont inaugur\u00e9 la premi\u00e8re \u00e9tape de ce nouvel am\u00e9nagement.<\/p>\n<p>\u00ab\u2009La ville se transforme pour le bien-\u00eatre de ses habitants et de ses usagers\u2009\u00bb<\/p>\n<p class=\" wall-content\">\u00ab\u2009Cela fait de moi un maire heureux. C\u2019\u00e9tait un r\u00eave pour les \u00e9lus, c\u2019est d\u00e9sormais une r\u00e9alit\u00e9. La ville se transforme pour le bien-\u00eatre de ses habitants et de ses usagers. En venant ici, je n\u2019ai jamais vu de gens ne pas s\u2019\u00e9merveiller devant cet espace de nature au c\u0153ur de la Part-Dieu\u2009\u00bb, s\u2019est d\u2019abord f\u00e9licit\u00e9 le maire \u00e9cologiste, candidat \u00e0 sa r\u00e9\u00e9lection en mars prochain.<\/p>\n<p class=\" wall-content\">Dans le cadre d\u2019une \u00ab\u2009r\u00e9volution paysag\u00e8re\u2009\u00bb, cette premi\u00e8re phase, qui s\u2019est<a href=\"https:\/\/actu.fr\/auvergne-rhone-alpes\/lyon_69123\/lyon-le-chantier-de-la-grande-foret-urbaine-de-part-dieu-lance-voici-ce-qui-est-prevu_62357933.html\" target=\"_blank\" rel=\"noopener\"> amorc\u00e9e en mars\u00a02025<\/a>, a notamment permis la plantation de <strong>73 arbres<\/strong>, 2\u2009400 arbustes, 700 jeunes plants, sept plantes grimpantes ou encore 16\u2009000 plantes vivaces.<\/p>\n<p>    <img   decoding=\"async\" loading=\"lazy\" src=\"https:\/\/www.europesays.com\/fr\/wp-content\/uploads\/2026\/01\/bois-part-dieu-3-960x640.jpeg\" alt=\"gdh,\" width=\"960\" height=\"640\"\/><br \/>\n    Le \u00ab\u2009Bois de la Part-Dieu\u2009\u00bb se situe dans la continuit\u00e9 de la place B\u00e9raudier. (\u00a9Julien Sournies\/actu Lyon)<\/p>\n<p class=\" wall-content\">Compos\u00e9 de \u00ab\u2009trois strates v\u00e9g\u00e9tales\u2009\u00bb (arbres, arbustes et herbac\u00e9es), le bois est ainsi con\u00e7u comme un \u00ab\u2009\u00eelot de fra\u00eecheur \u00e0 la fois gr\u00e2ce \u00e0 la densit\u00e9 de la canop\u00e9e et au r\u00f4le de climatiseur jou\u00e9 par les strates moyennes et basses\u2009\u00bb, indiquent les am\u00e9nageurs du projet.<\/p>\n<p>De nombreux am\u00e9nagements pour une meilleure gestion des flux<\/p>\n<p class=\" wall-content\">Outre la volont\u00e9 d\u2019insuffler une \u00ab\u2009dynamique foresti\u00e8re\u2009\u00bb \u00e0 un nouvel am\u00e9nagement, qui \u00ab\u2009offre d\u00e9j\u00e0 du calme\u2009\u00bb, selon les mots du premier \u00e9dile, la<strong> gestion des flux<\/strong> est \u00e9galement au c\u0153ur de ce projet.<\/p>\n<blockquote class=\"ac-article-quote wall-content\">\n<p>Ainsi, le bois de la Part-Dieu est con\u00e7u de mani\u00e8re \u00e0 accueillir, de mani\u00e8re s\u00e9par\u00e9e et s\u00e9curis\u00e9e, les flux de pi\u00e9tons et cyclistes, tout en int\u00e9grant une part maximale de v\u00e9g\u00e9talisation.<\/p>\n<p>    <strong>M\u00e9tropole de Lyon<\/strong>\n            <\/p><\/blockquote>\n<p>Votre r\u00e9gion, votre actu !<\/p>\n<p>Recevez chaque jour les infos qui comptent pour vous.<\/p>\n<p>\t<a href=\"https:\/\/actu.fr\/newsletter\" class=\"ac-btn ac-btn--corner ac-btn--medium ac-btn--blue800\" target=\"_blank\" rel=\"noopener\">S&rsquo;incrire<\/a><\/p>\n<p>    <img   decoding=\"async\" loading=\"lazy\" src=\"https:\/\/www.europesays.com\/fr\/wp-content\/uploads\/2026\/01\/bois-part-dieu-2-960x640.jpeg\" alt=\"fg,j\" width=\"960\" height=\"640\"\/><br \/>\n    Des bancs et des fontaines ont \u00e9t\u00e9 install\u00e9s. (\u00a9Julien Sournies\/actu Lyon)<\/p>\n<p class=\" wall-content\">Pour permettre un meilleur cheminement dans un secteur particuli\u00e8rement fr\u00e9quent\u00e9, \u00e0 la crois\u00e9e de la gare Part-Dieu, du centre commercial Westfield ou encore de la biblioth\u00e8que municipale, une<strong> piste cyclable<\/strong> a vu le jour. Une station V\u00e9lo\u2019v comprenant 40 emplacements et 42 arceaux v\u00e9los ont par ailleurs \u00e9t\u00e9 install\u00e9s, au m\u00eame titre que des bancs, des fontaines ou encore des sanitaires.<\/p>\n<p>Encore une phase<\/p>\n<p class=\" wall-content\">Pour le pr\u00e9sident de la M\u00e9tropole lyonnaise, \u00ab\u2009quand on voit le r\u00e9sultat de ces travaux, on voit d\u00e9j\u00e0 que c\u2019est une grande r\u00e9ussite. Cela participe vraiment \u00e0 renforcer l\u2019attractivit\u00e9 du quartier\u2009\u00bb.<\/p>\n<p class=\" wall-content\">Signalons toutefois que le projet n\u2019en est qu\u2019\u00e0<strong> mi-parcours<\/strong>. La seconde phase doit en effet \u00eatre d\u00e9clench\u00e9e apr\u00e8s 2026, avec l\u2019am\u00e9nagement de la partie nord du terrain de France T\u00e9l\u00e9visions sur une partie du terrain arbor\u00e9.<\/p>\n<p class=\" wall-content\">Pour m\u00e9moire, ce bois urbain abritera pas moins de<strong> 140 arbres<\/strong> et occupera une surface de 1,2 hectare \u00e0 terme. Pour le maire Gr\u00e9gory Doucet, cet am\u00e9nagement, \u00e0 l\u2019image de ceux d\u00e9j\u00e0 achev\u00e9s ou toujours en cours dans la ville, en \u00ab\u00a0dit long sur ce que la ville est en train de devenir\u00a0\u00bb.<\/p>\n<p class=\" wall-content\">Personnalisez votre actualit\u00e9 en ajoutant vos villes et m\u00e9dias en favori avec <a href=\"https:\/\/moncompte.actu.fr\" title=\"D\u00e9couvez Mon Actu\" rel=\"nofollow noopener\" data-trk=\"{&quot;cta&quot;:{&quot;action&quot;:&quot;https:\\\/\\\/moncompte.actu.fr&quot;,&quot;category&quot;:&quot;mon compte&quot;,&quot;from&quot;:&quot;article footer&quot;,&quot;name&quot;:&quot;Mon actu&quot;,&quot;type&quot;:&quot;cta&quot;}}\" target=\"_blank\">Mon Actu<\/a>.<\/p>\n","protected":false},"excerpt":{"rendered":"Par Julien Sournies Publi\u00e9 le 7 janv. 2026 \u00e0 15h29 Le quartier tr\u00e8s urbanis\u00e9 de la Part-Dieu, \u00e0&hellip;\n","protected":false},"author":2,"featured_media":647404,"comment_status":"","ping_status":"","sticky":false,"template":"","format":"standard","meta":{"footnotes":""},"categories":[1889],"tags":[1111,11,2430,1777,674,1011,27,2428,6178,12,25,104,2086],"class_list":{"0":"post-647403","1":"post","2":"type-post","3":"status-publish","4":"format-standard","5":"has-post-thumbnail","7":"category-lyon","8":"tag-actu","9":"tag-actualites","10":"tag-auvergne-rhone-alpes","11":"tag-eu","12":"tag-europe","13":"tag-fr","14":"tag-france","15":"tag-lyon","16":"tag-lyon-part-dieu","17":"tag-news","18":"tag-republique-francaise","19":"tag-societe","20":"tag-travaux"},"share_on_mastodon":{"url":"https:\/\/pubeurope.com\/@fr\/115854645936930112","error":""},"_links":{"self":[{"href":"https:\/\/www.europesays.com\/fr\/wp-json\/wp\/v2\/posts\/647403","targetHints":{"allow":["GET"]}}],"collection":[{"href":"https:\/\/www.europesays.com\/fr\/wp-json\/wp\/v2\/posts"}],"about":[{"href":"https:\/\/www.europesays.com\/fr\/wp-json\/wp\/v2\/types\/post"}],"author":[{"embeddable":true,"href":"https:\/\/www.europesays.com\/fr\/wp-json\/wp\/v2\/users\/2"}],"replies":[{"embeddable":true,"href":"https:\/\/www.europesays.com\/fr\/wp-json\/wp\/v2\/comments?post=647403"}],"version-history":[{"count":0,"href":"https:\/\/www.europesays.com\/fr\/wp-json\/wp\/v2\/posts\/647403\/revisions"}],"wp:featuredmedia":[{"embeddable":true,"href":"https:\/\/www.europesays.com\/fr\/wp-json\/wp\/v2\/media\/647404"}],"wp:attachment":[{"href":"https:\/\/www.europesays.com\/fr\/wp-json\/wp\/v2\/media?parent=647403"}],"wp:term":[{"taxonomy":"category","embeddable":true,"href":"https:\/\/www.europesays.com\/fr\/wp-json\/wp\/v2\/categories?post=647403"},{"taxonomy":"post_tag","embeddable":true,"href":"https:\/\/www.europesays.com\/fr\/wp-json\/wp\/v2\/tags?post=647403"}],"curies":[{"name":"wp","href":"https:\/\/api.w.org\/{rel}","templated":true}]}}