{"id":647407,"date":"2026-01-07T16:01:09","date_gmt":"2026-01-07T16:01:09","guid":{"rendered":"https:\/\/www.europesays.com\/fr\/647407\/"},"modified":"2026-01-07T16:01:09","modified_gmt":"2026-01-07T16:01:09","slug":"surpris-par-la-meteo-un-avion-easyjet-nice-paris-deroute-a-lyon-les-passagers-confus","status":"publish","type":"post","link":"https:\/\/www.europesays.com\/fr\/647407\/","title":{"rendered":"Surpris par la m\u00e9t\u00e9o, un avion easyJet Nice-Paris d\u00e9rout\u00e9 \u00e0 Lyon : les passagers confus"},"content":{"rendered":"<p>                    Par<br \/>\n        <strong><br \/>\n            <a href=\"https:\/\/actu.fr\/auteur\/anthony-soudani\" title=\"Consulter tous les articles de Anthony Soudani\" target=\"_blank\" rel=\"noopener\">Anthony Soudani<\/a><br \/>\n                    <\/strong><\/p>\n<p>        Publi\u00e9 le<\/p>\n<p>            7 janv. 2026 \u00e0 16h45        <\/p>\n<p>Les gal\u00e8res s\u2019encha\u00eenent dans le ciel fran\u00e7ais alors que la m\u00e9t\u00e9o est tr\u00e8s difficile par endroit. <strong>L\u2019a\u00e9roport de Paris-Orly<\/strong> a \u00e9t\u00e9 touch\u00e9 par une <a href=\"https:\/\/actu.fr\/ile-de-france\/paris_75056\/direct-meteo-alerte-neige-et-verglas-a-paris-et-en-ile-de-france-les-perturbations-en-cours-ce-mercredi_63660243.html\" target=\"_blank\" rel=\"noopener\">nouvelle offensive neigeuse ce mercredi matin<\/a>, rendant le trafic a\u00e9rien compliqu\u00e9. Un vol easyJet ayant d\u00e9coll\u00e9 \u00e0 8h55 de Nice a \u00e9t\u00e9 d\u00e9rout\u00e9 \u00e0 <a href=\"https:\/\/actu.fr\/lyon\/\" target=\"_blank\" rel=\"noopener\">Lyon<\/a>.\u00a0<\/p>\n<p>Les passagers du vol Nice-Paris confus \u00e0 Lyon<\/p>\n<p class=\" wall-content\">Le pilote de l\u2019appareil a fait demi-tour pour atterrir \u00e0 l\u2019a\u00e9roport de Saint-Exup\u00e9ry. L\u2019avion est longtemps rest\u00e9 clou\u00e9 au sol, les passagers \u00e9tant confus.<\/p>\n<p class=\" wall-content\">\u00ab Tr\u00e8s honn\u00eatement pour l\u2019instant on ne va pas dire que \u00e7a ne va pas, mais on se demande juste pourquoi on nous a fait d\u00e9coller de Nice ! \u00bb, confie Alexandre Baena, un passager de 49 ans, aupr\u00e8s de nos confr\u00e8res de <a href=\"https:\/\/www.nicematin.com\/meteo\/les-passagers-d-un-nice-paris-deroutes-sur-lyon-en-raison-de-la-neige-10663589?utm_content=link&amp;utm_term=Page.NiceMatin&amp;utm_campaign=facebook&amp;utm_source=nonli&amp;utm_medium=Social%20media\" target=\"_blank\" rel=\"noopener\">Nice Matin<\/a>.<\/p>\n<p class=\" wall-content\">Selon le site sp\u00e9cialis\u00e9 Flightradar, l\u2019avion easyJet a finalement <strong>red\u00e9coll\u00e9 de Lyon vers 12h50<\/strong>. Si l\u2019appareil a fini par atterrir \u00e0 Orly aux alentours de 14h, cela n\u2019a pas \u00e9t\u00e9 sans difficult\u00e9. \u00c0 en croire le trac\u00e9 de son vol, il a fait au moins deux tours dans le ciel avant de pouvoir se poser au sol, certainement en attendant le feu vert de la tour de contr\u00f4le.<\/p>\n<p>D\u2019autres vols d\u00e9rout\u00e9s \u00e0 Lyon<\/p>\n<p class=\" wall-content\"><a href=\"https:\/\/actu.fr\/auvergne-rhone-alpes\/lyon_69123\/neige-situation-chaotique-a-paris-orly-plusieurs-vols-deroutes-en-urgence-a-lyon_63664000.html\" target=\"_blank\" rel=\"noopener\">Plusieurs autres vols ont \u00e9t\u00e9 d\u00e9rout\u00e9s<\/a> en urgence vers l\u2019a\u00e9roport de Lyon Saint-Exup\u00e9ry. Un vol Wizz Air Djerba-Paris qui aurait d\u00fb atterrir \u00e0 14h05 a \u00e9t\u00e9 d\u00e9rout\u00e9 vers l\u2019a\u00e9roport lyonnais.<\/p>\n<p class=\" wall-content\">M\u00eame chose pour un vol de la compagnie Transavia entre Troms\u00f8 et Paris. Le vol de 16h15 de TAP Air Portugal entre les a\u00e9roports de Bon et Orly est aussi d\u00e9rout\u00e9 en urgence vers Saint-Exup\u00e9ry.\u00a0<\/p>\n<p>Votre r\u00e9gion, votre actu !<\/p>\n<p>Recevez chaque jour les infos qui comptent pour vous.<\/p>\n<p>\t<a href=\"https:\/\/actu.fr\/newsletter\" class=\"ac-btn ac-btn--corner ac-btn--medium ac-btn--blue800\" target=\"_blank\" rel=\"noopener\">S&rsquo;incrire<\/a><\/p>\n<p class=\" wall-content\"><strong>easyJet doit \u00e9galement d\u00e9router trois vols<\/strong> : l\u2019un partant de Dublin, le second de Casablanca et le troisi\u00e8me de Barcelone, qui ne pourront pas atterrir sur les pistes blanchies d\u2019Orly mais celles de Lyon. Le vol de 16h20 de Vueling partant de Madrid va finalement arriver \u00e0 Lyon au lieu de Paris-Orly.<\/p>\n<p class=\" wall-content\">Personnalisez votre actualit\u00e9 en ajoutant vos villes et m\u00e9dias en favori avec <a href=\"https:\/\/moncompte.actu.fr\" title=\"D\u00e9couvez Mon Actu\" rel=\"nofollow noopener\" data-trk=\"{&quot;cta&quot;:{&quot;action&quot;:&quot;https:\\\/\\\/moncompte.actu.fr&quot;,&quot;category&quot;:&quot;mon compte&quot;,&quot;from&quot;:&quot;article footer&quot;,&quot;name&quot;:&quot;Mon actu&quot;,&quot;type&quot;:&quot;cta&quot;}}\" target=\"_blank\">Mon Actu<\/a>.<\/p>\n","protected":false},"excerpt":{"rendered":"Par Anthony Soudani Publi\u00e9 le 7 janv. 2026 \u00e0 16h45 Les gal\u00e8res s\u2019encha\u00eenent dans le ciel fran\u00e7ais alors&hellip;\n","protected":false},"author":2,"featured_media":464946,"comment_status":"","ping_status":"","sticky":false,"template":"","format":"standard","meta":{"footnotes":""},"categories":[1888],"tags":[1111,1928,11,1927,659,12526,1777,674,1011,27,2487,10584,12,1926,626,1925,25],"class_list":{"0":"post-647407","1":"post","2":"type-post","3":"status-publish","4":"format-standard","5":"has-post-thumbnail","7":"category-paris","8":"tag-actu","9":"tag-actu-paris","10":"tag-actualites","11":"tag-actualites-paris","12":"tag-aeroport-dorly","13":"tag-aeroport-lyon-saint-exupery","14":"tag-eu","15":"tag-europe","16":"tag-fr","17":"tag-france","18":"tag-meteo","19":"tag-neige","20":"tag-news","21":"tag-news-paris","22":"tag-paris","23":"tag-paris-news","24":"tag-republique-francaise"},"share_on_mastodon":{"url":"https:\/\/pubeurope.com\/@fr\/115854657830109199","error":""},"_links":{"self":[{"href":"https:\/\/www.europesays.com\/fr\/wp-json\/wp\/v2\/posts\/647407","targetHints":{"allow":["GET"]}}],"collection":[{"href":"https:\/\/www.europesays.com\/fr\/wp-json\/wp\/v2\/posts"}],"about":[{"href":"https:\/\/www.europesays.com\/fr\/wp-json\/wp\/v2\/types\/post"}],"author":[{"embeddable":true,"href":"https:\/\/www.europesays.com\/fr\/wp-json\/wp\/v2\/users\/2"}],"replies":[{"embeddable":true,"href":"https:\/\/www.europesays.com\/fr\/wp-json\/wp\/v2\/comments?post=647407"}],"version-history":[{"count":0,"href":"https:\/\/www.europesays.com\/fr\/wp-json\/wp\/v2\/posts\/647407\/revisions"}],"wp:featuredmedia":[{"embeddable":true,"href":"https:\/\/www.europesays.com\/fr\/wp-json\/wp\/v2\/media\/464946"}],"wp:attachment":[{"href":"https:\/\/www.europesays.com\/fr\/wp-json\/wp\/v2\/media?parent=647407"}],"wp:term":[{"taxonomy":"category","embeddable":true,"href":"https:\/\/www.europesays.com\/fr\/wp-json\/wp\/v2\/categories?post=647407"},{"taxonomy":"post_tag","embeddable":true,"href":"https:\/\/www.europesays.com\/fr\/wp-json\/wp\/v2\/tags?post=647407"}],"curies":[{"name":"wp","href":"https:\/\/api.w.org\/{rel}","templated":true}]}}