{"id":647408,"date":"2026-01-07T16:02:15","date_gmt":"2026-01-07T16:02:15","guid":{"rendered":"https:\/\/www.europesays.com\/fr\/647408\/"},"modified":"2026-01-07T16:02:15","modified_gmt":"2026-01-07T16:02:15","slug":"paris-plus-de-200-000-euros-dobjets-voles-chez-un-influenceur-russo-ukrainien","status":"publish","type":"post","link":"https:\/\/www.europesays.com\/fr\/647408\/","title":{"rendered":"Paris : Plus de 200.000 euros d\u2019objets vol\u00e9s chez un influenceur russo-ukrainien"},"content":{"rendered":"<p class=\"mb-4 text-lg md:leading-8 break-words\"><strong>home-jacking &#8211; Une enqu\u00eate a \u00e9t\u00e9 ouverte apr\u00e8s un home-jacking \u00e0 l\u2019arme blanche dans la nuit de dimanche \u00e0 lundi<\/strong><\/p>\n<p class=\"mb-4 text-lg md:leading-8 break-words\">Dans la nuit de dimanche \u00e0 lundi, un <a href=\"https:\/\/www.20minutes.fr\/arts-stars\/web\/influenceur\/?at_medium=RSS%20feed&amp;at_campaign=ynews&amp;utm_source=yahoo&amp;utm_medium=rss&amp;utm_campaign=news_feed&amp;utm_content=in_article_link\" rel=\"nofollow noopener\" target=\"_blank\" data-ylk=\"slk:influenceur;elm:context_link;itc:0;sec:content-canvas\" class=\"link \">influenceur<\/a> russo-ukrainien a \u00e9t\u00e9 victime d\u2019un <a href=\"https:\/\/www.20minutes.fr\/dossier\/home_jacking?at_medium=RSS%20feed&amp;at_campaign=ynews&amp;utm_source=yahoo&amp;utm_medium=rss&amp;utm_campaign=news_feed&amp;utm_content=in_article_link\" rel=\"nofollow noopener\" target=\"_blank\" data-ylk=\"slk:home-jacking;elm:context_link;itc:0;sec:content-canvas\" class=\"link \">home-jacking<\/a> \u00e0 <a href=\"https:\/\/www.20minutes.fr\/paris\/?at_medium=RSS%20feed&amp;at_campaign=ynews&amp;utm_source=yahoo&amp;utm_medium=rss&amp;utm_campaign=news_feed&amp;utm_content=in_article_link\" rel=\"nofollow noopener\" target=\"_blank\" data-ylk=\"slk:Paris;elm:context_link;itc:0;sec:content-canvas\" class=\"link \">Paris<\/a>, selon les informations d\u2019<a href=\"https:\/\/actu.fr\/ile-de-france\/paris_75056\/paris-un-influenceur-russe-victime-d-un-violent-home-jacking-pour-un-butin-a-six-chiffres_63650847.html?at_medium=RSS%20feed&amp;at_campaign=ynews&amp;utm_source=yahoo&amp;utm_medium=rss&amp;utm_campaign=news_feed&amp;utm_content=in_article_link\" rel=\"nofollow noopener\" target=\"_blank\" data-ylk=\"slk:Actu Paris;elm:context_link;itc:0;sec:content-canvas\" class=\"link \">Actu Paris<\/a> confirm\u00e9es par <a href=\"https:\/\/www.leparisien.fr\/faits-divers\/lun-deux-tenait-un-couteau-contre-ma-gorge-a-paris-une-influenceuse-russo-urkrainienne-braquee-a-son-domicile-06-01-2026-MLMOO6MNGFDS7CYNIIKKPROEAQ.php?at_medium=RSS%20feed&amp;at_campaign=ynews&amp;utm_source=yahoo&amp;utm_medium=rss&amp;utm_campaign=news_feed&amp;utm_content=in_article_link\" rel=\"nofollow noopener\" target=\"_blank\" data-ylk=\"slk:Le Parisien;elm:context_link;itc:0;sec:content-canvas\" class=\"link \">Le Parisien<\/a>. Des personnes cagoul\u00e9es\u00a0auraient emport\u00e9 un butin estim\u00e9 \u00e0 plus de 200.000 euros.<\/p>\n<p class=\"mb-4 text-lg md:leading-8 break-words\">Les faits se sont d\u00e9roul\u00e9s aux environs de 4h30 du matin dans un appartement situ\u00e9 pr\u00e8s des\u00a0<a href=\"https:\/\/www.20minutes.fr\/paris\/champs-elysees\/?at_medium=RSS%20feed&amp;at_campaign=ynews&amp;utm_source=yahoo&amp;utm_medium=rss&amp;utm_campaign=news_feed&amp;utm_content=in_article_link\" rel=\"nofollow noopener\" target=\"_blank\" data-ylk=\"slk:Champs-\u00c9lys\u00e9es;elm:context_link;itc:0;sec:content-canvas\" class=\"link \">Champs-\u00c9lys\u00e9es<\/a>, dans le 8e\u00a0arrondissement. Deux individus, dont le visage \u00e9tait masqu\u00e9, auraient forc\u00e9 la porte du logement avec un tournevis avant de s\u2019y introduire, relate Le Parisien. \u00ab\u00a0L\u2019un d\u2019eux tenait un couteau contre ma gorge pendant que l\u2019autre emportait tout ce qu\u2019il y avait dans l\u2019appartement\u00a0\u00bb, a expliqu\u00e9\u00a0Igor Sinyak sur son compte Instagram, suivi par plus de 860.000 internautes.<\/p>\n<p>Un vol \u00ab\u00a0commis \u00e0 100\u00a0% sur indications\u00a0\u00bb<\/p>\n<p class=\"mb-4 text-lg md:leading-8 break-words\">Les malfaiteurs auraient vol\u00e9 25 sacs \u00e0 main de luxe, plusieurs bijoux, des montres haut de gamme et un <a href=\"https:\/\/www.20minutes.fr\/high-tech\/iphone\/?at_medium=RSS%20feed&amp;at_campaign=ynews&amp;utm_source=yahoo&amp;utm_medium=rss&amp;utm_campaign=news_feed&amp;utm_content=in_article_link\" rel=\"nofollow noopener\" target=\"_blank\" data-ylk=\"slk:iPhone;elm:context_link;itc:0;sec:content-canvas\" class=\"link \">iPhone<\/a>. Les policiers ont \u00e9t\u00e9 alert\u00e9s vers 5h20 et ont effectu\u00e9 les premi\u00e8res constatations. Dans leur fuite, les intrus ont laiss\u00e9 derri\u00e8re eux un\u00a0tournevis et une cagoule. Des bijoux ont \u00e9galement \u00e9t\u00e9 d\u00e9couverts sur un trottoir. Si deux individus sont entr\u00e9s dans l\u2019appartement, les forces de l\u2019ordre avancent qu\u2019un troisi\u00e8me complice les attendait dans une voiture.<\/p>\n<p class=\"mb-4 text-lg md:leading-8 break-words\">L\u2019influenceur, qui se filme r\u00e9guli\u00e8rement avec des objets de luxe, estime que \u00ab\u00a0le cambriolage a \u00e9t\u00e9 commis \u00e0 100\u00a0% sur indications, car les agresseurs savaient dans quelle pi\u00e8ce se trouvaient les sacs et les bijoux\u00a0\u00bb.\u00a0Une enqu\u00eate a \u00e9t\u00e9 ouvert(&#8230;)<\/p>\n<p class=\"mb-4 text-lg md:leading-8 break-words\"><a href=\"https:\/\/www.20minutes.fr\/societe\/4194834-20260107-plus-200-000-euros-objets-voles-chez-influenceur-russo-ukrainien-paris?at_medium=RSS%20feed&amp;at_campaign=ynews&amp;utm_source=yahoo&amp;utm_medium=rss&amp;utm_campaign=news_feed&amp;utm_content=read_more_link&quot;\" rel=\"nofollow noopener\" target=\"_blank\" data-ylk=\"slk:Lire la suite sur 20minutes;elm:context_link;itc:0;sec:content-canvas\" class=\"link \">Lire la suite sur 20minutes<\/a><\/p>\n<p>\u00c0 lire aussi :<br \/><a href=\"https:\/\/www.20minutes.fr\/faits_divers\/faits-divers-paris\/4183251-20251103-paris-bijouterie-svarowski-braquee-plus-200-000-euros-butin?at_medium=RSS%20feed&amp;at_campaign=ynews&amp;utm_source=yahoo&amp;utm_medium=rss&amp;utm_campaign=news_feed&amp;utm_content=related_content_link\" rel=\"nofollow noopener\" target=\"_blank\" data-ylk=\"slk:Paris\u00a0: Une bijouterie Svarowski braqu\u00e9e, plus de 200.000 euros de butin;elm:context_link;itc:0;sec:content-canvas\" class=\"link \">Paris\u00a0: Une bijouterie Svarowski braqu\u00e9e, plus de 200.000 euros de butin<\/a><br \/><a href=\"https:\/\/www.20minutes.fr\/monde\/angleterre\/4191104-20251211-angleterre-plus-600-objets-musee-voles-bristol-perte-considerable?at_medium=RSS%20feed&amp;at_campaign=ynews&amp;utm_source=yahoo&amp;utm_medium=rss&amp;utm_campaign=news_feed&amp;utm_content=related_content_link\" rel=\"nofollow noopener\" target=\"_blank\" data-ylk=\"slk:Royaume-Uni\u00a0: Plus de 600 objets d\u2019un mus\u00e9e vol\u00e9s \u00e0 Bristol, une \u00ab\u00a0perte consid\u00e9rable\u00a0\u00bb;elm:context_link;itc:0;sec:content-canvas\" class=\"link \">Royaume-Uni\u00a0: Plus de 600 objets d\u2019un mus\u00e9e vol\u00e9s \u00e0 Bristol, une \u00ab\u00a0perte consid\u00e9rable\u00a0\u00bb<\/a><\/p>\n","protected":false},"excerpt":{"rendered":"home-jacking &#8211; Une enqu\u00eate a \u00e9t\u00e9 ouverte apr\u00e8s un home-jacking \u00e0 l\u2019arme blanche dans la nuit de dimanche&hellip;\n","protected":false},"author":2,"featured_media":647409,"comment_status":"","ping_status":"","sticky":false,"template":"","format":"standard","meta":{"footnotes":""},"categories":[1888],"tags":[1111,1928,11,1927,1777,674,3160,1011,27,9816,36145,5553,12,1926,626,1925,25],"class_list":{"0":"post-647408","1":"post","2":"type-post","3":"status-publish","4":"format-standard","5":"has-post-thumbnail","7":"category-paris","8":"tag-actu","9":"tag-actu-paris","10":"tag-actualites","11":"tag-actualites-paris","12":"tag-eu","13":"tag-europe","14":"tag-forces-de-lordre","15":"tag-fr","16":"tag-france","17":"tag-home-jacking","18":"tag-larme-blanche","19":"tag-le-parisien","20":"tag-news","21":"tag-news-paris","22":"tag-paris","23":"tag-paris-news","24":"tag-republique-francaise"},"share_on_mastodon":{"url":"https:\/\/pubeurope.com\/@fr\/115854661576617853","error":""},"_links":{"self":[{"href":"https:\/\/www.europesays.com\/fr\/wp-json\/wp\/v2\/posts\/647408","targetHints":{"allow":["GET"]}}],"collection":[{"href":"https:\/\/www.europesays.com\/fr\/wp-json\/wp\/v2\/posts"}],"about":[{"href":"https:\/\/www.europesays.com\/fr\/wp-json\/wp\/v2\/types\/post"}],"author":[{"embeddable":true,"href":"https:\/\/www.europesays.com\/fr\/wp-json\/wp\/v2\/users\/2"}],"replies":[{"embeddable":true,"href":"https:\/\/www.europesays.com\/fr\/wp-json\/wp\/v2\/comments?post=647408"}],"version-history":[{"count":0,"href":"https:\/\/www.europesays.com\/fr\/wp-json\/wp\/v2\/posts\/647408\/revisions"}],"wp:featuredmedia":[{"embeddable":true,"href":"https:\/\/www.europesays.com\/fr\/wp-json\/wp\/v2\/media\/647409"}],"wp:attachment":[{"href":"https:\/\/www.europesays.com\/fr\/wp-json\/wp\/v2\/media?parent=647408"}],"wp:term":[{"taxonomy":"category","embeddable":true,"href":"https:\/\/www.europesays.com\/fr\/wp-json\/wp\/v2\/categories?post=647408"},{"taxonomy":"post_tag","embeddable":true,"href":"https:\/\/www.europesays.com\/fr\/wp-json\/wp\/v2\/tags?post=647408"}],"curies":[{"name":"wp","href":"https:\/\/api.w.org\/{rel}","templated":true}]}}