{"id":647416,"date":"2026-01-07T16:06:13","date_gmt":"2026-01-07T16:06:13","guid":{"rendered":"https:\/\/www.europesays.com\/fr\/647416\/"},"modified":"2026-01-07T16:06:13","modified_gmt":"2026-01-07T16:06:13","slug":"le-questionnement-du-jour-antoine-diers-lhistoire-de-cette-guerre-cest-la-militarisation-de-lukraine-cest-ca-qui-a-agace-poutine-est-ce-quon-ne-va-pas-encore-plus-lagacer-en-disant-quon","status":"publish","type":"post","link":"https:\/\/www.europesays.com\/fr\/647416\/","title":{"rendered":"Le questionnement du jour &#8211; Antoine Diers : \u00ab\u00a0L&rsquo;histoire de cette guerre, c&rsquo;est la militarisation de l&rsquo;Ukraine. C&rsquo;est \u00e7a qui a agac\u00e9 Poutine. Est-ce qu&rsquo;on ne va pas encore plus l&rsquo;agacer en disant qu&rsquo;on va mettre des soldats \u00e0 ses portes ?\u00a0\u00bb"},"content":{"rendered":"<p><img decoding=\"async\" src=\"https:\/\/www.europesays.com\/fr\/wp-content\/uploads\/2025\/12\/principale-178_4.jpg\"  alt=\"Le questionnement du jour - Antoine Diers : &quot;L'histoire de cette guerre, c'est la militarisation de l'Ukraine. C'est \u00e7a qui a agac\u00e9 Poutine. Est-ce qu'on ne va pas encore plus l'agacer en disant qu'on va mettre des soldats \u00e0 ses portes ?&quot; - 07\/01\" title=\"Le questionnement du jour - Antoine Diers : &quot;L'histoire de cette guerre, c'est la militarisation de l'Ukraine. C'est \u00e7a qui a agac\u00e9 Poutine. Est-ce qu'on ne va pas encore plus l'agacer en disant qu'on va mettre des soldats \u00e0 ses portes ?&quot; - 07\/01\"\/>Le questionnement du jour &#8211; Antoine Diers : \u00ab\u00a0L&rsquo;histoire de cette guerre, c&rsquo;est la militarisation de l&rsquo;Ukraine. C&rsquo;est \u00e7a qui a agac\u00e9 Poutine. Est-ce qu&rsquo;on ne va pas encore plus l&rsquo;agacer en disant qu&rsquo;on va mettre des soldats \u00e0 ses portes ?\u00a0\u00bb &#8211; 07\/01<\/p>\n<p>Aujourd&rsquo;hui, Bruno Poncet, cheminot, Antoine Diers, consultant, et Fatima A\u00eft Bounoua, professeur de fran\u00e7ais, d\u00e9battent de l&rsquo;actualit\u00e9 autour d&rsquo;Alain Marschall et Olivier Truchot.<\/p>\n","protected":false},"excerpt":{"rendered":"Le questionnement du jour &#8211; Antoine Diers : \u00ab\u00a0L&rsquo;histoire de cette guerre, c&rsquo;est la militarisation de l&rsquo;Ukraine. C&rsquo;est&hellip;\n","protected":false},"author":2,"featured_media":647417,"comment_status":"","ping_status":"","sticky":false,"template":"","format":"standard","meta":{"footnotes":""},"categories":[1590],"tags":[11,1777,674,12,220],"class_list":{"0":"post-647416","1":"post","2":"type-post","3":"status-publish","4":"format-standard","5":"has-post-thumbnail","7":"category-ukraine","8":"tag-actualites","9":"tag-eu","10":"tag-europe","11":"tag-news","12":"tag-ukraine"},"share_on_mastodon":{"url":"https:\/\/pubeurope.com\/@fr\/115854677324879331","error":""},"_links":{"self":[{"href":"https:\/\/www.europesays.com\/fr\/wp-json\/wp\/v2\/posts\/647416","targetHints":{"allow":["GET"]}}],"collection":[{"href":"https:\/\/www.europesays.com\/fr\/wp-json\/wp\/v2\/posts"}],"about":[{"href":"https:\/\/www.europesays.com\/fr\/wp-json\/wp\/v2\/types\/post"}],"author":[{"embeddable":true,"href":"https:\/\/www.europesays.com\/fr\/wp-json\/wp\/v2\/users\/2"}],"replies":[{"embeddable":true,"href":"https:\/\/www.europesays.com\/fr\/wp-json\/wp\/v2\/comments?post=647416"}],"version-history":[{"count":0,"href":"https:\/\/www.europesays.com\/fr\/wp-json\/wp\/v2\/posts\/647416\/revisions"}],"wp:featuredmedia":[{"embeddable":true,"href":"https:\/\/www.europesays.com\/fr\/wp-json\/wp\/v2\/media\/647417"}],"wp:attachment":[{"href":"https:\/\/www.europesays.com\/fr\/wp-json\/wp\/v2\/media?parent=647416"}],"wp:term":[{"taxonomy":"category","embeddable":true,"href":"https:\/\/www.europesays.com\/fr\/wp-json\/wp\/v2\/categories?post=647416"},{"taxonomy":"post_tag","embeddable":true,"href":"https:\/\/www.europesays.com\/fr\/wp-json\/wp\/v2\/tags?post=647416"}],"curies":[{"name":"wp","href":"https:\/\/api.w.org\/{rel}","templated":true}]}}