{"id":647418,"date":"2026-01-07T16:07:12","date_gmt":"2026-01-07T16:07:12","guid":{"rendered":"https:\/\/www.europesays.com\/fr\/647418\/"},"modified":"2026-01-07T16:07:12","modified_gmt":"2026-01-07T16:07:12","slug":"les-usa-interceptent-un-petrolier-russe-lie-au-venezuela-apres-une-poursuite-dans-latlantique-07-01-2026-a-1628","status":"publish","type":"post","link":"https:\/\/www.europesays.com\/fr\/647418\/","title":{"rendered":"Les USA interceptent un p\u00e9trolier russe li\u00e9 au Venezuela apr\u00e8s une poursuite dans l&rsquo;Atlantique &#8211; 07\/01\/2026 \u00e0 16:28"},"content":{"rendered":"<p>\n (Actualis\u00e9 avec interception du p\u00e9trolier)\n<\/p>\n<p>\n par Idrees Ali et Phil Stewart\n<\/p>\n<p>\n Les Etats-Unis ont<br \/>\nintercept\u00e9 mercredi au large de l&rsquo;Islande un p\u00e9trolier battant<br \/>\npavillon russe et escort\u00e9 \u00e0 distance par un sous-marin russe<br \/>\napr\u00e8s une traque de plus de deux semaines dans l&rsquo;Atlantique dans<br \/>\nle cadre de leurs efforts pour entraver les exportations de<br \/>\np\u00e9trole du Venezuela par la mer, ont d\u00e9clar\u00e9 des responsables<br \/>\nam\u00e9ricains.\n<\/p>\n<p>\n Si les Etats-Unis ont multipli\u00e9 les interventions contre des<br \/>\np\u00e9troliers depuis le d\u00e9but de leur blocus maritime du Venezuela,<br \/>\nbloquant de nombreux tankers charg\u00e9s de brut au large de ce pays<br \/>\nd&rsquo;Am\u00e9rique latine depuis le mois dernier, il semble qu&rsquo;il<br \/>\ns&rsquo;agisse de la premi\u00e8re interception am\u00e9ricaine d&rsquo;un navire<br \/>\nbattant pavillon russe.\n<\/p>\n<p>\n Ce p\u00e9trolier sous sanctions am\u00e9ricaines, appel\u00e9 initialement<br \/>\nBella-1 et d\u00e9sormais enregistr\u00e9 sous le nom de Marinera, avait<br \/>\n\u00e9chapp\u00e9 le mois dernier au blocus am\u00e9ricain dans les Cara\u00efbes et<br \/>\nson \u00e9quipage avait refus\u00e9 de laisser les garde-c\u00f4tes am\u00e9ricains<br \/>\nmonter \u00e0 son bord.\n<\/p>\n<p>\n Le commandement de l&rsquo;arm\u00e9e am\u00e9ricaine en Europe a d\u00e9clar\u00e9<br \/>\ndans un message sur X que ce p\u00e9trolier avait \u00e9t\u00e9 intercept\u00e9 dans<br \/>\nl&rsquo;Atlantique Nord pour violation des sanctions am\u00e9ricaines.\n<\/p>\n<p>\n \u00ab\u00a0Le blocus du p\u00e9trole v\u00e9n\u00e9zu\u00e9lien illicite et sanctionn\u00e9<br \/>\nreste PLEINEMENT EFFECTIF, partout dans le monde\u00a0\u00bb, a \u00e9crit le<br \/>\nsecr\u00e9taire am\u00e9ricain \u00e0 la D\u00e9fense, Pete Hegseth, en commentaire<br \/>\nde cette publication sur X.\n<\/p>\n<p>\n L&rsquo;op\u00e9ration a \u00e9t\u00e9 conduite par l&rsquo;US Coast Guard et<br \/>\nl&rsquo;arm\u00e9e am\u00e9ricaine au large de l&rsquo;Islande, ont dit \u00e0 Reuters deux<br \/>\nresponsables am\u00e9ricains ayant requis l&rsquo;anonymat.\n<\/p>\n<p>\n Des b\u00e2timents de la marine militaire russe, dont un<br \/>\nsous-marin, naviguaient dans les parages au moment de<br \/>\nl&rsquo;intervention, ont-ils ajout\u00e9, sans pr\u00e9ciser \u00e0 quelle distance.<br \/>\nAucun affrontement entre forces am\u00e9ricaines et russes n&rsquo;a \u00e9t\u00e9<br \/>\nsignal\u00e9.\n<\/p>\n<p>\n Le m\u00e9dia russe RT a cit\u00e9 une source anonyme selon<br \/>\nlaquelle un h\u00e9licopt\u00e8re avait d\u00e9pos\u00e9 sur le pont du Marinera ce<br \/>\nqui semble \u00eatre des militaires am\u00e9ricains. RT a publi\u00e9 une photo<br \/>\nde ce qui est pr\u00e9sent\u00e9 comme un h\u00e9licopt\u00e8re am\u00e9ricain volant<br \/>\npr\u00e8s du p\u00e9trolier.\n<\/p>\n<p>\n MOSCOU D\u00c9NONCE UNE VIOLATION DU DROIT MARITIME\n<\/p>\n<p>\n Le minist\u00e8re russe des Transports a d\u00e9nonc\u00e9 une violation du<br \/>\ndroit maritime et a dit avoir perdu contact avec le Marinera.<br \/>\n\u00ab\u00a0Aucun pays n&rsquo;a le droit de recourir \u00e0 la force contre des<br \/>\nnavires d\u00fbment enregistr\u00e9s aupr\u00e8s des juridictions d&rsquo;autres<br \/>\nEtats\u00a0\u00bb, a-t-il dit dans un communiqu\u00e9.\n<\/p>\n<p>\n On ignore vers quelle destination le p\u00e9trolier va d\u00e9sormais<br \/>\n\u00eatre emmen\u00e9 mais, selon des sources, il devrait entrer dans les<br \/>\neaux territoriales britanniques.\n<\/p>\n<p>\n Les garde-c\u00f4tes am\u00e9ricains avaient tent\u00e9 une premi\u00e8re<br \/>\nfois d&rsquo;intercepter le Bella-1 le mois dernier mais l&rsquo;\u00e9quipage<br \/>\navait refus\u00e9 de les laisser monter \u00e0 bord. Il s&rsquo;est depuis<br \/>\nenregistr\u00e9 sous pavillon russe.\n<\/p>\n<p>\n L&rsquo;arm\u00e9e am\u00e9ricaine a annonc\u00e9 que l&rsquo;US Coast Guard avait<br \/>\nintercept\u00e9 mercredi un autre p\u00e9trolier sous sanctions, le<br \/>\nsupertanker M Sophia battant pavillon du Panama, dans les eaux<br \/>\nproches de l&rsquo;Am\u00e9rique latine.\n<\/p>\n<p>\n Il a quitt\u00e9 le littoral du Venezuela d\u00e9but janvier au<br \/>\nsein d&rsquo;une flotte transportant du p\u00e9trole v\u00e9n\u00e9zu\u00e9lien \u00e0<br \/>\ndestination de la Chine de mani\u00e8re clandestine, avec les<br \/>\ntranspondeurs \u00e9teints, selon des donn\u00e9es maritimes et des<br \/>\nsources.\n<\/p>\n<p>\n Le pr\u00e9sident am\u00e9ricain Donald Trump a d\u00e9cid\u00e9 d&rsquo;\u00e9touffer<br \/>\nles exportations de p\u00e9trole du Venezuela par la mer dans le<br \/>\ncadre de sa campagne contre les autorit\u00e9s en place \u00e0 Caracas.\n<\/p>\n<p>\n Ces nouvelles interceptions de p\u00e9troliers interviennent<br \/>\nquelques jours apr\u00e8s la capture par les forces sp\u00e9ciales<br \/>\nam\u00e9ricaines du pr\u00e9sident v\u00e9n\u00e9zu\u00e9lien Nicolas Maduro, accus\u00e9 de<br \/>\n\u00ab\u00a0narcoterrorisme\u00a0\u00bb par Washington, lors d&rsquo;un raid \u00e0 Caracas le<br \/>\nweek-end dernier.\n<\/p>\n<p>\n Donald Trump exige des autorit\u00e9s v\u00e9n\u00e9zu\u00e9liennes qu&rsquo;elles<br \/>\npermettent aux compagnies p\u00e9troli\u00e8res am\u00e9ricaines d&rsquo;exploiter<br \/>\nles r\u00e9serves du Venezuela, consid\u00e9r\u00e9es comme les plus<br \/>\nimportantes au monde.\n<\/p>\n<p>\n Les responsables v\u00e9n\u00e9zu\u00e9liens accusent les Etats-Unis de<br \/>\nvouloir piller le p\u00e9trole de leur pays.\n<\/p>\n<p>\n (Idrees Ali et Phil Stewart, avec Aizhu Chen \u00e0 Singapour,<br \/>\nMarianna Parraga \u00e0 Houston et Lucy Papachristou \u00e0 Moscou,<br \/>\nversion fran\u00e7aise Bertrand Boucey, \u00e9dit\u00e9 par Kate Entringer)<\/p>\n","protected":false},"excerpt":{"rendered":"(Actualis\u00e9 avec interception du p\u00e9trolier) par Idrees Ali et Phil Stewart Les Etats-Unis ont intercept\u00e9 mercredi au large&hellip;\n","protected":false},"author":2,"featured_media":2554,"comment_status":"","ping_status":"","sticky":false,"template":"","format":"standard","meta":{"footnotes":""},"categories":[1589],"tags":[400,11,398,408,405,73,1866,403,402,399,404,12,401,406,1864,1865,1863,308,407],"class_list":{"0":"post-647418","1":"post","2":"type-post","3":"status-publish","4":"format-standard","5":"has-post-thumbnail","7":"category-etats-unis","8":"tag-action-cac-40","9":"tag-actualites","10":"tag-bourse-de-paris","11":"tag-boursorama","12":"tag-cotations","13":"tag-etats-unis","14":"tag-etats-unis-damerique","15":"tag-indices-devises","16":"tag-investir","17":"tag-investissement","18":"tag-marche-boursier","19":"tag-news","20":"tag-sicav","21":"tag-trackers","22":"tag-united-states","23":"tag-united-states-of-america","24":"tag-us","25":"tag-usa","26":"tag-warrants"},"share_on_mastodon":{"url":"https:\/\/pubeurope.com\/@fr\/115854681527651244","error":""},"_links":{"self":[{"href":"https:\/\/www.europesays.com\/fr\/wp-json\/wp\/v2\/posts\/647418","targetHints":{"allow":["GET"]}}],"collection":[{"href":"https:\/\/www.europesays.com\/fr\/wp-json\/wp\/v2\/posts"}],"about":[{"href":"https:\/\/www.europesays.com\/fr\/wp-json\/wp\/v2\/types\/post"}],"author":[{"embeddable":true,"href":"https:\/\/www.europesays.com\/fr\/wp-json\/wp\/v2\/users\/2"}],"replies":[{"embeddable":true,"href":"https:\/\/www.europesays.com\/fr\/wp-json\/wp\/v2\/comments?post=647418"}],"version-history":[{"count":0,"href":"https:\/\/www.europesays.com\/fr\/wp-json\/wp\/v2\/posts\/647418\/revisions"}],"wp:featuredmedia":[{"embeddable":true,"href":"https:\/\/www.europesays.com\/fr\/wp-json\/wp\/v2\/media\/2554"}],"wp:attachment":[{"href":"https:\/\/www.europesays.com\/fr\/wp-json\/wp\/v2\/media?parent=647418"}],"wp:term":[{"taxonomy":"category","embeddable":true,"href":"https:\/\/www.europesays.com\/fr\/wp-json\/wp\/v2\/categories?post=647418"},{"taxonomy":"post_tag","embeddable":true,"href":"https:\/\/www.europesays.com\/fr\/wp-json\/wp\/v2\/tags?post=647418"}],"curies":[{"name":"wp","href":"https:\/\/api.w.org\/{rel}","templated":true}]}}