{"id":647421,"date":"2026-01-07T16:09:20","date_gmt":"2026-01-07T16:09:20","guid":{"rendered":"https:\/\/www.europesays.com\/fr\/647421\/"},"modified":"2026-01-07T16:09:20","modified_gmt":"2026-01-07T16:09:20","slug":"apres-un-sabotage-a-berlin-lallemagne-veut-mieux-proteger-ses-infrastructures-critiques","status":"publish","type":"post","link":"https:\/\/www.europesays.com\/fr\/647421\/","title":{"rendered":"Apr\u00e8s un sabotage \u00e0 Berlin, l&rsquo;Allemagne veut mieux prot\u00e9ger ses infrastructures critiques"},"content":{"rendered":"<p>L\u2019alimentation \u00e9lectrique a \u00e9t\u00e9 r\u00e9tablie mercredi avant le d\u00e9jeuner dans le sud-ouest de la capitale allemande. Jusqu&rsquo;\u00e0 45\u202f000 foyers et plus de 2\u202f000 clients professionnels en avaient \u00e9t\u00e9 priv\u00e9s depuis samedi, en plein coup de froid, \u00e0 cause du <a class=\"Link \" href=\"https:\/\/www.lopinion.fr\/economie\/energiewende-la-faillite-du-modele-energetique-allemand-par-philippe-charlez\" data-cms-ai=\"0\" target=\"_blank\" rel=\"noopener\">sabotage d\u2019un bouquet de lignes<\/a>. L\u2019action a \u00e9t\u00e9 revendiqu\u00e9e par un groupuscule d\u2019extr\u00eame gauche, niant dans une deuxi\u00e8me revendication publi\u00e9e mardi tout lien avec une puissance \u00e9trang\u00e8re. Le parquet f\u00e9d\u00e9ral, en charge des dossiers terroristes mais aussi d\u2019espionnage, s\u2019est saisi de l\u2019affaire.<\/p>\n","protected":false},"excerpt":{"rendered":"L\u2019alimentation \u00e9lectrique a \u00e9t\u00e9 r\u00e9tablie mercredi avant le d\u00e9jeuner dans le sud-ouest de la capitale allemande. Jusqu&rsquo;\u00e0 45\u202f000&hellip;\n","protected":false},"author":2,"featured_media":647422,"comment_status":"","ping_status":"","sticky":false,"template":"","format":"standard","meta":{"footnotes":""},"categories":[1587],"tags":[11,672,1804,1805,1803,1777,674,1801,12,1802],"class_list":{"0":"post-647421","1":"post","2":"type-post","3":"status-publish","4":"format-standard","5":"has-post-thumbnail","7":"category-allemagne","8":"tag-actualites","9":"tag-allemagne","10":"tag-bundesrepublik-deutschland","11":"tag-de","12":"tag-deutschland","13":"tag-eu","14":"tag-europe","15":"tag-germany","16":"tag-news","17":"tag-republique-federale-dallemagne"},"share_on_mastodon":{"url":"https:\/\/pubeurope.com\/@fr\/115854689174409952","error":""},"_links":{"self":[{"href":"https:\/\/www.europesays.com\/fr\/wp-json\/wp\/v2\/posts\/647421","targetHints":{"allow":["GET"]}}],"collection":[{"href":"https:\/\/www.europesays.com\/fr\/wp-json\/wp\/v2\/posts"}],"about":[{"href":"https:\/\/www.europesays.com\/fr\/wp-json\/wp\/v2\/types\/post"}],"author":[{"embeddable":true,"href":"https:\/\/www.europesays.com\/fr\/wp-json\/wp\/v2\/users\/2"}],"replies":[{"embeddable":true,"href":"https:\/\/www.europesays.com\/fr\/wp-json\/wp\/v2\/comments?post=647421"}],"version-history":[{"count":0,"href":"https:\/\/www.europesays.com\/fr\/wp-json\/wp\/v2\/posts\/647421\/revisions"}],"wp:featuredmedia":[{"embeddable":true,"href":"https:\/\/www.europesays.com\/fr\/wp-json\/wp\/v2\/media\/647422"}],"wp:attachment":[{"href":"https:\/\/www.europesays.com\/fr\/wp-json\/wp\/v2\/media?parent=647421"}],"wp:term":[{"taxonomy":"category","embeddable":true,"href":"https:\/\/www.europesays.com\/fr\/wp-json\/wp\/v2\/categories?post=647421"},{"taxonomy":"post_tag","embeddable":true,"href":"https:\/\/www.europesays.com\/fr\/wp-json\/wp\/v2\/tags?post=647421"}],"curies":[{"name":"wp","href":"https:\/\/api.w.org\/{rel}","templated":true}]}}