{"id":647423,"date":"2026-01-07T16:10:13","date_gmt":"2026-01-07T16:10:13","guid":{"rendered":"https:\/\/www.europesays.com\/fr\/647423\/"},"modified":"2026-01-07T16:10:13","modified_gmt":"2026-01-07T16:10:13","slug":"la-neige-cause-des-perturbations-dans-une-partie-de-leurope-07-01-2026-a-1550","status":"publish","type":"post","link":"https:\/\/www.europesays.com\/fr\/647423\/","title":{"rendered":"La neige cause des perturbations dans une partie de l&rsquo;Europe &#8211; 07\/01\/2026 \u00e0 15:50"},"content":{"rendered":"<p>        <img decoding=\"async\" src=\"https:\/\/www.europesays.com\/fr\/wp-content\/uploads\/2026\/01\/b2d558d06f462be380c500079fb3683e-760x507.jpg\" alt=\"Neige et gel \u00e0 Paris\" loading=\"eager\" fetchpriority=\"high\" width=\"760\" height=\"507\" style=\"max-width: 100%!important; height: auto;\"\/><\/p>\n<p class=\"c-image-news__legend\">Neige et gel \u00e0 Paris<\/p>\n<p>\n Une partie de l&rsquo;Europe affrontait mercredi une nouvelle vague de froid et des chutes de neige soutenues alors que la premi\u00e8re temp\u00eate de l&rsquo;ann\u00e9e s&rsquo;abat sur la c\u00f4te atlantique du Vieux continent.\n<\/p>\n<p>\n Le passage de la temp\u00eate \u200dGoretti a provoqu\u00e9 des annulations d&rsquo;avions et de trains et des perturbations sur les routes.\n<\/p>\n<p>\n Entre 3 et 7 cm de neige sont tomb\u00e9s sur une grande partie nord de la France, selon M\u00e9t\u00e9o-France qui annon\u00e7ait en milieu de journ\u00e9e la fin de l&rsquo;\u00e9pisode nuageux.\n<\/p>\n<p>\n Malgr\u00e9 cette annonce, le service m\u00e9t\u00e9orologique appelle \u00e0 \u200cla vigilance, notamment dans le Poitou-Charentes et dans les Pays de la Loire \u00e0 cause de pluies vergla\u00e7antes et de sols gel\u00e9s.\n<\/p>\n<p>\n A Paris, les habitants se sont r\u00e9veill\u00e9s sous un \u00e9pais manteau de neige. M\u00e9t\u00e9o-France a relev\u00e9 7cm de neige fra\u00eeche \u00e0 sa station de Paris-Montsouris.\n<\/p>\n<p>\n A \u200bl&rsquo;occasion du premier jour des soldes, la circulation des bus a \u00e9t\u00e9 perturb\u00e9e, la RATP annon\u00e7ant une interruption totale de ses services pour \u2060la matin\u00e9e.\n<\/p>\n<p>\n \u00ab\u00a0Une reprise progressive et partielle du r\u00e9seau est pr\u00e9vue en d\u00e9but d\u2019apr\u00e8s-midi, sous r\u00e9serve de l\u2019\u00e9volution des conditions m\u00e9t\u00e9orologiques\u00a0\u00bb, indique l&rsquo;op\u00e9rateur sur son site internet, alors que la circulation des RER et des trams est \u00e9galement perturb\u00e9e dans la \u2060capitale et en \u00cele-de-France.\n<\/p>\n<p>\n Certains Parisiens ont fait fi des \u200dperturbations et se sont dirig\u00e9s vers le Sacr\u00e9-Coeur pour d\u00e9valer \u00e0 ski les pentes enneig\u00e9es de Montmartre.\n<\/p>\n<p>\n A la \u2060mi-journ\u00e9e, 12 d\u00e9partements de l&rsquo;Hexagone restaient en vigilance orange pour la neige et le verglas.\n<\/p>\n<p>\n Les autorit\u00e9s fran\u00e7aises ont interdit la circulation des poids lourds dans plusieurs d\u00e9partements fran\u00e7ais du nord de la France.\n<\/p>\n<p>\n Le PDG des supermarch\u00e9s Carrefour Alexandre Bompard a d\u00e9clar\u00e9 que ces mesures allaient provoquer des perturbations dans les cha\u00eenes \u200bd&rsquo;approvisionnement, notamment pour les produits frais.\n<\/p>\n<p>\n PERTURBATIONS DANS LES A\u00c9ROPORTS\n<\/p>\n<p>\n Au Pays-Bas, la temp\u00eate de neige a pouss\u00e9 la compagnie a\u00e9rienne KLM \u00e0 annuler 600 vols pr\u00e9vus mercredi \u00e0 l&rsquo;a\u00e9roport Schiphol d&rsquo;Amsterdam qui conna\u00eet son sixi\u00e8me jour de perturbations.\n<\/p>\n<p>\n KLM a dit faire face \u00e0 un manque de liquide de d\u00e9givrage et que \u2060les perturbations dans les livraisons pourraient provoquer des p\u00e9nuries. Son partenaire fran\u00e7ais Air France n&rsquo;a pas indiqu\u00e9 rencontrer ce genre de probl\u00e8me.\n<\/p>\n<p>\n L&rsquo;a\u00e9roport \u200bSchiphol a d\u00e9clar\u00e9 poss\u00e9der assez de stocks d&rsquo;un autre liquide de d\u00e9givrage destin\u00e9 \u00e0 d\u00e9gager les pistes.\n<\/p>\n<p>\n Le \u200bministre fran\u00e7ais des Transports Philippe Tabarot a \u200bannonc\u00e9 mardi l&rsquo;annulation de 40% des vols mercredi \u00e0 l&rsquo;a\u00e9roport Paris-Charles-de-Gaulle \u00e0 Roissy, le premier de France, et de 25% des vols \u00e0 Orly.\n<\/p>\n<p>\n A Bruxelles, \u200bcertains vols ont \u00e9t\u00e9 annul\u00e9s et des retards sont \u00e0 pr\u00e9voir alors que \u2060des perturbations \u00e9taient \u00e9galement \u00e0 recenser sur le r\u00e9seau Eurostar.\n<\/p>\n<p>\n Les autorit\u00e9s n\u00e9erlandaises ont demand\u00e9 aux habitants de privil\u00e9gier le t\u00e9l\u00e9travail.\n<\/p>\n<p>\n Un peu plus \u00e0 l&rsquo;est, en Allemagne, le mercure est descendu vers les -10 degr\u00e9s mercredi, mais les perturbations sur le trafic routier \u00e9taient minimes.\n<\/p>\n<p>\n Moins habitu\u00e9e aux vagues de froid, l&rsquo;Espagne fait \u00e9galement face \u00e0 des chutes de neige, provoquant des ralentissements sur les r\u00e9seaux routiers et ferroviaires.\n<\/p>\n<p>\n D&rsquo;importantes chutes de neige ont \u00e9galement \u00e9t\u00e9 observ\u00e9es dans les Balkans. Des passagers d&rsquo;un \u200ctrain ont \u00e9t\u00e9 bloqu\u00e9s pendant plus de 12 heures dans la ville de Knin dans l&rsquo;ouest de la Croatie, apr\u00e8s la chute d&rsquo;arbres sur les voies ferr\u00e9es.\n<\/p>\n<p>\n Des coupures de courant ont eu lieu en Bosnie et en Serbie, tandis que les \u00e9coles d&rsquo;une partie de la Pologne sont rest\u00e9es ferm\u00e9es \u00e0 cause de la neige.\n<\/p>\n<p>\n En Hongrie, d&rsquo;importantes chutes de neige ont entra\u00een\u00e9 des retards de trains et de bus et provoqu\u00e9 des ralentissements sur les axes routiers.\n<\/p>\n<p>\n (Inti Landauro \u00e0 Bruxelles, Thomas Seythal \u00e0 Berlin, Louise Rasmussen \u00e0 Paris, Alain Charlish \u00e0 Varsovie, Daria Sito-Sucic \u00e0 Sarajevo et Jesus Calero \u00e0 Madrid ; \u200cversion fran\u00e7aise Zhifan Liu, \u00e9dit\u00e9 par Kate Entringer)<\/p>\n","protected":false},"excerpt":{"rendered":"Neige et gel \u00e0 Paris Une partie de l&rsquo;Europe affrontait mercredi une nouvelle vague de froid et des&hellip;\n","protected":false},"author":2,"featured_media":647424,"comment_status":"","ping_status":"","sticky":false,"template":"","format":"standard","meta":{"footnotes":""},"categories":[1586],"tags":[400,11,398,408,405,1777,674,1011,27,403,402,399,404,12,25,401,406,407],"class_list":{"0":"post-647423","1":"post","2":"type-post","3":"status-publish","4":"format-standard","5":"has-post-thumbnail","7":"category-europe","8":"tag-action-cac-40","9":"tag-actualites","10":"tag-bourse-de-paris","11":"tag-boursorama","12":"tag-cotations","13":"tag-eu","14":"tag-europe","15":"tag-fr","16":"tag-france","17":"tag-indices-devises","18":"tag-investir","19":"tag-investissement","20":"tag-marche-boursier","21":"tag-news","22":"tag-republique-francaise","23":"tag-sicav","24":"tag-trackers","25":"tag-warrants"},"share_on_mastodon":{"url":"https:\/\/pubeurope.com\/@fr\/115854693233722170","error":""},"_links":{"self":[{"href":"https:\/\/www.europesays.com\/fr\/wp-json\/wp\/v2\/posts\/647423","targetHints":{"allow":["GET"]}}],"collection":[{"href":"https:\/\/www.europesays.com\/fr\/wp-json\/wp\/v2\/posts"}],"about":[{"href":"https:\/\/www.europesays.com\/fr\/wp-json\/wp\/v2\/types\/post"}],"author":[{"embeddable":true,"href":"https:\/\/www.europesays.com\/fr\/wp-json\/wp\/v2\/users\/2"}],"replies":[{"embeddable":true,"href":"https:\/\/www.europesays.com\/fr\/wp-json\/wp\/v2\/comments?post=647423"}],"version-history":[{"count":0,"href":"https:\/\/www.europesays.com\/fr\/wp-json\/wp\/v2\/posts\/647423\/revisions"}],"wp:featuredmedia":[{"embeddable":true,"href":"https:\/\/www.europesays.com\/fr\/wp-json\/wp\/v2\/media\/647424"}],"wp:attachment":[{"href":"https:\/\/www.europesays.com\/fr\/wp-json\/wp\/v2\/media?parent=647423"}],"wp:term":[{"taxonomy":"category","embeddable":true,"href":"https:\/\/www.europesays.com\/fr\/wp-json\/wp\/v2\/categories?post=647423"},{"taxonomy":"post_tag","embeddable":true,"href":"https:\/\/www.europesays.com\/fr\/wp-json\/wp\/v2\/tags?post=647423"}],"curies":[{"name":"wp","href":"https:\/\/api.w.org\/{rel}","templated":true}]}}