{"id":647425,"date":"2026-01-07T16:11:16","date_gmt":"2026-01-07T16:11:16","guid":{"rendered":"https:\/\/www.europesays.com\/fr\/647425\/"},"modified":"2026-01-07T16:11:16","modified_gmt":"2026-01-07T16:11:16","slug":"lue-pense-pouvoir-obtenir-finalement-le-feu-vert-de-litalie","status":"publish","type":"post","link":"https:\/\/www.europesays.com\/fr\/647425\/","title":{"rendered":"L\u2019UE pense pouvoir obtenir finalement le feu vert de l\u2019Italie"},"content":{"rendered":"<p>Proche de signer l\u2019accord commercial avec le <a href=\"https:\/\/www.20minutes.fr\/economie\/mercosur\/\" class=\"c-link c-link--is-underlined\" target=\"_blank\" rel=\"noopener\">Mercosur<\/a>, l\u2019<a href=\"https:\/\/www.20minutes.fr\/dossier\/ue\" class=\"c-link c-link--is-underlined\" target=\"_blank\" rel=\"noopener\">Union europ\u00e9enne<\/a> veut tenter de r\u00e9pondre \u00e0 <a href=\"https:\/\/www.20minutes.fr\/societe\/4194752-20260107-crise-agricole-tracteurs-font-siege-toulouse-ue-tente-rassurer-mercosur\" class=\"c-link c-link--is-underlined\" target=\"_blank\" rel=\"noopener\">la col\u00e8re agricole<\/a> et s\u2019assurer du soutien de <a href=\"https:\/\/www.20minutes.fr\/dossier\/italie\" class=\"c-link c-link--is-underlined\" target=\"_blank\" rel=\"noopener\">l\u2019Italie<\/a>, lors d\u2019une r\u00e9union minist\u00e9rielle mercredi \u00e0 Bruxelles. En pleine mobilisation en France, les ministres de l\u2019Agriculture des Vingt-Sept sont arriv\u00e9s en d\u00e9but d\u2019apr\u00e8s-midi au Berlaymont, si\u00e8ge de la Commission europ\u00e9enne, pour plancher sur les revendications agricoles.<\/p>\n<p>D\u00e9cisive sur ce trait\u00e9 de libre-\u00e9change avec les pays latino-am\u00e9ricains du Mercosur, l\u2019Italie n\u2019a pas encore donn\u00e9 officiellement son aval, mais un feu vert semble \u00e0 port\u00e9e de main. A son arriv\u00e9e \u00e0 Bruxelles, le ministre italien de l\u2019Agriculture, Francesco Lollobrigida, a \u00e9num\u00e9r\u00e9 les dol\u00e9ances de Rome en mati\u00e8re agricole.<\/p>\n<\/p>\n<p>Comme la France, l\u2019Italie veut des garanties sur le respect des normes europ\u00e9ennes dans les produits sud-am\u00e9ricains, notamment au sujet des pesticides interdits en Europe. Et hors de ce dossier du Mercosur, elle attend un geste pour limiter le co\u00fbt des engrais, via une r\u00e9vision du m\u00e9canisme europ\u00e9en de taxe carbone aux fronti\u00e8res.<\/p>\n<p>La France pas en mesure d\u2019emp\u00eacher l\u2019Accord<\/p>\n<p>Si ces garanties sont \u00ab\u00a0certifi\u00e9es\u00a0\u00bb, \u00ab\u00a0nous approuverons \u00e9videmment \u00e0 ce stade la signature de l\u2019accord\u00a0\u00bb avec le Mercosur, a dit Francesco Lollobrigida. De son c\u00f4t\u00e9, le gouvernement allemand s\u2019est dit \u00ab\u00a0tr\u00e8s confiant\u00a0\u00bb sur le feu vert de Rome.<\/p>\n<p>Pour la France en revanche, le \u00ab\u00a0compte n\u2019y est toujours pas\u00a0\u00bb, a r\u00e9p\u00e9t\u00e9 Paris mercredi matin. Mais sans autres alli\u00e9es que la Pologne et la Hongrie, la France ne sera pas en mesure de bloquer l\u2019accord avec le Mercosur, que pl\u00e9biscitent l\u2019Allemagne et l\u2019Espagne pour relancer l\u2019\u00e9conomie europ\u00e9enne.<\/p>\n<p>L\u2019horizon semble donc se d\u00e9gager pour Ursula von der Leyen, qui esp\u00e8re parapher d\u00e8s le 12\u00a0janvier cet accord de libre-\u00e9change avec l\u2019Argentine, le Br\u00e9sil, le Paraguay et l\u2019Uruguay, apr\u00e8s plus de vingt-cinq ans de n\u00e9gociations. Avant cette signature, la pr\u00e9sidente de la Commission a besoin de l\u2019aval des \u00c9tats europ\u00e9ens \u00e0 la majorit\u00e9 qualifi\u00e9e, lors d\u2019un vote attendu d\u00e8s ce vendredi.<\/p>\n<p>Pour faire passer la pilule du trait\u00e9 avec le Mercosur, la cheffe de l\u2019ex\u00e9cutif europ\u00e9en a annonc\u00e9 mardi un geste sur un autre volet, la politique agricole commune (PAC). Ursula von der Leyen propose une rallonge budg\u00e9taire dans la future PAC 2028-2034 de l\u2019Union europ\u00e9enne, en d\u00e9bloquant de fa\u00e7on anticip\u00e9e 45\u00a0milliards d\u2019euros d\u00e8s\u00a02028.<\/p>\n<p>Macron face \u00e0 un risque de censure\u00a0?<\/p>\n<p>Mais le Mercosur reste un \u00ab\u00a0chiffon rouge\u00a0\u00bb qui pourrait entra\u00eener des \u00ab\u00a0mobilisations plus importantes\u00a0\u00bb encore, ne cesse de marteler le premier syndicat agricole fran\u00e7ais, la FNSEA. La contestation agricole est repartie de plus belle en France, entre convois vers Paris et rassemblements locaux.<\/p>\n<p>Les agriculteurs d\u00e9noncent \u00e0 la fois la concurrence accrue des pays latino-am\u00e9ricains et la gestion gouvernementale de l\u2019\u00e9pizootie de dermatose nodulaire contagieuse (DNC) chez les bovins.<\/p>\n<p>Et la temp\u00eate politique couve en France. Si Emmanuel Macron soutient le Mercosur, <a href=\"https:\/\/www.20minutes.fr\/monde\/4194805-20260107-gouvernement-lecornu-si-macron-vote-mercosur-prend-risque-censure-previent-retailleau\" class=\"c-link c-link--is-underlined\" target=\"_blank\" rel=\"noopener\">\u00ab\u00a0il prend le risque d\u2019une censure\u00a0\u00bb du gouvernement, a lanc\u00e9 le chef de la droite Bruno Retailleau.<\/a> Apr\u00e8s la signature du trait\u00e9, il devra encore \u00eatre ratifi\u00e9 par le Parlement europ\u00e9en, o\u00f9 le scrutin pourrait \u00eatre serr\u00e9.<\/p>\n","protected":false},"excerpt":{"rendered":"Proche de signer l\u2019accord commercial avec le Mercosur, l\u2019Union europ\u00e9enne veut tenter de r\u00e9pondre \u00e0 la col\u00e8re agricole&hellip;\n","protected":false},"author":2,"featured_media":647426,"comment_status":"","ping_status":"","sticky":false,"template":"","format":"standard","meta":{"footnotes":""},"categories":[1586],"tags":[63769,47,11,5002,215,2196,33,1777,674,1779,1011,3844,27,74,12,25,1778,364,555,2544],"class_list":{"0":"post-647425","1":"post","2":"type-post","3":"status-publish","4":"format-standard","5":"has-post-thumbnail","7":"category-europe","8":"tag-accord-mercosur","9":"tag-actualite","10":"tag-actualites","11":"tag-amerique-latine","12":"tag-commerce","13":"tag-commission-europeenne","14":"tag-economie","15":"tag-eu","16":"tag-europe","17":"tag-european-union","18":"tag-fr","19":"tag-francais","20":"tag-france","21":"tag-monde","22":"tag-news","23":"tag-republique-francaise","24":"tag-ue","25":"tag-union-europeenne","26":"tag-union-europeenne-ue","27":"tag-ursula-von-der-leyen"},"share_on_mastodon":{"url":"https:\/\/pubeurope.com\/@fr\/115854697022999542","error":""},"_links":{"self":[{"href":"https:\/\/www.europesays.com\/fr\/wp-json\/wp\/v2\/posts\/647425","targetHints":{"allow":["GET"]}}],"collection":[{"href":"https:\/\/www.europesays.com\/fr\/wp-json\/wp\/v2\/posts"}],"about":[{"href":"https:\/\/www.europesays.com\/fr\/wp-json\/wp\/v2\/types\/post"}],"author":[{"embeddable":true,"href":"https:\/\/www.europesays.com\/fr\/wp-json\/wp\/v2\/users\/2"}],"replies":[{"embeddable":true,"href":"https:\/\/www.europesays.com\/fr\/wp-json\/wp\/v2\/comments?post=647425"}],"version-history":[{"count":0,"href":"https:\/\/www.europesays.com\/fr\/wp-json\/wp\/v2\/posts\/647425\/revisions"}],"wp:featuredmedia":[{"embeddable":true,"href":"https:\/\/www.europesays.com\/fr\/wp-json\/wp\/v2\/media\/647426"}],"wp:attachment":[{"href":"https:\/\/www.europesays.com\/fr\/wp-json\/wp\/v2\/media?parent=647425"}],"wp:term":[{"taxonomy":"category","embeddable":true,"href":"https:\/\/www.europesays.com\/fr\/wp-json\/wp\/v2\/categories?post=647425"},{"taxonomy":"post_tag","embeddable":true,"href":"https:\/\/www.europesays.com\/fr\/wp-json\/wp\/v2\/tags?post=647425"}],"curies":[{"name":"wp","href":"https:\/\/api.w.org\/{rel}","templated":true}]}}