{"id":64743,"date":"2025-04-30T16:05:11","date_gmt":"2025-04-30T16:05:11","guid":{"rendered":"https:\/\/www.europesays.com\/fr\/64743\/"},"modified":"2025-04-30T16:05:11","modified_gmt":"2025-04-30T16:05:11","slug":"nancy-les-supporters-mecontents-apres-leviction-de-nabil-el-yaagoubi","status":"publish","type":"post","link":"https:\/\/www.europesays.com\/fr\/64743\/","title":{"rendered":"Nancy. Les supporters m\u00e9contents apr\u00e8s l&rsquo;\u00e9viction de Nabil El Yaagoubi"},"content":{"rendered":"<p><img loading=\"lazy\" decoding=\"async\" width=\"696\" height=\"464\" class=\"lazyload entry-thumb\" src=\"https:\/\/www.europesays.com\/fr\/wp-content\/uploads\/2025\/04\/AS-Nancy-Lorraine-696x464.jpg\" alt=\"AS-Nancy-Lorraine\" title=\"AS-Nancy-Lorraine\"\/><\/p>\n<p style=\"font-size:20px\"><strong>Alors que<a href=\"https:\/\/www.estrepublicain.fr\/sport\/2025\/04\/29\/nabil-el-yaagoubi-ne-travaille-plus-a-l-as-nancy-lorraine\" target=\"_blank\" rel=\"noopener\"> Nabil El Yaagoubi, DG Adjoint, a \u00e9t\u00e9 renvoy\u00e9 en ce d\u00e9but de semaine pour des raisons \u00e9conomiques<\/a>, le groupe de supporters ultras de l\u2019AS Nancy Lorraine du Saturday FC a publi\u00e9 un communiqu\u00e9 pour exprimer son m\u00e9contentement et demander le d\u00e9part de Krishen Sud, l\u2019action de l\u2019ASNL, au coeur de nombreuses pol\u00e9miques depuis son arriv\u00e9e au club.<\/strong><\/p>\n<p>\u00ab Alors que l\u2019aspect sportif, men\u00e9 par Pablo Correa et Mickael Chr\u00e9tien, se dirige vers une issue positive, tout ceci cache le d\u00e9sastre dans lequel Krishen Sud plonge l\u2019ASNL\u2026 Et ce depuis maintenant deux ans.<\/p>\n<p>Sous ses airs de sauveur du club devant la DNCG et de faussement int\u00e9ress\u00e9 du peuple rouge et blanc (en t\u00e9moigne l\u2019honteuse \u00ab offre \u00bb commerciale pour les derniers matchs de la saison), cet idiot des temps modernes use et abuse de son incomp\u00e9tence pour d\u00e9t\u00e9riorer tout ce qu\u2019il touche. Jusqu\u2019\u00e0 prononcer le licenciement d\u2019une pierre angulaire du club, Nabil El Yaagoubi, au service du club depuis 17 ann\u00e9es.<br \/>Du fait de sa m\u00e9galomanie, Krishen Sud, ne fait jamais des int\u00e9r\u00eats du club au chardon sa priorit\u00e9 et le d\u00e9truit un peu plus chaque jour.<\/p>\n<p>Nous parlons d\u2019un actionnaire qui n\u2019\u00e9coute que sa propre personne, \u00e9cartant ou harcelant toute personne proposant des id\u00e9es alternatives (et bien meilleures que les siennes). Un comportement d\u00e9testable aupr\u00e8s de tous les partenaires et supporters. Pour exemple, la demande officielle formul\u00e9e aupr\u00e8s du club afin d\u2019organiser le dernier d\u00e9placement de la saison reste encore aujourd\u2019hui sans r\u00e9ponse par \u00ab\u00a0incertitude \u00e9conomique\u00a0\u00bb. Et la liste d\u2019exemples pourrait \u00eatre longue. <\/p>\n<p>\u00a0Nous avons, depuis son arriv\u00e9e, \u00e7\u00e0 et l\u00e0, alert\u00e9 sur le fonctionnement et l\u2019issue que connaitrait le club avec cet homme \u00ab d\u2019affaire \u00bb aux commandes de l\u2019ASNL. La dynamique positive sportive laissait peu de possibilit\u00e9s \u00e0 ce que l\u2019implacable r\u00e9alit\u00e9 soit entendue.<\/p>\n<p>Mais que personne ne se m\u00e9prenne. En acc\u00e9dant en L2 ou en restant en N1, tant que Krishen Sud sera l\u2019actionnaire de notre club, c\u2019est la ruine qui nous attend. Nous allons soutenir les joueurs jusqu\u2019\u00e0 la fin de saison mais nous n\u2019en resterons pas l\u00e0 avec Krishen.<br \/>L\u2019accession en L2 n\u2019est aucunement pr\u00e9par\u00e9e par cet immonde personnage.<\/p>\n<p>Alors que la fin de saison se dirige vers une f\u00eate que nous ne manquerons pas de c\u00e9l\u00e9brer, le fonctionnement en interne nous alerte en tous points. Le licenciement d\u2019une personne aux comp\u00e9tences reconnues depuis 17 ans vient aujourd\u2019hui ent\u00e9riner le franchissement d\u2019une ligne rouge. \u00bb<\/p>\n<blockquote class=\"twitter-tweet\">\n<p lang=\"fr\" dir=\"ltr\"><a href=\"https:\/\/t.co\/6AZdwvQieU\">pic.twitter.com\/6AZdwvQieU<\/a><\/p>\n<p>\u2014(@asnlfans) <a href=\"https:\/\/twitter.com\/asnlfans\/status\/1917270179903344787?ref_src=twsrc%5Etfw\" target=\"_blank\" rel=\"noopener\">April 29, 2025<\/a><\/p><\/blockquote>\n<p>  <a href=\"https:\/\/footamateur.ouest-france.fr\/author\/fred\/\" class=\"url\" title=\"Fr\u00e9d\u00e9ric Sougey\" target=\"_blank\" rel=\"noopener\"> <img decoding=\"async\" src=\"https:\/\/www.europesays.com\/fr\/wp-content\/uploads\/2025\/04\/gnlpcfya_400x400.jpg\" class=\"lazyload photo\" width=\"250\" alt=\"Fr\u00e9d\u00e9ric Sougey\"\/><\/a><\/p>\n<p>Journaliste chez Sports M\u00e9dia<\/p>\n<p>Elev\u00e9 au c\u0153ur des Alpes, Fred quitte (temporairement) son Grenoble ador\u00e9 pour pr\u00eater sa plume et son regard au monde amateur et plus particuli\u00e8rement au Championnat National dont il est un assidu observateur. Fan de tartiflette, de Karim Mokeddem et de Mulholland Drive. Les bonnes choses de la vie, en somme.<\/p>\n<p><a href=\"https:\/\/footamateur.ouest-france.fr\/author\/fred\/\" class=\"url\" title=\"Fr\u00e9d\u00e9ric Sougey\" target=\"_blank\" rel=\"noopener\"><img decoding=\"async\" src=\"https:\/\/www.europesays.com\/fr\/wp-content\/uploads\/2025\/04\/gnlpcfya_400x400.jpg\" class=\"lazyload photo\" width=\"250\" alt=\"Fr\u00e9d\u00e9ric Sougey\"\/><\/a>Les derniers articles par Fr\u00e9d\u00e9ric Sougey (<a href=\"https:\/\/footamateur.ouest-france.fr\/author\/fred\/\" target=\"_blank\" rel=\"noopener\">tout voir<\/a>)<script async src=\"https:\/\/platform.twitter.com\/widgets.js\" charset=\"utf-8\"><\/script><\/p>\n","protected":false},"excerpt":{"rendered":"Alors que Nabil El Yaagoubi, DG Adjoint, a \u00e9t\u00e9 renvoy\u00e9 en ce d\u00e9but de semaine pour des raisons&hellip;\n","protected":false},"author":2,"featured_media":64744,"comment_status":"","ping_status":"","sticky":false,"template":"","format":"standard","meta":{"footnotes":""},"categories":[9635],"tags":[1111,11,11348,1777,674,1011,27,775,16030,1702,12,25,16416],"class_list":{"0":"post-64743","1":"post","2":"type-post","3":"status-publish","4":"format-standard","5":"has-post-thumbnail","7":"category-nancy","8":"tag-actu","9":"tag-actualites","10":"tag-as-nancy-lorraine","11":"tag-eu","12":"tag-europe","13":"tag-fr","14":"tag-france","15":"tag-grand-est","16":"tag-krishen-sud","17":"tag-nancy","18":"tag-news","19":"tag-republique-francaise","20":"tag-saturday-fc"},"share_on_mastodon":{"url":"https:\/\/pubeurope.com\/@fr\/114427771417489723","error":""},"_links":{"self":[{"href":"https:\/\/www.europesays.com\/fr\/wp-json\/wp\/v2\/posts\/64743","targetHints":{"allow":["GET"]}}],"collection":[{"href":"https:\/\/www.europesays.com\/fr\/wp-json\/wp\/v2\/posts"}],"about":[{"href":"https:\/\/www.europesays.com\/fr\/wp-json\/wp\/v2\/types\/post"}],"author":[{"embeddable":true,"href":"https:\/\/www.europesays.com\/fr\/wp-json\/wp\/v2\/users\/2"}],"replies":[{"embeddable":true,"href":"https:\/\/www.europesays.com\/fr\/wp-json\/wp\/v2\/comments?post=64743"}],"version-history":[{"count":0,"href":"https:\/\/www.europesays.com\/fr\/wp-json\/wp\/v2\/posts\/64743\/revisions"}],"wp:featuredmedia":[{"embeddable":true,"href":"https:\/\/www.europesays.com\/fr\/wp-json\/wp\/v2\/media\/64744"}],"wp:attachment":[{"href":"https:\/\/www.europesays.com\/fr\/wp-json\/wp\/v2\/media?parent=64743"}],"wp:term":[{"taxonomy":"category","embeddable":true,"href":"https:\/\/www.europesays.com\/fr\/wp-json\/wp\/v2\/categories?post=64743"},{"taxonomy":"post_tag","embeddable":true,"href":"https:\/\/www.europesays.com\/fr\/wp-json\/wp\/v2\/tags?post=64743"}],"curies":[{"name":"wp","href":"https:\/\/api.w.org\/{rel}","templated":true}]}}