{"id":647436,"date":"2026-01-07T16:22:10","date_gmt":"2026-01-07T16:22:10","guid":{"rendered":"https:\/\/www.europesays.com\/fr\/647436\/"},"modified":"2026-01-07T16:22:10","modified_gmt":"2026-01-07T16:22:10","slug":"pas-de-course-en-france-pour-julian-alaphilippe-en-debut-de-saison-actualite","status":"publish","type":"post","link":"https:\/\/www.europesays.com\/fr\/647436\/","title":{"rendered":"Pas de course en France pour Julian Alaphilippe en d\u00e9but de saison &#8211; Actualit\u00e9"},"content":{"rendered":"<p>C\u2019est depuis le sud de l\u2019Espagne, o\u00f9 il est actuellement en stage de pr\u00e9-saison, que <strong><a href=\"https:\/\/www.directvelo.com\/coureur\/3039\/julian-alaphilippe\" target=\"_blank\" rel=\"noopener\">Julian Alaphilippe<\/a><\/strong> a d\u00e9voil\u00e9 son programme de courses pour la premi\u00e8re partie de la saison 2026. L\u2019ancien double Champion du Monde reprendra la comp\u00e9tition au Portugal, mi-f\u00e9vrier, avant de poser ses valises un moment en Italie, puis de se focaliser sur les Ardennaises.<\/p>\n<p>Le puncheur de la formation Tudor n\u2019a pas pr\u00e9vu la moindre course en terres hexagonales sur la premi\u00e8re partie de saison. Il renonce \u00e9galement \u00e0 participer au Tour des Flandres.<\/p>\n<p>Bien que cela ne soit pas encore officiellement act\u00e9, l\u2019athl\u00e8te de 33 ans en a profit\u00e9 pour faire savoir qu\u2019il \u00e9tait candidat \u00e0 une huiti\u00e8me participation au Tour de France. <\/p>\n<p><strong>Le programme de d\u00e9but de saison 2026 de Julian Alaphilippe :<\/strong> <br \/>18\/02 &#8211; 22\/02 : Tour d\u2019Algarve (2. Pro)<br \/>07\/03 : Strade Bianche (1.UWT)<br \/>09\/03 : 15\/03 : Tirreno-Adriatico (2.UWT)<br \/>21\/03 : Milan-San Remo (1.UWT)<br \/>06\/04 &#8211; 11\/04 : Tour du Pays Basque (2.UWT) <br \/>19\/04 : Amstel Gold Race (1.UWT) <br \/>22\/04 : Fl\u00e8che Wallonne (1.UWT)<br \/>26\/04 : Li\u00e8ge-Bastogne-Li\u00e8ge (1.UWT)<\/p>\n","protected":false},"excerpt":{"rendered":"C\u2019est depuis le sud de l\u2019Espagne, o\u00f9 il est actuellement en stage de pr\u00e9-saison, que Julian Alaphilippe a&hellip;\n","protected":false},"author":2,"featured_media":647437,"comment_status":"","ping_status":"","sticky":false,"template":"","format":"standard","meta":{"footnotes":""},"categories":[1411],"tags":[834,828,836,829,837,827,83,826,824,823,1154,207,814,817,815,816,822,821,832,211,839,1011,27,820,818,819,835,831,830,833,838,60,212,208,825],"class_list":{"0":"post-647436","1":"post","2":"type-post","3":"status-publish","4":"format-standard","5":"has-post-thumbnail","7":"category-cyclisme","8":"tag-attaque","9":"tag-belgique","10":"tag-braquet","11":"tag-bretagne","12":"tag-chute","13":"tag-competition","14":"tag-coupe-de-france","15":"tag-coureur","16":"tag-course-cyclisme","17":"tag-course-cycliste","18":"tag-cycling","19":"tag-cyclisme","20":"tag-direct","21":"tag-direct-velo","22":"tag-directvelo","23":"tag-directvelo-com","24":"tag-epreuve","25":"tag-epreuve-cycliste","26":"tag-federation-francaise-de-cyclisme","27":"tag-ffc","28":"tag-flandres","29":"tag-fr","30":"tag-france","31":"tag-live","32":"tag-live-course","33":"tag-live-epreuve","34":"tag-peloton","35":"tag-radio-peloton","36":"tag-radio-tour","37":"tag-ravitaillement","38":"tag-relance","39":"tag-sports","40":"tag-uci","41":"tag-velo","42":"tag-velos"},"share_on_mastodon":{"url":"https:\/\/pubeurope.com\/@fr\/115854740487621403","error":""},"_links":{"self":[{"href":"https:\/\/www.europesays.com\/fr\/wp-json\/wp\/v2\/posts\/647436","targetHints":{"allow":["GET"]}}],"collection":[{"href":"https:\/\/www.europesays.com\/fr\/wp-json\/wp\/v2\/posts"}],"about":[{"href":"https:\/\/www.europesays.com\/fr\/wp-json\/wp\/v2\/types\/post"}],"author":[{"embeddable":true,"href":"https:\/\/www.europesays.com\/fr\/wp-json\/wp\/v2\/users\/2"}],"replies":[{"embeddable":true,"href":"https:\/\/www.europesays.com\/fr\/wp-json\/wp\/v2\/comments?post=647436"}],"version-history":[{"count":0,"href":"https:\/\/www.europesays.com\/fr\/wp-json\/wp\/v2\/posts\/647436\/revisions"}],"wp:featuredmedia":[{"embeddable":true,"href":"https:\/\/www.europesays.com\/fr\/wp-json\/wp\/v2\/media\/647437"}],"wp:attachment":[{"href":"https:\/\/www.europesays.com\/fr\/wp-json\/wp\/v2\/media?parent=647436"}],"wp:term":[{"taxonomy":"category","embeddable":true,"href":"https:\/\/www.europesays.com\/fr\/wp-json\/wp\/v2\/categories?post=647436"},{"taxonomy":"post_tag","embeddable":true,"href":"https:\/\/www.europesays.com\/fr\/wp-json\/wp\/v2\/tags?post=647436"}],"curies":[{"name":"wp","href":"https:\/\/api.w.org\/{rel}","templated":true}]}}