{"id":647438,"date":"2026-01-07T16:23:10","date_gmt":"2026-01-07T16:23:10","guid":{"rendered":"https:\/\/www.europesays.com\/fr\/647438\/"},"modified":"2026-01-07T16:23:10","modified_gmt":"2026-01-07T16:23:10","slug":"stade-rennais-mercato-coup-dur-sur-un-dossier-chaud-kalimuendo-signe-dans-son-nouveau-club","status":"publish","type":"post","link":"https:\/\/www.europesays.com\/fr\/647438\/","title":{"rendered":"Stade Rennais Mercato : coup dur sur un dossier chaud, Kalimuendo signe dans son nouveau club"},"content":{"rendered":"<p><strong>Le Mercato hivernal offre son lot de rebondissements et de d\u00e9ceptions, et le Stade Rennais vient d\u2019en faire l\u2019am\u00e8re exp\u00e9rience. En r\u00eavant de s\u2019offrir Claudio Echeverri, jeune cr\u00e9ateur argentin tr\u00e8s courtis\u00e9, le club breton esp\u00e9rait donner un s\u00e9rieux coup de fouet \u00e0 son milieu de terrain. Mais le joueur de City va filer en Liga. Arnaud Kalimuendo, ancien du SRFC, va quant \u00e0 lui poursuivre sa carri\u00e8re en Bundesliga.<\/strong><\/p>\n<p>Echeverri attendu \u00e0 Girone<\/p>\n<p>Depuis plusieurs semaines, l\u2019\u00e9tat-major du Stade Rennais scrutait les meilleurs profils susceptibles d\u2019apporter de la fra\u00eecheur et du talent \u00e0 son entrejeu. Parmi les noms coch\u00e9s sur la short-list figurait <strong>Claudio Echeverri<\/strong>, un meneur form\u00e9 \u00e0 River Plate, propri\u00e9t\u00e9 de Manchester City depuis janvier dernier, et international U20 argentin.<\/p>\n<p>Offensif, technique et dot\u00e9 d\u2019une belle vista \u00e0 seulement 20 ans, Echeverri incarnait l\u2019option id\u00e9ale pour combler le manque de cr\u00e9ativit\u00e9 point\u00e9 chez les Rouge et Noir. Son arriv\u00e9e aurait marqu\u00e9 un signal fort d\u2019ambition apr\u00e8s une phase aller poussive en Ligue 1, comme \u00e9voqu\u00e9 dans <a href=\"https:\/\/www.butfootballclub.fr\/1636713-stade-rennais-mercato-blas-out-beye-devoile-sur-la-future-star-argentine\/\" target=\"_blank\" rel=\"noopener\">les analyses des vell\u00e9it\u00e9s rennaises autour du prodige argentin<\/a>. Le parcours europ\u00e9en d\u2019Echeverri ne s\u2019est pas d\u00e9roul\u00e9 comme pr\u00e9vu. Pr\u00eat\u00e9 par Manchester City au Bayer Leverkusen \u00e0 l\u2019\u00e9t\u00e9, le joueur esp\u00e9rait franchir un cap en Bundesliga. Mais l\u2019exp\u00e9rience s\u2019est sold\u00e9e par un bilan tr\u00e8s maigre :<\/p>\n<ul class=\"wp-block-list\">\n<li>6 apparitions (15 possibles)<\/li>\n<li>0 but, 0 passe d\u00e9cisive<\/li>\n<li>130 minutes sur la pelouse, soit moins de 10% du temps de jeu<\/li>\n<\/ul>\n<p>Un pr\u00eat rapidement interrompu et un retour sur le march\u00e9, attisant les convoitises de clubs europ\u00e9ens, dont Rennes, <strong>Girona<\/strong>, Villarreal et m\u00eame un int\u00e9r\u00eat de River Plate. Pourtant, la concurrence s\u2019est r\u00e9v\u00e9l\u00e9e trop rude pour les Bretons, comme le montre <a href=\"https:\/\/www.footmercato.net\/a8131156619864228329-mercato-coup-dur-pour-le-stade-rennais\" target=\"_blank\" rel=\"noopener\">le r\u00e9cit des coulisses du dossier Echeverri<\/a>. Malgr\u00e9 l\u2019int\u00e9r\u00eat prononc\u00e9 du Stade Rennais, plusieurs obstacles ont clairement orient\u00e9 le destin d\u2019Echeverri vers l\u2019Espagne. Premi\u00e8rement, le joueur et son entourage privil\u00e9giaient une exp\u00e9rience en Liga, championnat r\u00e9put\u00e9 pour valoriser les jeunes talents cr\u00e9atifs. Deuxi\u00e8mement, la n\u00e9cessit\u00e9 d\u2019une place d\u2019extracommunautaire a conditionn\u00e9 la man\u0153uvre de <strong>Girona<\/strong>, club du groupe City, qui attendait le d\u00e9part d\u2019un joueur pour boucler le transfert. Et la connexion entre Girona et Manchester City a fait pencher la balance, laissant Rennes hors jeu, alors que la volont\u00e9 de ne pas renvoyer Echeverri en Am\u00e9rique du Sud a ferm\u00e9 la porte \u00e0 un retour \u00e0 River Plate.<\/p>\n<p> Kalimuendo \u00e0 Francfort<\/p>\n<p>A noter que, de son c\u00f4t\u00e9, l\u2019ancien buteur du SRFC Arnaud Kalimuendo est \u00e0 Francfort ce mercredi pour passer la visite m\u00e9dicale, selon Sky. Il va \u00eatre pr\u00eat\u00e9 par Nottingham Forest \u00e0 l\u2019Eintracht, avec une option d\u2019achat de l\u2019ordre de 27 M\u20ac.<\/p>\n<blockquote class=\"twitter-tweet\">\n<p lang=\"en\" dir=\"ltr\">\ud83d\udea8\ud83e\ude7a The medical is taking place in Frankfurt TODAY. Everything is going according to plan. The deal was never in danger. \ud83c\uddeb\ud83c\uddf7 <a href=\"https:\/\/t.co\/jJPxLEI9bW\">https:\/\/t.co\/jJPxLEI9bW<\/a><\/p>\n<p>\u2014 Florian Plettenberg (@Plettigoal) <a href=\"https:\/\/twitter.com\/Plettigoal\/status\/2008868805200805933?ref_src=twsrc%5Etfw\" target=\"_blank\" rel=\"noopener\">January 7, 2026<\/a><\/p><\/blockquote>\n<p><script async src=\"https:\/\/platform.twitter.com\/widgets.js\" charset=\"utf-8\"><\/script><\/p>\n","protected":false},"excerpt":{"rendered":"Le Mercato hivernal offre son lot de rebondissements et de d\u00e9ceptions, et le Stade Rennais vient d\u2019en faire&hellip;\n","protected":false},"author":2,"featured_media":647439,"comment_status":"","ping_status":"","sticky":false,"template":"","format":"standard","meta":{"footnotes":""},"categories":[1410],"tags":[63,1011,27,60],"class_list":{"0":"post-647438","1":"post","2":"type-post","3":"status-publish","4":"format-standard","5":"has-post-thumbnail","7":"category-football","8":"tag-football","9":"tag-fr","10":"tag-france","11":"tag-sports"},"share_on_mastodon":{"url":"https:\/\/pubeurope.com\/@fr\/115854744203775533","error":""},"_links":{"self":[{"href":"https:\/\/www.europesays.com\/fr\/wp-json\/wp\/v2\/posts\/647438","targetHints":{"allow":["GET"]}}],"collection":[{"href":"https:\/\/www.europesays.com\/fr\/wp-json\/wp\/v2\/posts"}],"about":[{"href":"https:\/\/www.europesays.com\/fr\/wp-json\/wp\/v2\/types\/post"}],"author":[{"embeddable":true,"href":"https:\/\/www.europesays.com\/fr\/wp-json\/wp\/v2\/users\/2"}],"replies":[{"embeddable":true,"href":"https:\/\/www.europesays.com\/fr\/wp-json\/wp\/v2\/comments?post=647438"}],"version-history":[{"count":0,"href":"https:\/\/www.europesays.com\/fr\/wp-json\/wp\/v2\/posts\/647438\/revisions"}],"wp:featuredmedia":[{"embeddable":true,"href":"https:\/\/www.europesays.com\/fr\/wp-json\/wp\/v2\/media\/647439"}],"wp:attachment":[{"href":"https:\/\/www.europesays.com\/fr\/wp-json\/wp\/v2\/media?parent=647438"}],"wp:term":[{"taxonomy":"category","embeddable":true,"href":"https:\/\/www.europesays.com\/fr\/wp-json\/wp\/v2\/categories?post=647438"},{"taxonomy":"post_tag","embeddable":true,"href":"https:\/\/www.europesays.com\/fr\/wp-json\/wp\/v2\/tags?post=647438"}],"curies":[{"name":"wp","href":"https:\/\/api.w.org\/{rel}","templated":true}]}}