{"id":647442,"date":"2026-01-07T16:25:14","date_gmt":"2026-01-07T16:25:14","guid":{"rendered":"https:\/\/www.europesays.com\/fr\/647442\/"},"modified":"2026-01-07T16:25:14","modified_gmt":"2026-01-07T16:25:14","slug":"ecrasee-pour-etre-extraite-de-la-vitrine-la-couronne-deugenie-fortement-endommagee-lors-du-cambriolage-du-louvre","status":"publish","type":"post","link":"https:\/\/www.europesays.com\/fr\/647442\/","title":{"rendered":"\u00c9cras\u00e9e pour \u00eatre extraite de la vitrine, la couronne d&rsquo;Eug\u00e9nie fortement endommag\u00e9e lors du cambriolage du Louvre"},"content":{"rendered":"<p class=\"mb-4 text-lg md:leading-8 break-words\">La <a href=\"https:\/\/fr.news.yahoo.com\/cambriolage-au-louvre-couronne-limp%C3%A9ratrice-111918129.html\" data-ylk=\"slk:couronne de l&#039;imp\u00e9ratrice Eug\u00e9nie;elm:context_link;itc:0;sec:content-canvas;outcm:mb_qualified_link;_E:mb_qualified_link;ct:story;\" class=\"link  yahoo-link\" target=\"_blank\" rel=\"noopener\">couronne de l&rsquo;imp\u00e9ratrice Eug\u00e9nie<\/a> a\u00a0\u00e9t\u00e9 \u00e9cras\u00e9e et donc fortement endommag\u00e9e lors du cambriolage du Louvre le 19 octobre 2025, a appris BFMTV d&rsquo;une source proche du dossier confirmant une information du <a href=\"https:\/\/www.lefigaro.fr\/culture\/patrimoine\/vol-au-louvre-la-couronne-de-l-imperatrice-eugenie-a-souffert-d-une-deformation-massive-20260106\" rel=\"nofollow noopener\" target=\"_blank\" data-ylk=\"slk:Figaro;elm:context_link;itc:0;sec:content-canvas\" class=\"link \">Figaro<\/a> ce mercredi 7 janvier.<\/p>\n<p class=\"mb-4 text-lg md:leading-8 break-words\">En effet, les cambrioleurs l&rsquo;ont \u00e9cras\u00e9e pour pouvoir l&rsquo;extraire de la vitrine par la fente ouverte \u00e0 la disqueuse.<\/p>\n<p class=\"mb-4 text-lg md:leading-8 break-words\">La procureure de Paris Laure Beccuau indiquait le 21 octobre que le pr\u00e9judice du spectaculaire vol de bijoux avait \u00e9t\u00e9 \u00e9valu\u00e9 par la conservatrice du mus\u00e9e \u00e0 <a href=\"https:\/\/fr.news.yahoo.com\/cambriolage-au-louvre-pr%C3%A9judice-%C3%A9valu%C3%A9-164929513.html\" data-ylk=\"slk:88 millions d&#039;euros;elm:context_link;itc:0;sec:content-canvas;outcm:mb_qualified_link;_E:mb_qualified_link;ct:story;\" class=\"link  yahoo-link\" target=\"_blank\" rel=\"noopener\">88 millions d&rsquo;euros<\/a>, pour son seul volet \u00e9conomique.<\/p>\n<p>Publicit\u00e9<\/p>\n<p>Publicit\u00e9<\/p>\n<p>Publicit\u00e9<\/p>\n<p>Publicit\u00e9<\/p>\n<p class=\"mb-4 text-lg md:leading-8 break-words\">Un casse en quatre minutes chrono. Au total, les voil\u00e0, \u00e0 ce moment-l\u00e0, d\u00e9tenteurs de 8.482 diamants, 35 \u00e9meraudes, 34 saphirs et 212 perles, qui ornaient les huit bijoux qu&rsquo;ils sont parvenus \u00e0 r\u00e9cup\u00e9rer.<\/p>\n<p class=\"mb-4 text-lg md:leading-8 break-words\"><a href=\"https:\/\/www.bfmtv.com\/police-justice\/ecrasee-pour-etre-extraite-de-la-vitrine-la-couronne-d-eugenie-fortement-endommagee-lors-du-cambriolage-du-louvre_AN-202601070490.html#xtor=AL-68\" rel=\"nofollow noopener\" target=\"_blank\" data-ylk=\"slk:Article original publi\u00e9 sur BFMTV.com;elm:context_link;itc:0;sec:content-canvas\" class=\"link \">Article original publi\u00e9 sur BFMTV.com<\/a><\/p>\n","protected":false},"excerpt":{"rendered":"La couronne de l&rsquo;imp\u00e9ratrice Eug\u00e9nie a\u00a0\u00e9t\u00e9 \u00e9cras\u00e9e et donc fortement endommag\u00e9e lors du cambriolage du Louvre le 19&hellip;\n","protected":false},"author":2,"featured_media":647443,"comment_status":"","ping_status":"","sticky":false,"template":"","format":"standard","meta":{"footnotes":""},"categories":[1358],"tags":[1348,1384,1385,1386,58,59,638,1011,27,33238,11274],"class_list":{"0":"post-647442","1":"post","2":"type-post","3":"status-publish","4":"format-standard","5":"has-post-thumbnail","7":"category-arts-et-design","8":"tag-arts","9":"tag-arts-and-design","10":"tag-arts-et-design","11":"tag-design","12":"tag-divertissement","13":"tag-entertainment","14":"tag-figaro","15":"tag-fr","16":"tag-france","17":"tag-laure-beccuau","18":"tag-louvre"},"share_on_mastodon":{"url":"https:\/\/pubeurope.com\/@fr\/115854751979275936","error":""},"_links":{"self":[{"href":"https:\/\/www.europesays.com\/fr\/wp-json\/wp\/v2\/posts\/647442","targetHints":{"allow":["GET"]}}],"collection":[{"href":"https:\/\/www.europesays.com\/fr\/wp-json\/wp\/v2\/posts"}],"about":[{"href":"https:\/\/www.europesays.com\/fr\/wp-json\/wp\/v2\/types\/post"}],"author":[{"embeddable":true,"href":"https:\/\/www.europesays.com\/fr\/wp-json\/wp\/v2\/users\/2"}],"replies":[{"embeddable":true,"href":"https:\/\/www.europesays.com\/fr\/wp-json\/wp\/v2\/comments?post=647442"}],"version-history":[{"count":0,"href":"https:\/\/www.europesays.com\/fr\/wp-json\/wp\/v2\/posts\/647442\/revisions"}],"wp:featuredmedia":[{"embeddable":true,"href":"https:\/\/www.europesays.com\/fr\/wp-json\/wp\/v2\/media\/647443"}],"wp:attachment":[{"href":"https:\/\/www.europesays.com\/fr\/wp-json\/wp\/v2\/media?parent=647442"}],"wp:term":[{"taxonomy":"category","embeddable":true,"href":"https:\/\/www.europesays.com\/fr\/wp-json\/wp\/v2\/categories?post=647442"},{"taxonomy":"post_tag","embeddable":true,"href":"https:\/\/www.europesays.com\/fr\/wp-json\/wp\/v2\/tags?post=647442"}],"curies":[{"name":"wp","href":"https:\/\/api.w.org\/{rel}","templated":true}]}}