{"id":647444,"date":"2026-01-07T16:27:10","date_gmt":"2026-01-07T16:27:10","guid":{"rendered":"https:\/\/www.europesays.com\/fr\/647444\/"},"modified":"2026-01-07T16:27:10","modified_gmt":"2026-01-07T16:27:10","slug":"je-me-casse-philippe-etchebest-quitte-le-tournage-de-cauchemar-en-cuisine-apres-un-clash-explosif","status":"publish","type":"post","link":"https:\/\/www.europesays.com\/fr\/647444\/","title":{"rendered":"\u00ab\u00a0Je me casse\u00a0\u00bb : Philippe Etchebest quitte le tournage de Cauchemar en cuisine apr\u00e8s un clash explosif"},"content":{"rendered":"<p>Rares sont les \u00e9pisodes de Cauchemar en cuisine o\u00f9 le<br \/>\nchef garde ses distances. Dans l\u2019in\u00e9dit diffus\u00e9 le lundi 5 janvier<br \/>\n2026 \u00e0 21 h 10 sur M6, \u00e0 Beussent, dans le Pas-de-Calais,<br \/>\n<strong>Philippe Etchebest<\/strong> a fini par quitter le tournage<br \/>\ndu restaurant La Bonne Table, tenu par le couple de restaurateurs<br \/>\nBetty et Romain. La soir\u00e9e, cens\u00e9e redresser un \u00e9tablissement en<br \/>\ngrande difficult\u00e9, a pris une tournure inattendue.<\/p>\n<p>La tension a explos\u00e9 quand Betty a critiqu\u00e9 l\u2019attitude du chef<br \/>\nen plein service, devant une table de clients, en affirmant que ce<br \/>\nqui se passe devant les cam\u00e9ras n\u2019a rien \u00e0 voir avec le quotidien<br \/>\ndu restaurant. Une phrase l\u00e2ch\u00e9e sous pression, \u00ab\u00a0Ce qu\u2019on voit \u00e0 la<br \/>\nt\u00e9l\u00e9 et ce qu\u2019on voit en vrai, c\u2019est diff\u00e9rent. Il faut le dire. Il<br \/>\nnous fait tra\u00eener en cuisine. J\u2019ai l\u2019impression qu\u2019il cherche \u00e0<br \/>\nnous faire foirer le service. Je ne sais pas pourquoi\u00a0\u00bb, a<br \/>\ncristallis\u00e9 le malaise.<\/p>\n<p>Un service chaotique pour Philippe Etchebest \u00e0 Beussent<\/p>\n<p>D\u00e8s son arriv\u00e9e \u00e0 Beussent, dans le Nord, le jur\u00e9 de Top<br \/>\nChef d\u00e9couvre un restaurant en grande difficult\u00e9 : hygi\u00e8ne<br \/>\nperfectible, cuisine d\u00e9sorganis\u00e9e, salle mal pr\u00e9par\u00e9e. La Bonne<br \/>\nTable, reprise par Betty et Romain, peine \u00e0 attirer et \u00e0 fid\u00e9liser<br \/>\nla client\u00e8le. Le soir du tournage, la pr\u00e9sence des cam\u00e9ras ajoute<br \/>\nune pression suppl\u00e9mentaire \u00e0 une \u00e9quipe d\u00e9j\u00e0 d\u00e9bord\u00e9e.<\/p>\n<p>Le service part vite en vrille. Les commandes se m\u00e9langent, les<br \/>\nassiettes arrivent en retard, certaines tables re\u00e7oivent deux fois<br \/>\nla m\u00eame entr\u00e9e quand d\u2019autres ne sont toujours pas servies. Les<br \/>\nallers-retours de l\u2019\u00e9quipe de tournage, les explications demand\u00e9es<br \/>\nau chef et aux restaurateurs, les changements de rythme impos\u00e9s par<br \/>\nl\u2019\u00e9mission nourrissent ce sentiment de confusion que Betty finit<br \/>\npar verbaliser devant ses clients.<\/p>\n<p>La phrase de Betty sur la t\u00e9l\u00e9 qui met le feu aux poudres<\/p>\n<p>En cherchant \u00e0 justifier les attentes interminables, la<br \/>\nrestauratrice met clairement en cause le dispositif de l\u2019\u00e9mission<br \/>\net le comportement de <strong>Philippe Etchebest<\/strong>. Elle<br \/>\nl\u00e2che alors : \u00ab\u00a0Ce qu\u2019on voit \u00e0 la t\u00e9l\u00e9 et ce qu\u2019on voit en vrai,<br \/>\nc\u2019est diff\u00e9rent. Il faut le dire. Il nous fait tra\u00eener en cuisine.<br \/>\nJ\u2019ai l\u2019impression qu\u2019il cherche \u00e0 nous faire foirer le service. Je<br \/>\nne sais pas pourquoi\u00a0\u00bb, a reproch\u00e9 Betty dans l\u2019\u00e9pisode diffus\u00e9 sur<br \/>\nM6. Une sortie que le chef entend depuis la salle.<\/p>\n<p>Piqu\u00e9 au vif, il la fait imm\u00e9diatement appeler : \u00ab\u00a0Betty, viens<br \/>\nvoir ici. Je t\u2019\u00e9coute, qu\u2019est-ce que tu as dit \u00e0 cette table ?<br \/>\nPourquoi le service va mal ?\u00a0\u00bb, demande-t-il, visiblement furieux.<br \/>\nBetty tente de se d\u00e9fendre : \u00ab\u00a0Habituellement, \u00e7a ne se passe pas<br \/>\ncomme \u00e7a. J\u2019ai l\u2019impression qu\u2019on essaye de foirer le service [\u2026].<br \/>\nCe n\u2019est pas que \u00e0 cause de vous, mais un peu en partie. C\u2019est vrai<br \/>\nque l\u00e0, tout a \u00e9t\u00e9 chamboul\u00e9.\u00a0\u00bb Le chef r\u00e9plique alors s\u00e8chement :<br \/>\n\u00ab\u00a0Tu rigoles ou quoi ? Vous n\u2019\u00eates pas foutus d\u2019envoyer des tables<br \/>\ncorrectement. Vous envoyez deux fois les entr\u00e9es \u00e0 la m\u00eame table,<br \/>\nil y en a qui ne sont pas servis, c\u2019est n\u2019importe quoi\u00a0\u00bb.<\/p>\n<p>Un d\u00e9part rare dans Cauchemar en<br \/>\ncuisine avant des excuses<\/p>\n<p>La discussion s\u2019enlise. Betty insiste : \u00ab\u00a0Ce n\u2019est pas un service<br \/>\ncomme d\u2019habitude. Habituellement\u2026\u00a0\u00bb, avant d\u2019\u00eatre coup\u00e9e net.<br \/>\n\u00ab\u00a0Habituellement ? Tu as trois couverts habituellement, qu\u2019est-ce<br \/>\nque tu me saoules ?\u00a0\u00bb, tranche <strong>Philippe Etchebest<\/strong>,<br \/>\nexc\u00e9d\u00e9. Estimant faire face \u00e0 \u00ab\u00a0des gens de mauvaise volont\u00e9 et de<br \/>\nmauvaise foi\u00a0\u00bb, le chef annonce alors son d\u00e9part : \u00ab\u00a0Je me casse. Je<br \/>\nn\u2019ai rien \u00e0 faire l\u00e0 [\u2026]. Je suis venu pour les aider. Mais les<br \/>\ngens de mauvaise volont\u00e9 et de mauvaise foi comme \u00e7a, moi, je ne<br \/>\npeux pas. Allez, on remballe. On se casse\u00a0\u00bb. Il quitte le restaurant<br \/>\navec l\u2019\u00e9quipe, une sc\u00e8ne tr\u00e8s rare dans l\u2019histoire de<br \/>\n<strong>Cauchemar en cuisine<\/strong>. Le lendemain, conscients<br \/>\nd\u2019avoir franchi une ligne, Betty et Romain recontactent le chef<br \/>\npour lui pr\u00e9senter leurs excuses et le convaincre de revenir<br \/>\npoursuivre son accompagnement, preuve que, loin du montage t\u00e9l\u00e9,<br \/>\nles \u00e9changes continuent une fois les cam\u00e9ras rang\u00e9es.<\/p>\n","protected":false},"excerpt":{"rendered":"Rares sont les \u00e9pisodes de Cauchemar en cuisine o\u00f9 le chef garde ses distances. Dans l\u2019in\u00e9dit diffus\u00e9 le&hellip;\n","protected":false},"author":2,"featured_media":647445,"comment_status":"","ping_status":"","sticky":false,"template":"","format":"standard","meta":{"footnotes":""},"categories":[1356],"tags":[930,150,10408,9421,12232,902,1805,58,3026,59,75283,27324,1011,27,757,73459,6284,19080,252,6265,1364,9066],"class_list":{"0":"post-647444","1":"post","2":"type-post","3":"status-publish","4":"format-standard","5":"has-post-thumbnail","7":"category-television","8":"tag-le","9":"tag-apres","10":"tag-casse","11":"tag-cauchemar","12":"tag-clash","13":"tag-cuisine","14":"tag-de","15":"tag-divertissement","16":"tag-en","17":"tag-entertainment","18":"tag-etchebest","19":"tag-explosif","20":"tag-fr","21":"tag-france","22":"tag-je","23":"tag-me","24":"tag-philippe","25":"tag-quitte","26":"tag-television","27":"tag-tournage","28":"tag-tv","29":"tag-un"},"share_on_mastodon":{"url":"https:\/\/pubeurope.com\/@fr\/115854759926125240","error":""},"_links":{"self":[{"href":"https:\/\/www.europesays.com\/fr\/wp-json\/wp\/v2\/posts\/647444","targetHints":{"allow":["GET"]}}],"collection":[{"href":"https:\/\/www.europesays.com\/fr\/wp-json\/wp\/v2\/posts"}],"about":[{"href":"https:\/\/www.europesays.com\/fr\/wp-json\/wp\/v2\/types\/post"}],"author":[{"embeddable":true,"href":"https:\/\/www.europesays.com\/fr\/wp-json\/wp\/v2\/users\/2"}],"replies":[{"embeddable":true,"href":"https:\/\/www.europesays.com\/fr\/wp-json\/wp\/v2\/comments?post=647444"}],"version-history":[{"count":0,"href":"https:\/\/www.europesays.com\/fr\/wp-json\/wp\/v2\/posts\/647444\/revisions"}],"wp:featuredmedia":[{"embeddable":true,"href":"https:\/\/www.europesays.com\/fr\/wp-json\/wp\/v2\/media\/647445"}],"wp:attachment":[{"href":"https:\/\/www.europesays.com\/fr\/wp-json\/wp\/v2\/media?parent=647444"}],"wp:term":[{"taxonomy":"category","embeddable":true,"href":"https:\/\/www.europesays.com\/fr\/wp-json\/wp\/v2\/categories?post=647444"},{"taxonomy":"post_tag","embeddable":true,"href":"https:\/\/www.europesays.com\/fr\/wp-json\/wp\/v2\/tags?post=647444"}],"curies":[{"name":"wp","href":"https:\/\/api.w.org\/{rel}","templated":true}]}}